{"id":31742,"date":"2024-09-02T12:23:00","date_gmt":"2024-09-02T09:23:00","guid":{"rendered":"http:\/\/akdenizolaygazetesi.com\/?p=31742"},"modified":"2024-09-02T12:23:00","modified_gmt":"2024-09-02T09:23:00","slug":"buyuksehirle-eylul-ayi-spor-ayi-olacak","status":"publish","type":"post","link":"https:\/\/akdenizolaygazetesi.com\/?p=31742","title":{"rendered":"B\u00dcY\u00dcK\u015eEH\u0130R&#8217;LE EYL\u00dcL AYI SPOR AYI OLACAK"},"content":{"rendered":"<p>Son 5 y\u0131ld\u0131r ger\u00e7ekle\u015ftirdi\u011fi maratonlar, yar\u0131\u015fmalar ve turnuvalarla Mersin\u2019in spor kenti olarak daha \u00e7ok an\u0131lmas\u0131n\u0131 sa\u011flayan Mersin B\u00fcy\u00fck\u015fehir Belediyesi, Eyl\u00fcl ay\u0131n\u0131n da spor dolu ge\u00e7mesini sa\u011flayacak. Gen\u00e7lik ve Spor Hizmetleri Dairesi Ba\u015fkanl\u0131\u011f\u0131 \u00f6nc\u00fcl\u00fc\u011f\u00fcnde d\u00fczenlenecek olan uluslararas\u0131 organizasyonlar aras\u0131nda Pro Beach Plaj Voleybolu, Uluslararas\u0131 Bri\u00e7 Turnuvas\u0131 ile Kilikya Ultra Maratonu yer al\u0131yor. <\/p>\n<p>Son 5 y\u0131ld\u0131r ger\u00e7ekle\u015ftirdi\u011fi maratonlar, yar\u0131\u015fmalar ve turnuvalarla Mersin\u2019in sportif bir kent olarak daha \u00e7ok an\u0131lmas\u0131n\u0131 sa\u011flayan Mersin B\u00fcy\u00fck\u015fehir Belediyesi, Eyl\u00fcl ay\u0131n\u0131n da spor dolu ge\u00e7mesini sa\u011flayacak. D\u00fcnyan\u0131n farkl\u0131 \u00fclkelerinden ve T\u00fcrkiye\u2019nin farkl\u0131 \u015fehirlerinden elit sporcular\u0131n yar\u0131\u015fmalar i\u00e7in tercih etti\u011fi bir kent olan Mersin, Eyl\u00fcl ay\u0131nda yine binlerce sporcuyu a\u011f\u0131rlayaca\u011f\u0131 sportif organizasyonlar i\u00e7in haz\u0131r. Gen\u00e7lik ve Spor Hizmetleri Dairesi Ba\u015fkanl\u0131\u011f\u0131 \u00f6nc\u00fcl\u00fc\u011f\u00fcnde d\u00fczenlenecek olan uluslararas\u0131 organizasyonlar aras\u0131nda Pro Beach Plaj Voleybolu, Uluslararas\u0131 Bri\u00e7 Turnuvas\u0131 ile Kilikya Ultra Maratonu yer al\u0131yor. <\/p>\n<p>Eyl\u00fcl ay\u0131n\u0131n ilk organizasyonu plaj voleybolu olacak<br \/>\nPro Beach Tour\u2019un her y\u0131l d\u00fczenlenen T\u00fcrkiye Serisi\u2019nde yer alan Mersin, yine plaj voleyboluna ev sahipli\u011fi yapacak. 6-7-8 Eyl\u00fcl tarihlerinde yap\u0131lacak Bioderma Probeach Plaj Voleybolu Mersin Etab\u0131 ile K\u0131zkalesi sahili voleybolla renklenecek.<\/p>\n<p>Gen\u00e7lik ve Spor Hizmetleri Dairesi Ba\u015fkanl\u0131\u011f\u0131 ile Mersin Bri\u00e7 Spor Kul\u00fcb\u00fc i\u015f birli\u011finde d\u00fczenlenecek olan 38. Uluslararas\u0131 Bri\u00e7 Festivali ise 18-22 Eyl\u00fcl tarihleri aras\u0131nda, Yeni\u015fehir Atat\u00fcrk K\u00fclt\u00fcr Merkezi\u2019nde ger\u00e7ekle\u015fecek. <\/p>\n<p>Kilikya Ultra Maratonu ile yine tarih ve spor konu\u015fulacak<br \/>\nBu y\u0131l 29 Eyl\u00fcl\u2019de 3.\u2019s\u00fc yap\u0131lacak olan Kilikya Ultra Maratonu ile yine Mersin\u2019de tarih ve spor ayn\u0131 anda konu\u015fulacak. T\u00fcrkiye Atletizm Federasyonu\u2019nun 2024 faaliyet program\u0131nda yer alan maraton i\u00e7in kay\u0131tlar ba\u015flad\u0131. K\u0131zkalesi\u2019nde yap\u0131lacak olan ve sadece internet \u00fczerinden kay\u0131tlar\u0131n al\u0131nd\u0131\u011f\u0131 maraton i\u00e7in son ba\u015fvuru tarihi 23 Eyl\u00fcl. <\/p>\n<p>8K, 15K, 33K, 33K Tak\u0131m ve 56K olmak \u00fczere 5 farkl\u0131 kategoride yap\u0131lacak Kilikya Ultra Maratonu i\u00e7in gelen sporcular, tarihin i\u00e7inde yar\u0131\u015facak. Erdemli il\u00e7esinde yap\u0131lacak olan yar\u0131\u015fmada sporcular; k\u00fclt\u00fcr, do\u011fa ve spor turizminin birlikteli\u011fi ile sahilden tepelere, oradan da \u015fehrin tarihi dokular\u0131 aras\u0131ndan ge\u00e7erek k\u00f6ylere kadar ula\u015fan, limon ve portakal kokusu ile Mersin\u2019in tarihi noktalar\u0131n\u0131 tan\u0131yabilecek. Sporcular ve merakl\u0131lar\u0131 i\u00e7in bilgi https:\/\/mbbspor.org\/ adresi \u00fczerinden al\u0131nabilecek.<\/p>\n<p>Ta\u015fk\u0131n: \u201c8 b\u00fcy\u00fck organizasyonun 3\u2019\u00fcn\u00fc Eyl\u00fcl ay\u0131 i\u00e7erisinde yap\u0131yoruz\u201d<br \/>\nGen\u00e7lik ve Spor Hizmetleri Dairesi Ba\u015fkan\u0131 Emrullah Ta\u015fk\u0131n, Eyl\u00fcl ay\u0131nda yap\u0131lacak organizasyonlarla ilgili bilgi verdi. Yap\u0131lacak olan organizasyonlar\u0131n uluslararas\u0131 boyutta oldu\u011funu s\u00f6zlerine belirten Ta\u015fk\u0131n, \u201cMersin B\u00fcy\u00fck\u015fehir Belediyesi olarak, \u00e7ok b\u00fcy\u00fck spor organizasyonlar\u0131 yap\u0131yoruz. Bir y\u0131l i\u00e7erisinde 8 tane uluslararas\u0131 organizasyonumuz var ki, bunlar\u0131n pek \u00e7o\u011fu d\u00fcnya \u00e7ap\u0131nda ve uluslararas\u0131 federasyonlar\u0131n takvimlerinde olan organizasyonlar. 8 b\u00fcy\u00fck organizasyonun 3 tanesini Eyl\u00fcl ay\u0131 i\u00e7erisinde yap\u0131yoruz\u201d dedi.<\/p>\n<p>Eyl\u00fcl ay\u0131 organizasyonlar\u0131n\u0131 s\u0131ralayan Ta\u015fk\u0131n, \u201c6-8 Eyl\u00fcl aras\u0131 K\u0131zkalesi\u2019nde yapaca\u011f\u0131m\u0131z Pro Beach Plaj Voleybolu var. Bu y\u0131l rekor say\u0131da bir kat\u0131l\u0131m bekliyoruz. \u015eu ana kadar 38 tak\u0131m m\u00fcracaat etti. M\u00fcracaatlar halen devam ediyor. G\u00fczel bir organizasyon olacak. Daha sonra 18-22 Eyl\u00fcl\u2019de Atat\u00fcrk K\u00fclt\u00fcr Merkezi\u2019nde yap\u0131lacak Uluslararas\u0131 Bri\u00e7 Festivalimiz var. Bu da y\u0131llard\u0131r gelenekselle\u015fmi\u015f uluslararas\u0131 bir organizasyon. D\u00fcnyan\u0131n say\u0131l\u0131 bri\u00e7 oyuncular\u0131n\u0131n kat\u0131ld\u0131\u011f\u0131 bir organizasyon. 29 Eyl\u00fcl\u2019de ise Kilikya Ultra Maratonumuz var. Ge\u00e7en sene 576 kat\u0131l\u0131mc\u0131 vard\u0131. Bu y\u0131l 750 civar\u0131 kat\u0131l\u0131mc\u0131 bekliyoruz. Orada kay\u0131tlar\u0131 durdurmay\u0131 planl\u0131yoruz. Tarihi yerlerden, Mersin\u2019in do\u011fal g\u00fczelliklerinden ge\u00e7ilen \u00e7ok g\u00fczel bir organizasyon. Mersin\u2019de yaz aylar\u0131n\u0131n s\u0131cak olmas\u0131 dolay\u0131s\u0131yla, organizasyonlar\u0131 sezonun kapan\u0131\u015f\u0131na do\u011fru ald\u0131k. Hem kat\u0131l\u0131mc\u0131 olarak, hem seyirci olarak b\u00fct\u00fcn Mersinlileri bekliyoruz\u201d diye konu\u015ftu. <\/p>\n<p>Ta\u015fk\u0131n son olarak, bilgi almak isteyen vatanda\u015flar\u0131n, Mersin B\u00fcy\u00fck\u015fehir Belediyesi\u2019nin sosyal medya hesaplar\u0131n\u0131 ve mbbspor.org sayfas\u0131n\u0131 takip etmelerini \u00f6nerdi.<\/p>\n","protected":false},"excerpt":{"rendered":"<p>Son 5 y\u0131ld\u0131r ger\u00e7ekle\u015ftirdi\u011fi maratonlar, yar\u0131\u015fmalar ve turnuvalarla Mersin\u2019in spor kenti olarak daha \u00e7ok an\u0131lmas\u0131n\u0131 sa\u011flayan Mersin B\u00fcy\u00fck\u015fehir Belediyesi, Eyl\u00fcl ay\u0131n\u0131n da spor dolu ge\u00e7mesini sa\u011flayacak. Gen\u00e7lik ve Spor Hizmetleri &hellip; <a href=\"https:\/\/akdenizolaygazetesi.com\/?p=31742\" class=\"more-link\">Devam\u0131n\u0131 Oku&#8230;<\/a><\/p>\n","protected":false},"author":2,"featured_media":31743,"comment_status":"open","ping_status":"open","sticky":false,"template":"","format":"standard","meta":[],"categories":[1,2,3],"tags":[],"_links":{"self":[{"href":"https:\/\/akdenizolaygazetesi.com\/index.php?rest_route=\/wp\/v2\/posts\/31742"}],"collection":[{"href":"https:\/\/akdenizolaygazetesi.com\/index.php?rest_route=\/wp\/v2\/posts"}],"about":[{"href":"https:\/\/akdenizolaygazetesi.com\/index.php?rest_route=\/wp\/v2\/types\/post"}],"author":[{"embeddable":true,"href":"https:\/\/akdenizolaygazetesi.com\/index.php?rest_route=\/wp\/v2\/users\/2"}],"replies":[{"embeddable":true,"href":"https:\/\/akdenizolaygazetesi.com\/index.php?rest_route=%2Fwp%2Fv2%2Fcomments&post=31742"}],"version-history":[{"count":1,"href":"https:\/\/akdenizolaygazetesi.com\/index.php?rest_route=\/wp\/v2\/posts\/31742\/revisions"}],"predecessor-version":[{"id":31744,"href":"https:\/\/akdenizolaygazetesi.com\/index.php?rest_route=\/wp\/v2\/posts\/31742\/revisions\/31744"}],"wp:featuredmedia":[{"embeddable":true,"href":"https:\/\/akdenizolaygazetesi.com\/index.php?rest_route=\/wp\/v2\/media\/31743"}],"wp:attachment":[{"href":"https:\/\/akdenizolaygazetesi.com\/index.php?rest_route=%2Fwp%2Fv2%2Fmedia&parent=31742"}],"wp:term":[{"taxonomy":"category","embeddable":true,"href":"https:\/\/akdenizolaygazetesi.com\/index.php?rest_route=%2Fwp%2Fv2%2Fcategories&post=31742"},{"taxonomy":"post_tag","embeddable":true,"href":"https:\/\/akdenizolaygazetesi.com\/index.php?rest_route=%2Fwp%2Fv2%2Ftags&post=31742"}],"curies":[{"name":"wp","href":"https:\/\/api.w.org\/{rel}","templated":true}]}}