{"id":31748,"date":"2024-09-02T12:26:17","date_gmt":"2024-09-02T09:26:17","guid":{"rendered":"http:\/\/akdenizolaygazetesi.com\/?p=31748"},"modified":"2024-09-02T12:26:17","modified_gmt":"2024-09-02T09:26:17","slug":"ozdemir-adalet-beklentisine-cevap-vermek-hepimizin-sorumlulugudur","status":"publish","type":"post","link":"https:\/\/akdenizolaygazetesi.com\/?p=31748","title":{"rendered":"\u00d6ZDEM\u0130R: &#8220;ADALET BEKLENT\u0130S\u0130NE CEVAP VERMEK, HEP\u0130M\u0130Z\u0130N SORUMLULU\u011eUDUR&#8221;"},"content":{"rendered":"<p>Mersin Barosu, 2024-2025 adli y\u0131l a\u00e7\u0131l\u0131\u015f\u0131 nedeniyle t\u00f6ren d\u00fczenledi. T\u00fcrkiye Barolar Birli\u011fi ile 81 ilin barosunun ortak a\u00e7\u0131klamas\u0131n\u0131 okuyan Mersin Barosu Ba\u015fkan\u0131 Av. Gazi \u00d6zdemir yarg\u0131 ve avukatl\u0131k mesle\u011finin sorunlar\u0131na de\u011finerek, &#8220;Yeni adli y\u0131lda da hukukun \u00fcst\u00fcnl\u00fc\u011f\u00fcn\u00fc, ba\u011f\u0131ms\u0131z yarg\u0131y\u0131 ve mesle\u011fimizi savunmaya devam edece\u011fiz. Sosyal kurumlar\u0131n birinci erdemi olan adalet beklentisine cevap vermek, hepimizin sorumlulu\u011fudur. Talebimiz topyek\u00fbn adalettir&#8221; dedi.<\/p>\n<p>ADALET BEKLENT\u0130S\u0130NE CEVAP VERMEK, HEP\u0130M\u0130Z\u0130N SORUMLULU\u011eUDUR<\/p>\n<p>Mersin Cumhuriyet Alan\u0131&#8217;nda d\u00fczenlenen t\u00f6rene Mersin Barosu Ba\u015fkan\u0131 Av. Gazi \u00d6zdemir, baro y\u00f6netim kurulu \u00fcyeleri, \u00f6nceki d\u00f6nem CHP Mersin Milletvekili Av. Alpay Antmen, avukatlar ve stajyer avukatlar kat\u0131ld\u0131. Baro Ba\u015fkan\u0131 Av. Gazi Gazi \u00d6zdemir&#8217;in Atat\u00fcrk An\u0131t\u0131&#8217;na \u00e7elenk sunmas\u0131n\u0131 ile ba\u015flayan t\u00f6rende, sayg\u0131 duru\u015funda bulunuldu ve \u0130stiklal Mar\u015f\u0131 okundu.<\/p>\n<p>T\u00fcrkiye Barolar Birli\u011fi ve 81 ilin barosunun ortak a\u00e7\u0131klamas\u0131n\u0131 okuyan \u00d6zdemir, &#8220;2024-2025 Adli y\u0131l\u0131n\u0131, yarg\u0131 sistemimizin ve avukatl\u0131k mesle\u011fimizin sorunlar\u0131n\u0131 dile getirmek zorunda kalarak de\u011fil, yurtta\u015flar\u0131n adaletin sa\u011flanaca\u011f\u0131na g\u00fcven duyabilecekleri bir hukuk sisteminin unsurlar\u0131n\u0131 hep birlikte in\u015fa edebilmenin heyecan\u0131yla kar\u015f\u0131lamak istediklerini belirterek, &#8220;\u00c7\u00fcnk\u00fc biliyoruz ki, sosyal kurumlar\u0131n birinci erdemi olan adalet beklentisine cevap vermek, hepimizin sorumlulu\u011fudur. T\u00fcrkiye Barolar Birli\u011fi ve barolar olarak, bug\u00fcne kadar bir yandan mesle\u011fimizin a\u011f\u0131r sorunlar\u0131na \u00e7\u00f6z\u00fcm aramak i\u00e7in m\u00fccadele ederken, \u00f6te yandan insan hakk\u0131 ihlallerine kar\u015f\u0131 onurlu ya\u015fam hakk\u0131ndan, ola\u011fan\u00fcst\u00fc mahkemelere kar\u015f\u0131 ba\u011f\u0131ms\u0131z mahkemelerden, keyfili\u011fe kar\u015f\u0131 liyakatten, cezas\u0131zl\u0131\u011fa kar\u015f\u0131 kanun \u00f6n\u00fcnde e\u015fitlikten, darbe ve darbe giri\u015fimlerine kar\u015f\u0131 demokrasiden, \u015fiddete kar\u015f\u0131 ma\u011fdurdan, bask\u0131 ve engellemelere kar\u015f\u0131 \u00f6zg\u00fcrl\u00fckten yana olduk. Demokrasinin en \u00f6nemli unsuru olarak se\u00e7menin iradesine sayg\u0131 duyulmas\u0131n\u0131, hukukun \u00fcst\u00fcnl\u00fc\u011f\u00fcn\u00fc, yarg\u0131 ba\u011f\u0131ms\u0131zl\u0131\u011f\u0131n\u0131, anayasal d\u00fczenin de bir gere\u011fi olarak AYM kararlar\u0131na uygun hareket edilmesini savunduk.<\/p>\n<p>&#8220;G\u00dcC\u00dcM\u00dcZ\u00dc HUKUKTAN ALDIK&#8221;<\/p>\n<p>Nereden geldi\u011fine bakmaks\u0131z\u0131n her t\u00fcrl\u00fc ter\u00f6r eyleminin ve insanl\u0131\u011fa kar\u015f\u0131 i\u015flenen t\u00fcm su\u00e7lar\u0131n kar\u015f\u0131s\u0131nda yer al\u0131rken g\u00fcc\u00fcm\u00fcz\u00fc hukuktan ald\u0131k. Hi\u00e7bir ma\u011fdurun kimli\u011fini sorgulamad\u0131k ve adalet arayan her yurtta\u015f\u0131m\u0131z\u0131n ve gerekti\u011finde uluslaras\u0131 arenada mazlum halklar\u0131n sesi olduk. Ortak dilimiz olan hukuk sayesinde evrensel de\u011ferlere ayn\u0131 hassasiyetle, b\u00f6l\u00fcnmeden, par\u00e7alanmadan sahip \u00e7\u0131kt\u0131k.<\/p>\n<p>Hukuk, adalete y\u00f6nelmi\u015f bir toplumsal ya\u015fama d\u00fczenidir; dolay\u0131s\u0131yla talebimiz, topyek\u00fbn adalettir. Bunu sa\u011flaman\u0131n \u00f6d\u00fcl\u00fc ise toplumda adalete olan g\u00fcven duygusunun artmas\u0131, yurtta\u015fl\u0131k bilincinin yerle\u015fmesi, su\u00e7un azalmas\u0131, toplumsal bar\u0131\u015f\u0131n ve refah\u0131n y\u00fckselmesidir. Adaletin sa\u011flanmas\u0131 i\u00e7in adil yarg\u0131lanma, adil yarg\u0131lanma i\u00e7inse ba\u011f\u0131ms\u0131z yarg\u0131 ve etkili kullan\u0131labilecek bir savunma hakk\u0131 \u015fartt\u0131r. Savunma aya\u011f\u0131 eksik veya g\u00fc\u00e7s\u00fcz b\u0131rak\u0131larak adalet tesis edilemez. Savunma hakk\u0131n\u0131n temsilcisi olan avukatl\u0131k mesle\u011finin sorunlar\u0131 \u00e7\u00f6z\u00fclmeden yurtta\u015flar\u0131n adalet talebine kar\u015f\u0131l\u0131k verebilmek m\u00fcmk\u00fcn de\u011fildir&#8221; ifadesini kulland\u0131.<\/p>\n<p>&#8220;HUKUKUN \u00dcST\u00dcNL\u00dc\u011e\u00dcN\u00dc, \u0130NSAN HAK VE \u00d6ZG\u00dcRL\u00dcKLER\u0130N\u0130 SAVUNMAYA DEVAM EDECE\u011e\u0130Z&#8221;<\/p>\n<p>Avukatl\u0131k mesle\u011finin sorunlar\u0131n\u0131 ve \u00e7\u00f6z\u00fcmlerini dile getiren Baro Ba\u015fkan\u0131 \u00d6zdemir, &#8220;\u00d6nemle ve alt\u0131n\u0131 \u00e7izerek ifade etmek isteriz ki,<\/p>\n<p>\u2022Diploma makinas\u0131 h\u00e2line gelen hukuk fak\u00fcltelerine \u00f6nlem al\u0131nmadan,<\/p>\n<p>\u2022Stajyer Avukatlar\u0131n Hakim Savc\u0131 Yard\u0131mc\u0131lar\u0131 gibi devletten \u00fccret alarak staj s\u00fcre\u00e7lerini verimli ge\u00e7irmeleri sa\u011flanmadan,<\/p>\n<p>\u2022\u00d6nleyici avukatl\u0131k modelinin geli\u015ftirilerek meslek alanlar\u0131n\u0131 geni\u015fletecek yasal d\u00fczenleme yap\u0131lmadan,<\/p>\n<p>\u2022Kamu avukatlar\u0131n\u0131n \u00f6zl\u00fck haklar\u0131 mesle\u011fin onuruna uygun olacak \u015fekilde d\u00fczenlenmeden,<\/p>\n<p>\u2022Ba\u011fl\u0131 \u00e7al\u0131\u015fan avukatlar\u0131n haklar\u0131 bak\u0131m\u0131ndan d\u00fczenleme yap\u0131lmadan,<\/p>\n<p>\u2022CMK \u00dccret Tarifesi mesle\u011fin onuruna uygun olacak \u015fekilde belirlenmeden,<\/p>\n<p>\u2022Yarg\u0131 faaliyetlerinde KDV oran\u0131 d\u00fc\u015f\u00fcr\u00fclmeden, CMK ve Adli Yard\u0131m sisteminde ise tamamen kald\u0131r\u0131lmadan,<\/p>\n<p>\u2022Avukatlar\u0131n di\u011fer yarg\u0131 g\u00f6revlileri ile emeklilikte ya\u015fad\u0131\u011f\u0131 a\u011f\u0131r e\u015fitsizlik ortadan kald\u0131r\u0131lmadan,<\/p>\n<p>\u2022Avukata d\u00f6n\u00fck \u015fiddet vakalar\u0131n\u0131n \u00f6nlenebilmesi ve cayd\u0131r\u0131c\u0131l\u0131k bak\u0131m\u0131ndan yasal d\u00fczenlemeler yap\u0131lmadan, savunma hakk\u0131n\u0131n etkin kullan\u0131m\u0131ndan ve haliyle adil yarg\u0131lamadan bahsedilemez.<\/p>\n<p>Yarg\u0131 sistemimizin sorunlar\u0131 kar\u015f\u0131s\u0131nda, yeni adli y\u0131lda da, yurtta\u015flar\u0131n adil yarg\u0131lanma hakk\u0131n\u0131n bir par\u00e7as\u0131 olarak mesle\u011fimizin sorunlar\u0131n\u0131n \u00e7\u00f6z\u00fcm\u00fc i\u00e7in m\u00fccadele ederken, adalete y\u00f6nelmi\u015f toplumsal ya\u015fama d\u00fczeni olarak hukuku, hukukun \u00fcst\u00fcnl\u00fc\u011f\u00fcn\u00fc, insan hak ve \u00f6zg\u00fcrl\u00fcklerini savunmaya devam edece\u011fiz&#8221; \u015feklinde konu\u015ftu.<\/p>\n","protected":false},"excerpt":{"rendered":"<p>Mersin Barosu, 2024-2025 adli y\u0131l a\u00e7\u0131l\u0131\u015f\u0131 nedeniyle t\u00f6ren d\u00fczenledi. T\u00fcrkiye Barolar Birli\u011fi ile 81 ilin barosunun ortak a\u00e7\u0131klamas\u0131n\u0131 okuyan Mersin Barosu Ba\u015fkan\u0131 Av. Gazi \u00d6zdemir yarg\u0131 ve avukatl\u0131k mesle\u011finin sorunlar\u0131na &hellip; <a href=\"https:\/\/akdenizolaygazetesi.com\/?p=31748\" class=\"more-link\">Devam\u0131n\u0131 Oku&#8230;<\/a><\/p>\n","protected":false},"author":2,"featured_media":31749,"comment_status":"open","ping_status":"open","sticky":false,"template":"","format":"standard","meta":[],"categories":[1,2,3],"tags":[],"_links":{"self":[{"href":"https:\/\/akdenizolaygazetesi.com\/index.php?rest_route=\/wp\/v2\/posts\/31748"}],"collection":[{"href":"https:\/\/akdenizolaygazetesi.com\/index.php?rest_route=\/wp\/v2\/posts"}],"about":[{"href":"https:\/\/akdenizolaygazetesi.com\/index.php?rest_route=\/wp\/v2\/types\/post"}],"author":[{"embeddable":true,"href":"https:\/\/akdenizolaygazetesi.com\/index.php?rest_route=\/wp\/v2\/users\/2"}],"replies":[{"embeddable":true,"href":"https:\/\/akdenizolaygazetesi.com\/index.php?rest_route=%2Fwp%2Fv2%2Fcomments&post=31748"}],"version-history":[{"count":1,"href":"https:\/\/akdenizolaygazetesi.com\/index.php?rest_route=\/wp\/v2\/posts\/31748\/revisions"}],"predecessor-version":[{"id":31750,"href":"https:\/\/akdenizolaygazetesi.com\/index.php?rest_route=\/wp\/v2\/posts\/31748\/revisions\/31750"}],"wp:featuredmedia":[{"embeddable":true,"href":"https:\/\/akdenizolaygazetesi.com\/index.php?rest_route=\/wp\/v2\/media\/31749"}],"wp:attachment":[{"href":"https:\/\/akdenizolaygazetesi.com\/index.php?rest_route=%2Fwp%2Fv2%2Fmedia&parent=31748"}],"wp:term":[{"taxonomy":"category","embeddable":true,"href":"https:\/\/akdenizolaygazetesi.com\/index.php?rest_route=%2Fwp%2Fv2%2Fcategories&post=31748"},{"taxonomy":"post_tag","embeddable":true,"href":"https:\/\/akdenizolaygazetesi.com\/index.php?rest_route=%2Fwp%2Fv2%2Ftags&post=31748"}],"curies":[{"name":"wp","href":"https:\/\/api.w.org\/{rel}","templated":true}]}}