{"id":31751,"date":"2024-09-02T12:28:05","date_gmt":"2024-09-02T09:28:05","guid":{"rendered":"http:\/\/akdenizolaygazetesi.com\/?p=31751"},"modified":"2024-09-02T12:28:05","modified_gmt":"2024-09-02T09:28:05","slug":"sabri-tekli-havaalani-sanayi-sektorunu-ucuracak","status":"publish","type":"post","link":"https:\/\/akdenizolaygazetesi.com\/?p=31751","title":{"rendered":"Sabri Tekli: Havaalan\u0131 sanayi sekt\u00f6r\u00fcn\u00fc u\u00e7uracak"},"content":{"rendered":"<p>Ge\u00e7ti\u011fimiz ay a\u00e7\u0131larak hizmete giren \u00c7ukurova Uluslararas\u0131 Havaliman\u0131&#8217;n\u0131n sanayi sekt\u00f6r\u00fcnde b\u00fcy\u00fck heyecan yaratt\u0131\u011f\u0131n\u0131 s\u00f6yleyen Mersin Tarsus Organize Sanayi B\u00f6lgesi Y\u00f6netim Kurulu Ba\u015fkan\u0131 Sabri Tekli, &#8216;Bu havaliman\u0131 ile birlikte ihracat rakamlar\u0131m\u0131z rekor k\u0131racak&#8217; dedi.<\/p>\n<p>\u00c7ukurova Uluslararas\u0131 Havaliman\u0131&#8217;n\u0131n T\u00fcrkiye&#8217;nin ikinci b\u00fcy\u00fck havaliman\u0131 olmas\u0131ndan b\u00fcy\u00fck gurur duyduklar\u0131n\u0131 ifade eden Ba\u015fkan Tekli, &#8216;B\u00f6ylesine g\u00fc\u00e7l\u00fc bir havaliman\u0131n\u0131n Mersin&#8217;de yap\u0131lmas\u0131 kentimizin vizyonu a\u00e7\u0131s\u0131ndan b\u00fcy\u00fck \u00f6nem ta\u015f\u0131yor. Sanayicilerimiz yakla\u015f\u0131k 20 dakikal\u0131k mesafede bulunan havaliman\u0131ndan dolay\u0131 olduk\u00e7a mutlu. \u00c7ukurova Uluslararas\u0131 Havaliman\u0131 direkt olarak sanayicilerimizin ihracat rakamlar\u0131na etki edecektir&#8217; dedi.<\/p>\n<p>&#8216;T\u00dcM SANAY\u0130C\u0130LER\u0130M\u0130Z UMUTLU&#8217;<\/p>\n<p>Mersin&#8217;in, \u00c7ukurova Uluslararas\u0131 Havaliman\u0131 ile birlikte b\u00f6lgenin lojistik \u00fcst\u00fcnl\u00fc\u011f\u00fcn\u00fc ele ge\u00e7irdi\u011fini de kaydeden Ba\u015fkan Tekli, &#8216;Bug\u00fcn liman\u0131yla, OSB-Otoban ba\u011flant\u0131s\u0131yla, havaliman\u0131yla b\u00f6lgenin lojistik anlamdaki en geli\u015fmi\u015f \u015fehri olan Mersin, yat\u0131r\u0131mc\u0131lar\u0131n da g\u00f6zdesi haline geldi. T\u00fcrkiye&#8217;nin d\u00f6rt bir yan\u0131ndan yat\u0131r\u0131m i\u00e7in Mersin&#8217;e gelen sanayicilerimiz var. Bu gidi\u015fat Mersinli sanayicinin gelece\u011fe umutla bakmas\u0131na neden oluyor. Liman ve havaliman\u0131n\u0131n tam ortas\u0131nda yer alan MTOSB&#8217;nin \u00f6n\u00fcm\u00fczdeki y\u0131llarda ihracat rakamlar\u0131nda ciddi y\u00fckseli\u015f bekliyoruz&#8217; dedi.<\/p>\n<p>&#8216;BU HAVAL\u0130MANI B\u00d6LGESEL KALKINMANIN LOKOMOT\u0130F\u0130 OLACAK&#8217;<\/p>\n<p>Tekli, &#8216;Y\u0131lda 9 milyon yolcu kapasitesi, 110 bin metrekare terminal alan\u0131 ve en geni\u015f g\u00f6vdeli u\u00e7aklar\u0131n dahi ini\u015f yapabilece\u011fi 3 bin 500 metre uzunlu\u011fa ve 60 metre geni\u015fli\u011fe sahip ana pisti ile b\u00f6lgenin t\u00fcm havayolu ihtiyac\u0131n\u0131 kar\u015f\u0131layacak olan b\u00f6ylesine g\u00fc\u00e7l\u00fc bir havaliman\u0131n\u0131n Mersin&#8217;de olmas\u0131 sadece sanayi de\u011fil t\u00fcm sekt\u00f6rleri de olumlu etkileyecektir. Sanayi sekt\u00f6r\u00fcndeki bu olumlu hava zamanla t\u00fcm sekt\u00f6rlere sirayet edecek, di\u011fer sekt\u00f6rlerde de olumlu sonu\u00e7lar do\u011furacakt\u0131r. \u00d6n\u00fcm\u00fczdeki 10 y\u0131l i\u00e7erisinde Mersin hem sanayide, hem turizm de, hem de i\u015flevsel tar\u0131m \u00fcr\u00fcnlerinde ciddi atak sergileyecektir. \u00d6zellikle turizm sekt\u00f6r\u00fcn\u00fcn t\u00fcm dikkatleri havaliman\u0131 sonras\u0131nda Mersin&#8217;in bakir koylar\u0131na \u00e7evrilmi\u015ftir. Mersin&#8217;in ikinci bir Antalya olmamas\u0131 i\u00e7in hi\u00e7bir engel yok&#8217; dedi.<\/p>\n<p>&#8216;B\u00dcY\u00dcK EMEK VAR&#8217;<\/p>\n<p>Mersin ve Adana&#8217;n\u0131n art\u0131k \u00c7ukurova Havzas\u0131 olarak birlikte hareket etmesi gerekti\u011fini s\u00f6yleyen Ba\u015fkan Tekli, &#8216;Havaliman\u0131m\u0131z Mersin s\u0131n\u0131rlar\u0131nda olmas\u0131na ra\u011fmen Adana&#8217;ya da \u00e7ok yak\u0131n. Bu b\u00f6lgesel bir kalk\u0131nman\u0131n ba\u015flang\u0131c\u0131 anlam\u0131na geliyor. Havaliman\u0131m\u0131z\u0131n b\u00f6lgemize kazand\u0131r\u0131lmas\u0131 hususunda yo\u011fun emekleri olan Cumhurba\u015fkan\u0131m\u0131z Sn. Recep Tayyip Erdo\u011fan, Ula\u015ft\u0131rma ve Altyap\u0131 Bakan\u0131m\u0131z Sn. Abdulkadir Uralo\u011flu ve Mersin Valimiz Sn. Ali Hamza Pehlivan ba\u015fta olmak \u00fczere t\u00fcm eme\u011fi ge\u00e7enlere \u015fahs\u0131m, y\u00f6netim kurulum ve t\u00fcm sanayicilerimiz ad\u0131na sonsuz te\u015fekk\u00fcr ederim&#8217; dedi. <\/p>\n","protected":false},"excerpt":{"rendered":"<p>Ge\u00e7ti\u011fimiz ay a\u00e7\u0131larak hizmete giren \u00c7ukurova Uluslararas\u0131 Havaliman\u0131&#8217;n\u0131n sanayi sekt\u00f6r\u00fcnde b\u00fcy\u00fck heyecan yaratt\u0131\u011f\u0131n\u0131 s\u00f6yleyen Mersin Tarsus Organize Sanayi B\u00f6lgesi Y\u00f6netim Kurulu Ba\u015fkan\u0131 Sabri Tekli, &#8216;Bu havaliman\u0131 ile birlikte ihracat rakamlar\u0131m\u0131z &hellip; <a href=\"https:\/\/akdenizolaygazetesi.com\/?p=31751\" class=\"more-link\">Devam\u0131n\u0131 Oku&#8230;<\/a><\/p>\n","protected":false},"author":2,"featured_media":31752,"comment_status":"open","ping_status":"open","sticky":false,"template":"","format":"standard","meta":[],"categories":[1,2,3],"tags":[],"_links":{"self":[{"href":"https:\/\/akdenizolaygazetesi.com\/index.php?rest_route=\/wp\/v2\/posts\/31751"}],"collection":[{"href":"https:\/\/akdenizolaygazetesi.com\/index.php?rest_route=\/wp\/v2\/posts"}],"about":[{"href":"https:\/\/akdenizolaygazetesi.com\/index.php?rest_route=\/wp\/v2\/types\/post"}],"author":[{"embeddable":true,"href":"https:\/\/akdenizolaygazetesi.com\/index.php?rest_route=\/wp\/v2\/users\/2"}],"replies":[{"embeddable":true,"href":"https:\/\/akdenizolaygazetesi.com\/index.php?rest_route=%2Fwp%2Fv2%2Fcomments&post=31751"}],"version-history":[{"count":1,"href":"https:\/\/akdenizolaygazetesi.com\/index.php?rest_route=\/wp\/v2\/posts\/31751\/revisions"}],"predecessor-version":[{"id":31753,"href":"https:\/\/akdenizolaygazetesi.com\/index.php?rest_route=\/wp\/v2\/posts\/31751\/revisions\/31753"}],"wp:featuredmedia":[{"embeddable":true,"href":"https:\/\/akdenizolaygazetesi.com\/index.php?rest_route=\/wp\/v2\/media\/31752"}],"wp:attachment":[{"href":"https:\/\/akdenizolaygazetesi.com\/index.php?rest_route=%2Fwp%2Fv2%2Fmedia&parent=31751"}],"wp:term":[{"taxonomy":"category","embeddable":true,"href":"https:\/\/akdenizolaygazetesi.com\/index.php?rest_route=%2Fwp%2Fv2%2Fcategories&post=31751"},{"taxonomy":"post_tag","embeddable":true,"href":"https:\/\/akdenizolaygazetesi.com\/index.php?rest_route=%2Fwp%2Fv2%2Ftags&post=31751"}],"curies":[{"name":"wp","href":"https:\/\/api.w.org\/{rel}","templated":true}]}}