{"id":31754,"date":"2024-09-02T15:39:43","date_gmt":"2024-09-02T12:39:43","guid":{"rendered":"http:\/\/akdenizolaygazetesi.com\/?p=31754"},"modified":"2024-09-02T15:39:43","modified_gmt":"2024-09-02T12:39:43","slug":"akdam-ve-camili-mahallelerinin-yollari-soguk-asfaltla-kaplaniyor","status":"publish","type":"post","link":"https:\/\/akdenizolaygazetesi.com\/?p=31754","title":{"rendered":"AKDAM VE CAM\u0130L\u0130 MAHALLELER\u0130N\u0130N YOLLARI SO\u011eUK ASFALTLA KAPLANIYOR"},"content":{"rendered":"<p>Akdeniz Belediyesi, s\u0131cak asfalt seriminin yan\u0131 s\u0131ra, \u00f6zellikle tar\u0131msal \u00fcretimin yo\u011fun oldu\u011fu mahallelerin yollar\u0131nda so\u011fuk asfalt \u00e7al\u0131\u015fmalar\u0131n\u0131 da aral\u0131ks\u0131z s\u00fcrd\u00fcr\u00fcyor. Yenilenen yollar sayesinde \u00fcreticilerin ya\u015fad\u0131\u011f\u0131 s\u0131k\u0131nt\u0131lar giderilirken, b\u00f6lge sakinlerinin de g\u00fcndelik ya\u015fam\u0131 kolayla\u015f\u0131yor.<br \/>\nAkdeniz Belediyesi Fen \u0130\u015fleri M\u00fcd\u00fcrl\u00fc\u011f\u00fc, uzak-yak\u0131n, k\u0131rsal-merkez ay\u0131rt etmeden il\u00e7e genelinde her t\u00fcrl\u00fc ula\u015f\u0131m sorununu ortadan kald\u0131rmak ad\u0131na s\u0131cak ve so\u011fuk asfalt serim \u00e7al\u0131\u015fmalar\u0131n\u0131 kesintisiz \u015fekilde s\u00fcrd\u00fcr\u00fcyor.<br \/>\nBu kapsamda Fen \u0130\u015fleri M\u00fcd\u00fcrl\u00fc\u011f\u00fc ekipleri, i\u015f makineleri deste\u011fiyle \u00f6nceki g\u00fcnlerde Homurlu, I\u011fd\u0131r, Yukar\u0131 Burhan, Parmakkurdu, Pu\u011fkaracada\u011f, \u00c7ilek, Bekirde ve Camili Mahallelerinde sathi kaplama \u00e7al\u0131\u015fmalar\u0131 yapt\u0131. Ekipler Siteler Mahallesi\u2019nin 11 soka\u011f\u0131nda da s\u0131cak asfalt serimi ger\u00e7ekle\u015ftirdi.<br \/>\nAkdam\u2019\u0131n sokaklar\u0131 da so\u011fuk asfaltla yenileniyor<br \/>\nFen i\u015fleri ekipleri, son olarak yine i\u015f makineleri deste\u011fiyle Akdam ile Camili mahallelerinin yollar\u0131nda da sathi kaplama (so\u011fuk asfalt) \u00e7al\u0131\u015fmalar\u0131 ba\u015flatt\u0131. Hizmete tan\u0131k olan mahalle sakinleri ve \u00fcreticiler her t\u00fcrl\u00fc ula\u015f\u0131mlar\u0131n\u0131 kolayla\u015ft\u0131r\u0131p b\u00f6lgenin \u00e7ehresini de\u011fi\u015ftiren hizmet nedeniyle E\u015f Ba\u015fkanlar Nuriye Arslan ve Ho\u015fyar Sar\u0131y\u0131ld\u0131z ile \u00e7al\u0131\u015fmalar\u0131 y\u00fcr\u00fcten ekiplere te\u015fekk\u00fcr etti.<br \/>\nHizmet sayesinde her t\u00fcrl\u00fc ula\u015f\u0131m kolayla\u015f\u0131yor<br \/>\nHizmetten duydu\u011fu memnuniyeti dile getiren Akdam Mahallesi Muhtar\u0131 Yonca Kal\u0131nl\u0131; \u201cMahallemde 3 g\u00fcnde, 3 kilometreye yak\u0131n bir so\u011fuk asfalt kaplama yol \u00e7al\u0131\u015fmam\u0131z yap\u0131ld\u0131. \u00d6zellikle tar\u0131m alanlar\u0131m\u0131za eri\u015fim noktas\u0131nda \u00e7ok g\u00fczel bir \u00e7al\u0131\u015fma oldu. Eme\u011fi ge\u00e7en herkese te\u015fekk\u00fcrlerimi sunuyorum\u201d dedi.<br \/>\nCamili Mahallesi Muhtar\u0131 \u00c2dem Uysal da hizmet nedeniyle E\u015f Ba\u015fkanlara ve fen i\u015fleri ekiplerine te\u015fekk\u00fcr ederek; \u201cMahallemizde 3 farkl\u0131 b\u00f6lgede so\u011fuk asfalt serim \u00e7al\u0131\u015fmas\u0131 yap\u0131l\u0131yor. Bah\u00e7e, arazi yollar\u0131m\u0131z\u0131n sathi kaplama yap\u0131lmas\u0131yla beraber vatanda\u015flar\u0131m\u0131z\u0131n hem araziye gidi\u015f geli\u015fleri kolayla\u015f\u0131yor hem de \u00fcr\u00fcnleri daha kaliteli, daha verimli oluyor. Vatanda\u015flar\u0131m\u0131z da biz de hizmetten \u00e7ok memnunuz\u201d diye konu\u015ftu.<br \/>\n\u00d6te yandan; Fen \u0130\u015fleri M\u00fcd\u00fcrl\u00fc\u011f\u00fc, haz\u0131rlad\u0131\u011f\u0131 plan ve program kapsam\u0131nda ihtiya\u00e7 duyan her yerle\u015fim yerinde s\u0131cak ve so\u011fuk asfalt serim hizmetinin yan\u0131nda, yeni yol a\u00e7ma \u00e7al\u0131\u015fmalar\u0131na da devam edecek.<\/p>\n","protected":false},"excerpt":{"rendered":"<p>Akdeniz Belediyesi, s\u0131cak asfalt seriminin yan\u0131 s\u0131ra, \u00f6zellikle tar\u0131msal \u00fcretimin yo\u011fun oldu\u011fu mahallelerin yollar\u0131nda so\u011fuk asfalt \u00e7al\u0131\u015fmalar\u0131n\u0131 da aral\u0131ks\u0131z s\u00fcrd\u00fcr\u00fcyor. Yenilenen yollar sayesinde \u00fcreticilerin ya\u015fad\u0131\u011f\u0131 s\u0131k\u0131nt\u0131lar giderilirken, b\u00f6lge sakinlerinin de &hellip; <a href=\"https:\/\/akdenizolaygazetesi.com\/?p=31754\" class=\"more-link\">Devam\u0131n\u0131 Oku&#8230;<\/a><\/p>\n","protected":false},"author":2,"featured_media":31755,"comment_status":"open","ping_status":"open","sticky":false,"template":"","format":"standard","meta":[],"categories":[1,2,3],"tags":[],"_links":{"self":[{"href":"https:\/\/akdenizolaygazetesi.com\/index.php?rest_route=\/wp\/v2\/posts\/31754"}],"collection":[{"href":"https:\/\/akdenizolaygazetesi.com\/index.php?rest_route=\/wp\/v2\/posts"}],"about":[{"href":"https:\/\/akdenizolaygazetesi.com\/index.php?rest_route=\/wp\/v2\/types\/post"}],"author":[{"embeddable":true,"href":"https:\/\/akdenizolaygazetesi.com\/index.php?rest_route=\/wp\/v2\/users\/2"}],"replies":[{"embeddable":true,"href":"https:\/\/akdenizolaygazetesi.com\/index.php?rest_route=%2Fwp%2Fv2%2Fcomments&post=31754"}],"version-history":[{"count":1,"href":"https:\/\/akdenizolaygazetesi.com\/index.php?rest_route=\/wp\/v2\/posts\/31754\/revisions"}],"predecessor-version":[{"id":31756,"href":"https:\/\/akdenizolaygazetesi.com\/index.php?rest_route=\/wp\/v2\/posts\/31754\/revisions\/31756"}],"wp:featuredmedia":[{"embeddable":true,"href":"https:\/\/akdenizolaygazetesi.com\/index.php?rest_route=\/wp\/v2\/media\/31755"}],"wp:attachment":[{"href":"https:\/\/akdenizolaygazetesi.com\/index.php?rest_route=%2Fwp%2Fv2%2Fmedia&parent=31754"}],"wp:term":[{"taxonomy":"category","embeddable":true,"href":"https:\/\/akdenizolaygazetesi.com\/index.php?rest_route=%2Fwp%2Fv2%2Fcategories&post=31754"},{"taxonomy":"post_tag","embeddable":true,"href":"https:\/\/akdenizolaygazetesi.com\/index.php?rest_route=%2Fwp%2Fv2%2Ftags&post=31754"}],"curies":[{"name":"wp","href":"https:\/\/api.w.org\/{rel}","templated":true}]}}