{"id":31757,"date":"2024-09-02T15:41:17","date_gmt":"2024-09-02T12:41:17","guid":{"rendered":"http:\/\/akdenizolaygazetesi.com\/?p=31757"},"modified":"2024-09-02T15:41:17","modified_gmt":"2024-09-02T12:41:17","slug":"toroslar-belediyesinin-dunya-baris-gunu-etkinligi-farkli-renkleri-bulusturdu","status":"publish","type":"post","link":"https:\/\/akdenizolaygazetesi.com\/?p=31757","title":{"rendered":"TOROSLAR BELED\u0130YES\u0130N\u0130N D\u00dcNYA BARI\u015e G\u00dcN\u00dc ETK\u0130NL\u0130\u011e\u0130 FARKLI RENKLER\u0130 BULU\u015eTURDU"},"content":{"rendered":"<p>Toroslar Belediyesi D\u00fcnya Bar\u0131\u015f G\u00fcn\u00fcnde renkli etkinliklere ev sahipli\u011fi yapt\u0131. Toroslar Belediye Ba\u015fkan\u0131 Abdurrahman Y\u0131ld\u0131z, &#8220;Toroslar bar\u0131\u015f\u0131n, karde\u015fli\u011fin, dayan\u0131\u015fman\u0131n kenti. 1 Nisan&#8217;dan itibaren Toroslar&#8217;da ba\u015fka bir takvim, ba\u015fka bir saat i\u015flemeye ba\u015flad\u0131. \u0130\u015fte o saat ve o takvim, bar\u0131\u015f\u0131n, karde\u015fli\u011fin, dayan\u0131\u015fman\u0131n takvimi. Bundan sonra Toroslar&#8217;\u0131n her bir soka\u011f\u0131 gen\u00e7lerimiz ve \u00e7ocuklar\u0131m\u0131z i\u00e7in festival sokaklar\u0131 olacak. \u00c7\u00fcnk\u00fc Toroslar halk\u0131 bunu hak ediyor&#8221; dedi.<\/p>\n<p>Toroslar Belediyesinin D\u00fcnya Bar\u0131\u015f G\u00fcn\u00fc dolay\u0131s\u0131yla d\u00fczenledi\u011fi festivalde farkl\u0131 renkler, farkl\u0131 k\u00fclt\u00fcrler bulu\u015ftu; hem yeti\u015fkinler hem \u00e7ocuklar konserlerle, \u00e7e\u015fitli etkinliklerle e\u011flenceli anlar ya\u015fad\u0131.<\/p>\n<p>Toroslar Belediye Ba\u015fkan\u0131 Abdurrahman Y\u0131ld\u0131z da festivalin kortej y\u00fcr\u00fcy\u00fc\u015f\u00fcne kat\u0131ld\u0131 ve kortej y\u00fcr\u00fcy\u00fc\u015f\u00fc sonunda yurtta\u015flara seslendi.<\/p>\n<p>&#8220;\u00c7OCUKLARIMIZA BIRAKACA\u011eIMIZ YEGANE M\u0130RAS BARI\u015e&#8221;<\/p>\n<p>&#8220;Bar\u0131\u015f her birimizin \u00e7ocuklar\u0131m\u0131za b\u0131rakaca\u011f\u0131 yegane miras&#8221; diyen Ba\u015fkan Y\u0131ld\u0131z, &#8220;E\u011fer \u00e7ocuklar\u0131m\u0131za bar\u0131\u015f\u0131 miras b\u0131rakam\u0131yorsak b\u0131rakt\u0131\u011f\u0131m\u0131z miraslar\u0131n her biri nafile. E\u011fer bar\u0131\u015f i\u00e7inde, huzur i\u00e7inde, karde\u015flik i\u00e7inde de\u011filsek gelece\u011fimize ne b\u0131rak\u0131yorsak b\u0131rakal\u0131m nafile. Her birimizin kendi \u00e7ocuklar\u0131 i\u00e7in, \u00e7ocuklar\u0131m\u0131z i\u00e7in bar\u0131\u015f konusunda yeteri kadar hassasiyet g\u00f6stermemiz laz\u0131m, \u0131srarc\u0131, inat\u00e7\u0131 olmam\u0131z laz\u0131m. \u00c7\u00fcnk\u00fc biz biliyoruz ki en k\u00f6t\u00fc bar\u0131\u015f an\u0131 bile en iyi kavga an\u0131ndan daha iyidir ve \u00e7ok daha geli\u015ftiricidir&#8221; dedi.<\/p>\n<p>&#8220;TOROSLAR&#8217;IN HER B\u0130R SOKA\u011eI FEST\u0130VAL SOKA\u011eI OLACAK&#8221;<\/p>\n<p>Toroslar Belediye Ba\u015fkan\u0131 Abdurrahman Y\u0131ld\u0131z, D\u00fcnya Bar\u0131\u015f G\u00fcn\u00fc etkinlikleri kapsam\u0131nda d\u00fczenlenen konserleri de yurtta\u015flarla birlikte izledi. Konser \u00f6ncesi yurtta\u015flara seslenen Ba\u015fkan Y\u0131ld\u0131z, &#8220;Buras\u0131 Toroslar, Toroslar bar\u0131\u015f\u0131n kenti. Bu \u00fclkede hangi dil konu\u015fuluyorsa, Toroslar&#8217;da o dil konu\u015fuluyor. Bu \u00fclkede hangi dine, hangi mezhebe, hangi me\u015frebe inan\u0131l\u0131yorsa o mezhebe, o dine, o me\u015frebe Toroslar&#8217;da inan\u0131l\u0131yor. Dolay\u0131s\u0131yla Toroslar&#8217;da hi\u00e7bir yurtta\u015f, di\u011ferine ordan kalk di\u011fer tarafa otur demiyor. Toroslar bar\u0131\u015f\u0131n kenti, karde\u015fli\u011fin kenti, dayan\u0131\u015fman\u0131n kenti. G\u00fcnl\u00fck ya\u015fam\u0131m\u0131zda, her an\u0131m\u0131zda, her saniyemizde bunu \u00f6rmeye \u00e7al\u0131\u015faca\u011f\u0131z&#8221; ifadelerini kulland\u0131.<\/p>\n<p>1 Nisan&#8217;dan itibaren Toroslar&#8217;da ba\u015fka bir takvimin \u00e7al\u0131\u015fmaya, ba\u015fka bir saatin i\u015flemeye ba\u015flad\u0131\u011f\u0131na de\u011finen Ba\u015fkan Y\u0131ld\u0131z, &#8220;\u0130\u015fte o saat ve o takvim, bar\u0131\u015f\u0131n, karde\u015fli\u011fin, dayan\u0131\u015fman\u0131n takvimi. Ya\u015fam\u0131 kendimize zehir etmenin bir anlam\u0131 yok. Her birimiz bar\u0131\u015fa inanaca\u011f\u0131z ve bar\u0131\u015f yolunda elimizden gelen her\u015feyi yapaca\u011f\u0131z. Belki bug\u00fcne kadar siyaset\u00e7iler bunu beceremedi, belki biz de becremedik bu i\u015fi. \u0130\u015fte bu an\u0131 mimliyelim, Bundan sonra kentimiz ba\u015fta olmak \u00fczere, Toroslar\u0131m\u0131z ba\u015fta olmak \u00fczere dayan\u0131\u015fma, karde\u015flik ve bar\u0131\u015f i\u00e7inde ya\u015fam\u0131m\u0131z\u0131 s\u00fcrd\u00fcrelim. S\u00fcrd\u00fcrece\u011fiz de zaten. Bundan sonra Toroslar&#8217;\u0131n her bir soka\u011f\u0131 festival soka\u011f\u0131 olacak, Toroslar&#8217;\u0131n her bir soka\u011f\u0131 gen\u00e7lerimiz ve \u00e7ocuklar\u0131m\u0131z i\u00e7in festival sokaklar\u0131 olacak. \u00c7\u00fcnk\u00fc Toroslar halk\u0131 bunu hak ediyor&#8221; dedi.<\/p>\n<p>&#8220;TOROSLAR&#8217;DA BARI\u015e VE KARDE\u015eL\u0130K OLACAK&#8221;<\/p>\n<p>Toroslar&#8217;da 30 y\u0131ld\u0131r b\u00f6yle bir festivalin hayata ge\u00e7irilmedi\u011fine de\u011finen Ba\u015fkan Y\u0131ld\u0131z, &#8220;Toroslar 40 y\u0131ld\u0131r kent haline geldi ve bu \u00fclkenin herbir k\u00f6\u015fesinden, her bir \u015fehrinden Toroslar&#8217;a geldiler. \u0130nsanlar farkl\u0131 dilleri konu\u015ftular, insanlar farkl\u0131 dinlere, mezheplere, me\u015freplere inand\u0131lar. Ama Toroslar&#8217;\u0131n \u00e7at\u0131s\u0131 alt\u0131nda hayatlar\u0131n\u0131 mutlu bir \u015fekilde dayan\u0131\u015fma i\u00e7inde devam ettirdiler. \u0130\u015fte bundan sonra da Toroslar&#8217;da aynen b\u00f6yle olacak. Toroslar&#8217;da festival havas\u0131 olacak, dayan\u0131\u015fma olacak, karde\u015flik, bar\u0131\u015f olacak. Toroslar&#8217;\u0131n her bir soka\u011f\u0131 bundan sonra festival gibi olacak&#8221; ifadelerini kulland\u0131.<\/p>\n<p>&#8220;BARI\u015e \u0130\u00c7\u0130N \u015e\u0130MD\u0130 BERABERL\u0130K ZAMANI&#8221;<\/p>\n<p>1 Eyl\u00fcl D\u00fcnya Bar\u0131\u015f G\u00fcn\u00fc etkinli\u011fi Toroslar&#8217;da co\u015fkuyla ger\u00e7ekle\u015fti. Belediye Ba\u015fkan\u0131 Abdurrahman Y\u0131ld\u0131z, \u00c7a\u011fda\u015fkent Mahallesi&#8217;nde Toroslar Cumhuriyet Meydan\u0131&#8217;ndan ba\u015flayan ve 3 Ocak Park\u0131&#8217;na kadar s\u00fcren kortej y\u00fcr\u00fcy\u00fc\u015f\u00fcn\u00fcn ard\u0131ndan vatanda\u015flarla birlikte etkinliklere e\u015flik etti.  <\/p>\n<p>\u00c7ocuklar\u0131yla birlikte etkinlik alan\u0131n\u0131 dolduran aileler keyifli bir g\u00fcn ge\u00e7irirken, Toroslar \u00c7ocuk Festivali&#8217;nin a\u00e7\u0131l\u0131\u015f\u0131 da renkli g\u00f6r\u00fcnt\u00fclere sahne oldu.<\/p>\n<p>&#8220;Bar\u0131\u015f i\u00e7in \u015fimdi beraberlik zaman\u0131&#8221; slogan\u0131yla d\u00fczenlenen ve 3 adet farkl\u0131 parkurun yer ald\u0131\u011f\u0131 etkinliklerde \u00e7ocuklar i\u00e7in y\u00fcz boyamas\u0131, baloncuk partisi, \u00f6\u011fretici ve geli\u015ftirici oyunlar, aileler ve gen\u00e7ler i\u00e7in \u00f6zel oyunlar, yar\u0131\u015fmalar, sosyal medya foto\u011fraf alanlar\u0131 gibi bir\u00e7ok aktivite yap\u0131ld\u0131.<\/p>\n<p>Roman Folklor Ekibinin ve Hacivat Karag\u00f6z g\u00f6sterileri ile \u015fenlenen festival alan\u0131nda, hem \u00e7ocuklar hem b\u00fcy\u00fckler doyas\u0131ya e\u011flendi.<\/p>\n<p>Geceye kadar s\u00fcren kutlamalar, K\u0131r\u015fehir Belediyesi Abdallar Toplulu\u011fu, Berna Aytar ve Kadir \u00c7at konserleriyle son buldu.<\/p>\n","protected":false},"excerpt":{"rendered":"<p>Toroslar Belediyesi D\u00fcnya Bar\u0131\u015f G\u00fcn\u00fcnde renkli etkinliklere ev sahipli\u011fi yapt\u0131. Toroslar Belediye Ba\u015fkan\u0131 Abdurrahman Y\u0131ld\u0131z, &#8220;Toroslar bar\u0131\u015f\u0131n, karde\u015fli\u011fin, dayan\u0131\u015fman\u0131n kenti. 1 Nisan&#8217;dan itibaren Toroslar&#8217;da ba\u015fka bir takvim, ba\u015fka bir saat &hellip; <a href=\"https:\/\/akdenizolaygazetesi.com\/?p=31757\" class=\"more-link\">Devam\u0131n\u0131 Oku&#8230;<\/a><\/p>\n","protected":false},"author":2,"featured_media":31758,"comment_status":"open","ping_status":"open","sticky":false,"template":"","format":"standard","meta":[],"categories":[1,2,3],"tags":[],"_links":{"self":[{"href":"https:\/\/akdenizolaygazetesi.com\/index.php?rest_route=\/wp\/v2\/posts\/31757"}],"collection":[{"href":"https:\/\/akdenizolaygazetesi.com\/index.php?rest_route=\/wp\/v2\/posts"}],"about":[{"href":"https:\/\/akdenizolaygazetesi.com\/index.php?rest_route=\/wp\/v2\/types\/post"}],"author":[{"embeddable":true,"href":"https:\/\/akdenizolaygazetesi.com\/index.php?rest_route=\/wp\/v2\/users\/2"}],"replies":[{"embeddable":true,"href":"https:\/\/akdenizolaygazetesi.com\/index.php?rest_route=%2Fwp%2Fv2%2Fcomments&post=31757"}],"version-history":[{"count":1,"href":"https:\/\/akdenizolaygazetesi.com\/index.php?rest_route=\/wp\/v2\/posts\/31757\/revisions"}],"predecessor-version":[{"id":31759,"href":"https:\/\/akdenizolaygazetesi.com\/index.php?rest_route=\/wp\/v2\/posts\/31757\/revisions\/31759"}],"wp:featuredmedia":[{"embeddable":true,"href":"https:\/\/akdenizolaygazetesi.com\/index.php?rest_route=\/wp\/v2\/media\/31758"}],"wp:attachment":[{"href":"https:\/\/akdenizolaygazetesi.com\/index.php?rest_route=%2Fwp%2Fv2%2Fmedia&parent=31757"}],"wp:term":[{"taxonomy":"category","embeddable":true,"href":"https:\/\/akdenizolaygazetesi.com\/index.php?rest_route=%2Fwp%2Fv2%2Fcategories&post=31757"},{"taxonomy":"post_tag","embeddable":true,"href":"https:\/\/akdenizolaygazetesi.com\/index.php?rest_route=%2Fwp%2Fv2%2Ftags&post=31757"}],"curies":[{"name":"wp","href":"https:\/\/api.w.org\/{rel}","templated":true}]}}