{"id":31760,"date":"2024-09-02T15:46:01","date_gmt":"2024-09-02T12:46:01","guid":{"rendered":"http:\/\/akdenizolaygazetesi.com\/?p=31760"},"modified":"2024-09-02T15:46:01","modified_gmt":"2024-09-02T12:46:01","slug":"languedoc-firkateyni-komutani-yarbay-boyerden-baskan-secere-ziyaret","status":"publish","type":"post","link":"https:\/\/akdenizolaygazetesi.com\/?p=31760","title":{"rendered":"LANGUEDOC FIRKATEYN\u0130 KOMUTANI YARBAY BOYER&#8217;DEN BA\u015eKAN SE\u00c7ER&#8217;E Z\u0130YARET"},"content":{"rendered":"<p>G\u00f6rev nedeniyle Mersin\u2019i ziyaret eden Frans\u0131z Deniz Kuvvetleri\u2019ne ait Languedoc F\u0131rkateyni Komutan\u0131 Yarbay Loic Boyer, Mersin B\u00fcy\u00fck\u015fehir Belediye Ba\u015fkan\u0131 Vahap Se\u00e7er\u2019e nezaket ziyaretinde bulundu.<\/p>\n<p>Ba\u015fkan Se\u00e7er ziyarette; Tarsus tarihi hakk\u0131nda Yarbay Boyer\u2019e bilgiler verirken, Mersin Liman\u0131\u2019n\u0131n da burada olmas\u0131n\u0131n sebebinin Tarsus\u2019taki baz\u0131 tarihi geli\u015fmeler oldu\u011funa de\u011findi.  <\/p>\n<p>Sahil kenti olmas\u0131n\u0131n bir kente farkl\u0131 bir kimlik kazand\u0131rd\u0131\u011f\u0131na de\u011finen Se\u00e7er, \u201cSahil kentleri daha dinamik bir toplum oluyor. \u00d6zellikle de Akdeniz sahilleri bu \u015fekilde\u201d diye belirtti.  <\/p>\n<p>G\u00f6rev nedeniyle Mersin\u2019i ziyaret eden Frans\u0131z Deniz Kuvvetleri\u2019ne ait Languedoc F\u0131rkateyni Komutan\u0131 Yarbay Loic Boyer, Mersin B\u00fcy\u00fck\u015fehir Belediye Ba\u015fkan\u0131 Vahap Se\u00e7er\u2019e nezaket ziyaretinde bulundu.<\/p>\n<p>Yarbay Boyer: \u201cTarsus\u2019un \u00e7ok tesiri alt\u0131nda kald\u0131m\u201d<br \/>\nMersin B\u00fcy\u00fck\u015fehir Belediyesi Ba\u015fkan Dan\u0131\u015fman\u0131 \u0130brahim Evrim\u2019in de yer ald\u0131\u011f\u0131 ziyarette Languedoc F\u0131rkateyni Komutan\u0131 Yarbay Loic Boyer, Mersin\u2019e ilk kez geldiklerinden s\u00f6z ederek, Ba\u015fkan Se\u00e7er\u2019e de kendilerini a\u011f\u0131rlad\u0131\u011f\u0131 i\u00e7in te\u015fekk\u00fcrlerini iletti. Ba\u015fkan Se\u00e7er de bir araya gelmelerinden dolay\u0131 duydu\u011fu mutlulu\u011fu ifade etti. Mersin\u2019e ilk kez geldiklerini ve Tarsus\u2019u gezdi\u011finden s\u00f6z eden Yarbay Boyer, \u201cTarihi \u00e7ok seviyorum. Onun i\u00e7in \u00f6ncelikle m\u00fczeye, St. Paul Kuyusu\u2019na ve St. Paul Kilisesi\u2019ne gittim ve gezdim. \u00d6yle zannediyorum ki Tarsus\u2019un 9 bin y\u0131l\u0131 a\u015fk\u0131n bir tarihi var. \u00c7ok tesir alt\u0131nda kald\u0131m\u201d diye konu\u015ftu.<\/p>\n<p>Tarsus\u2019un \u00e7ok tarihi bir \u015fehir oldu\u011fundan bahseden Ba\u015fkan Se\u00e7er de, Tarsus tarihi hakk\u0131nda bilgiler verirken, Mersin Liman\u0131\u2019n\u0131n da burada olmas\u0131n\u0131n sebebinin Tarsus\u2019taki baz\u0131 tarihi geli\u015fmeler oldu\u011funa de\u011findi. Tarsus\u2019un yakla\u015f\u0131k 10 bin y\u0131l \u00f6nce olu\u015fmas\u0131n\u0131n nedeninin de Berdan Nehri oldu\u011funa de\u011finen Se\u00e7er, \u201cBerdan Nehri \u00e7ok bereketli bir nehir. Berdan Nehri\u2019nin tarihteki J\u00fcstinyen\u2019e kadar \u00f6nemli kollar\u0131ndan bir tanesi gezdi\u011finiz m\u00fczenin alt\u0131ndan gidiyor\u201d dedi ve bug\u00fcnk\u00fc Liman\u2019\u0131n olu\u015fma \u015feklini anlatt\u0131. <\/p>\n<p>Se\u00e7er, seyir ama\u00e7lar\u0131 hakk\u0131nda bilgi ald\u0131<br \/>\nSeyir ama\u00e7lar\u0131 hakk\u0131nda bilgi almak isteyen Se\u00e7er\u2019e yan\u0131t veren Boyer, \u201cYak\u0131n Do\u011fu\u2019daki kritik durumu biliyorsunuz. O y\u00fczden 2 ayl\u0131k bir g\u00f6revle g\u00f6revlendirildik. Bu arada ikmallerimiz i\u00e7in Mersin Liman\u0131\u2019na u\u011fruyoruz. Tabi bu arada, bizim NATO m\u00fcttefikimiz T\u00fcrk Deniz Kuvvetleri\u2019nizle daha iyi ili\u015fkiler kurmak ve onlarla birlikte ortak tatbikatlar yapabilmek i\u00e7in de f\u0131rsattan istifade ediyoruz\u201d dedi.<\/p>\n<p>Se\u00e7er: \u201cSahil kenti olmak, bir \u015fehre \u00e7ok daha farkl\u0131 bir kimlik kat\u0131yor\u201d<br \/>\nBa\u015fkan Se\u00e7er, \u201cBiz de tabi buradaki geli\u015fmelerden en \u00e7abuk etkilenen k\u0131y\u0131 kentlerinden bir tanesiyiz. \u00d6zellikle hem Do\u011fu Akdeniz\u2019deki geli\u015fmeler hem Orta Do\u011fu\u2019daki \u00e7at\u0131\u015fmalar ve geli\u015fmeler bizi direkt etkiliyor\u201d dedi. Se\u00e7er, \u201cHer \u015feye ra\u011fmen sahil kenti olmak bir kente \u00e7ok daha farkl\u0131 bir kimlik kat\u0131yor. Daha hareketli ve daha enerjik oluyor. Tabi bir\u00e7ok \u00fclkeyi ve sahil kentlerini geziyorsunuz, sahil kentleri daha dinamik bir toplum oluyor. \u00d6zellikle de Akdeniz sahilleri bu \u015fekilde\u201d diye belirtti.  Yarbay Boyer ise, \u201cKentte b\u00fcy\u00fck bir faaliyet var. Ben de dinamik bir \u015fehir oldu\u011funuzu g\u00f6zlemledim\u201d dedi.<\/p>\n<p>Ziyarette son olarak Se\u00e7er Boyer\u2019e Krali\u00e7e Aba b\u00fcst\u00fc hediye ederken; Boyer de Se\u00e7er\u2019e Languedoc Gemisi\u2019nin ambleminin yer ald\u0131\u011f\u0131 bir tabak hediye etti.<br \/>\nv<\/p>\n","protected":false},"excerpt":{"rendered":"<p>G\u00f6rev nedeniyle Mersin\u2019i ziyaret eden Frans\u0131z Deniz Kuvvetleri\u2019ne ait Languedoc F\u0131rkateyni Komutan\u0131 Yarbay Loic Boyer, Mersin B\u00fcy\u00fck\u015fehir Belediye Ba\u015fkan\u0131 Vahap Se\u00e7er\u2019e nezaket ziyaretinde bulundu. Ba\u015fkan Se\u00e7er ziyarette; Tarsus tarihi hakk\u0131nda &hellip; <a href=\"https:\/\/akdenizolaygazetesi.com\/?p=31760\" class=\"more-link\">Devam\u0131n\u0131 Oku&#8230;<\/a><\/p>\n","protected":false},"author":2,"featured_media":31761,"comment_status":"open","ping_status":"open","sticky":false,"template":"","format":"standard","meta":[],"categories":[1,2,3],"tags":[],"_links":{"self":[{"href":"https:\/\/akdenizolaygazetesi.com\/index.php?rest_route=\/wp\/v2\/posts\/31760"}],"collection":[{"href":"https:\/\/akdenizolaygazetesi.com\/index.php?rest_route=\/wp\/v2\/posts"}],"about":[{"href":"https:\/\/akdenizolaygazetesi.com\/index.php?rest_route=\/wp\/v2\/types\/post"}],"author":[{"embeddable":true,"href":"https:\/\/akdenizolaygazetesi.com\/index.php?rest_route=\/wp\/v2\/users\/2"}],"replies":[{"embeddable":true,"href":"https:\/\/akdenizolaygazetesi.com\/index.php?rest_route=%2Fwp%2Fv2%2Fcomments&post=31760"}],"version-history":[{"count":1,"href":"https:\/\/akdenizolaygazetesi.com\/index.php?rest_route=\/wp\/v2\/posts\/31760\/revisions"}],"predecessor-version":[{"id":31762,"href":"https:\/\/akdenizolaygazetesi.com\/index.php?rest_route=\/wp\/v2\/posts\/31760\/revisions\/31762"}],"wp:featuredmedia":[{"embeddable":true,"href":"https:\/\/akdenizolaygazetesi.com\/index.php?rest_route=\/wp\/v2\/media\/31761"}],"wp:attachment":[{"href":"https:\/\/akdenizolaygazetesi.com\/index.php?rest_route=%2Fwp%2Fv2%2Fmedia&parent=31760"}],"wp:term":[{"taxonomy":"category","embeddable":true,"href":"https:\/\/akdenizolaygazetesi.com\/index.php?rest_route=%2Fwp%2Fv2%2Fcategories&post=31760"},{"taxonomy":"post_tag","embeddable":true,"href":"https:\/\/akdenizolaygazetesi.com\/index.php?rest_route=%2Fwp%2Fv2%2Ftags&post=31760"}],"curies":[{"name":"wp","href":"https:\/\/api.w.org\/{rel}","templated":true}]}}