{"id":31772,"date":"2024-09-04T12:01:03","date_gmt":"2024-09-04T09:01:03","guid":{"rendered":"http:\/\/akdenizolaygazetesi.com\/?p=31772"},"modified":"2024-09-04T12:01:03","modified_gmt":"2024-09-04T09:01:03","slug":"deva-partili-ekmen-bakan-kuruma-seslendi-mut-sebze-hali-arsa-tahsisati-derhal-imzalanmalidir","status":"publish","type":"post","link":"https:\/\/akdenizolaygazetesi.com\/?p=31772","title":{"rendered":"DEVA Partili Ekmen, Bakan Kurum\u2019a seslendi: Mut sebze hali arsa tahsisat\u0131 derhal imzalanmal\u0131d\u0131r"},"content":{"rendered":"<p>DEVA Partisi Genel Ba\u015fkan Yard\u0131mc\u0131s\u0131 Mehmet Emin Ekmen, Mut Sebze ve Toptanc\u0131 Hali ile ilgili tahsis i\u015flemlerinin bir t\u00fcrl\u00fc yap\u0131lmamas\u0131n\u0131 TBMM g\u00fcndemine getirdi. Ekmen, \u00c7evre \u015eehircilik Bakan\u0131 Murat Kurum\u2019a \u00e7a\u011fr\u0131da bulunarak, \u201cBu alan \u00c7evre ve \u015eehircilik Bakanl\u0131\u011f\u0131na ait oldu\u011fu i\u00e7in tahsis yaz\u0131s\u0131 aylard\u0131r Ankara&#8217;da bekliyor. Say\u0131n Murat Kurum l\u00fctfen \u2018Bu belediye muhalefet belediyesidir\u2018 diye d\u00fc\u015f\u00fcnmeyiniz. Bu alan\u0131n tahsis s\u00fcrecini tamamlay\u0131n\u0131z ki burada bir hal in\u015fa edilsin. Bu hal Mut ve G\u00fclnarl\u0131 \u00e7ift\u00e7imizin kazanc\u0131n\u0131 ciddi \u015fekilde artt\u0131racak.\u201d dedi. <\/p>\n<p>Mersin\u2019in Mut ve G\u00fclnar il\u00e7elerinde \u00e7ift\u00e7i, esnaf ve vatanda\u015flarla bir araya gelen DEVA Partisi Genel Ba\u015fkan Yard\u0131mc\u0131s\u0131 ve Mersin Milletvekili Ekmen, T\u00fcrkiye B\u00fcy\u00fck Millet Meclisinde (TBMM) d\u00fczenledi\u011fi bas\u0131n toplant\u0131s\u0131nda, Mut Toptanc\u0131 Hali&#8217;nin yetersiz kald\u0131\u011f\u0131n\u0131 ve yeni bir hal ihtiyac\u0131n\u0131n acil oldu\u011funu g\u00fcndeme ta\u015f\u0131d\u0131. Ekmen, Mut Ziraat Odas\u0131 Ba\u015fkan\u0131 Muharrem Y\u0131lmaz ve y\u00f6netimini ziyareti sonras\u0131 d\u00fczenledi\u011fi bas\u0131n toplant\u0131s\u0131nda, \u201cMut\u2019ta yar\u0131m aksak bir toptanc\u0131 hali oldu\u011funu\u201d dile getirdi.<\/p>\n<p>Sebze hali olmad\u0131\u011f\u0131 i\u00e7in \u00e7ift\u00e7i \u00fcr\u00fcn\u00fcn\u00fc vadeyle sat\u0131yor <\/p>\n<p>Mut Hali ile ilgili tahsis i\u015flemlerinin derhal yap\u0131lmas\u0131 gerekti\u011fini kaydeden Ekmen, \u015funlar\u0131 s\u00f6yledi:<\/p>\n<p> \u201cMut ve G\u00fclnar havzas\u0131 bir arada d\u00fc\u015f\u00fcn\u00fclmeli. Bug\u00fcn itibariyle T\u00fcrkiye&#8217;nin sofral\u0131k kays\u0131s\u0131n\u0131 Nisan-May\u0131s aylar\u0131ndan Mut kar\u015f\u0131l\u0131yor. Ama Mut\u2019lu \u00e7ift\u00e7i do\u011fru d\u00fczg\u00fcn bir hal olmad\u0131\u011f\u0131 i\u00e7in \u00fcr\u00fcn\u00fcn\u00fc t\u00fcccara vadeyle sat\u0131yor. Bir\u00e7ok \u00fcr\u00fcn pe\u015fin sat\u0131l\u0131yor ama kay\u0131s\u0131 3-5-6 ay vadeyle sat\u0131l\u0131yor. Burada zaten yar\u0131m aksak bir hal var. Ancak bu hali yeniden y\u0131k\u0131p in\u015fa etmemiz laz\u0131m. Mersin B\u00fcy\u00fck\u015fehir Belediyesi, Mersin B\u00fcy\u00fck\u015fehir Belediye Ba\u015fkan\u0131 Vahap Se\u00e7er yeni hal projesine haz\u0131r oldu\u011funu s\u00f6yl\u00fcyor. Ancak bu alan \u00c7evre ve \u015eehircilik Bakanl\u0131\u011f\u0131&#8217;na ait oldu\u011fu i\u00e7in tahsis yaz\u0131s\u0131 aylard\u0131r Ankara&#8217;da bekliyor. \u00c7evre ve \u015eehircilik Bakan\u0131 Say\u0131n Murat Kurum&#8217;a sesleniyoruz. Say\u0131n Bakan l\u00fctfen bu belediye muhalefet belediyesidir diye d\u00fc\u015f\u00fcnmeyiniz. Bu alan\u0131n tahsis s\u00fcrecini tamamlay\u0131n\u0131z ki burada bir hal in\u015fa edilsin. Sebze ve Toptanc\u0131 Hali ile Mut ve G\u00fclnarl\u0131 \u00e7ift\u00e7imiz daha ciddi kazan\u00e7 elde edecek.\u201d<\/p>\n<p>AK Parti MKYK \u00dcyesi Mustafa Seven\u2019e de seslenen Ekmen, \u201cMemleketiniz Mut\u2019un meyve sebze halinin arazi tahsisini yak\u0131ndan takip etti\u011finizi zannediyorum. Siz de bu s\u00fcreci destekleyin ve bu tahsisat bir an \u00f6nce bitsin.\u201d dedi.<\/p>\n","protected":false},"excerpt":{"rendered":"<p>DEVA Partisi Genel Ba\u015fkan Yard\u0131mc\u0131s\u0131 Mehmet Emin Ekmen, Mut Sebze ve Toptanc\u0131 Hali ile ilgili tahsis i\u015flemlerinin bir t\u00fcrl\u00fc yap\u0131lmamas\u0131n\u0131 TBMM g\u00fcndemine getirdi. Ekmen, \u00c7evre \u015eehircilik Bakan\u0131 Murat Kurum\u2019a \u00e7a\u011fr\u0131da &hellip; <a href=\"https:\/\/akdenizolaygazetesi.com\/?p=31772\" class=\"more-link\">Devam\u0131n\u0131 Oku&#8230;<\/a><\/p>\n","protected":false},"author":2,"featured_media":31773,"comment_status":"open","ping_status":"open","sticky":false,"template":"","format":"standard","meta":[],"categories":[1,2,3],"tags":[],"_links":{"self":[{"href":"https:\/\/akdenizolaygazetesi.com\/index.php?rest_route=\/wp\/v2\/posts\/31772"}],"collection":[{"href":"https:\/\/akdenizolaygazetesi.com\/index.php?rest_route=\/wp\/v2\/posts"}],"about":[{"href":"https:\/\/akdenizolaygazetesi.com\/index.php?rest_route=\/wp\/v2\/types\/post"}],"author":[{"embeddable":true,"href":"https:\/\/akdenizolaygazetesi.com\/index.php?rest_route=\/wp\/v2\/users\/2"}],"replies":[{"embeddable":true,"href":"https:\/\/akdenizolaygazetesi.com\/index.php?rest_route=%2Fwp%2Fv2%2Fcomments&post=31772"}],"version-history":[{"count":1,"href":"https:\/\/akdenizolaygazetesi.com\/index.php?rest_route=\/wp\/v2\/posts\/31772\/revisions"}],"predecessor-version":[{"id":31774,"href":"https:\/\/akdenizolaygazetesi.com\/index.php?rest_route=\/wp\/v2\/posts\/31772\/revisions\/31774"}],"wp:featuredmedia":[{"embeddable":true,"href":"https:\/\/akdenizolaygazetesi.com\/index.php?rest_route=\/wp\/v2\/media\/31773"}],"wp:attachment":[{"href":"https:\/\/akdenizolaygazetesi.com\/index.php?rest_route=%2Fwp%2Fv2%2Fmedia&parent=31772"}],"wp:term":[{"taxonomy":"category","embeddable":true,"href":"https:\/\/akdenizolaygazetesi.com\/index.php?rest_route=%2Fwp%2Fv2%2Fcategories&post=31772"},{"taxonomy":"post_tag","embeddable":true,"href":"https:\/\/akdenizolaygazetesi.com\/index.php?rest_route=%2Fwp%2Fv2%2Ftags&post=31772"}],"curies":[{"name":"wp","href":"https:\/\/api.w.org\/{rel}","templated":true}]}}