{"id":31792,"date":"2024-09-06T12:47:54","date_gmt":"2024-09-06T09:47:54","guid":{"rendered":"http:\/\/akdenizolaygazetesi.com\/?p=31792"},"modified":"2024-09-06T12:47:54","modified_gmt":"2024-09-06T09:47:54","slug":"yenisehir-belediyesinin-egitim-projesi-diger-belediyelere-de-ornek-oluyor","status":"publish","type":"post","link":"https:\/\/akdenizolaygazetesi.com\/?p=31792","title":{"rendered":"Yeni\u015fehir Belediyesinin e\u011fitim projesi di\u011fer belediyelere de \u00f6rnek oluyor"},"content":{"rendered":"<p>Mersin Yeni\u015fehir Belediye Ba\u015fkan\u0131 Abdullah \u00d6zyi\u011fit ve Giresun G\u00f6rele Belediye Ba\u015fkan\u0131 Hasbi Dede, Yeni\u015fehir Belediyesinin T\u00fcrkiye\u2019de bir ilke imza atarak ba\u015flatt\u0131\u011f\u0131 Erken \u00c7ocukluk Geli\u015fimi Yeni\u015fehir Modeli projesinin G\u00f6rele\u2019de uygulanmas\u0131 ile ilgili i\u015f birli\u011fi protokol\u00fc imzalad\u0131. Ba\u015fkan \u00d6zyi\u011fit, \u201c\u00c7ocuklar\u0131m\u0131z bizim en de\u011ferli varl\u0131klar\u0131m\u0131z, sa\u011fl\u0131kl\u0131 olmalar\u0131 ve iyi bir e\u011fitim almalar\u0131 i\u00e7in hep birlikte t\u00fcm g\u00fcc\u00fcm\u00fczle \u00e7al\u0131\u015fmaya devam edece\u011fiz.\u201d dedi.<br \/>\nYeni\u015fehir Belediye Ba\u015fkan\u0131 Abdullah \u00d6zyi\u011fit, Mersin\u2019e gelen G\u00f6rele Belediye Ba\u015fkan\u0131 Hasbi Dede\u2019yi a\u011f\u0131rlad\u0131. Ba\u015fkan Abdullah \u00d6zyi\u011fit ile bulu\u015fan Ba\u015fkan Dede daha sonra Yeni\u015fehir Belediyesinin hayata ge\u00e7irdi\u011fi Erken \u00c7ocukluk Geli\u015fimi Yeni\u015fehir Modeli projesi kapsam\u0131nda a\u00e7\u0131lan \u00d6mer Faruk \u0130lbilgen Beceri Temelli E\u011fitim Merkezi(BETEM)\u2019ni ziyaret etti. Yeni\u015fehir Belediyesi Akademi Koordinat\u00f6r\u00fc Raif \u00c7akmak\u2019tan proje hakk\u0131nda bilgi alan Ba\u015fkan Hasbi Dede, projeyi G\u00f6rele\u2019de ba\u015flatmak istediklerini s\u00f6yledi.<br \/>\n\u201cProje bilgi ile ilgili deneyimlerimizi belediyelerimizle ve kurumlarla payla\u015f\u0131yoruz.\u201d<br \/>\nYeni\u015fehir Belediye Ba\u015fkan\u0131 Abdullah \u00d6zyi\u011fit ve G\u00f6rele Belediye Ba\u015fkan\u0131 Hasbi Dede aras\u0131nda e\u011fitim ba\u015fta olmak \u00fczere k\u00fclt\u00fcr, sanat ve sosyal belediyecilik alanlar\u0131nda i\u015f birli\u011fi yap\u0131lmas\u0131 amac\u0131yla protokol imzaland\u0131. E\u011fitim projeleri ile ilgili G\u00f6rele Belediyesine destek vereceklerini ifade eden Ba\u015fkan Abdullah \u00d6zyi\u011fit, \u201cG\u00f6rele Belediye Ba\u015fkan\u0131m\u0131z Say\u0131n Hasbi Dede, 2019 y\u0131l\u0131nda T\u00fcrkiye\u2019de bir ilk olarak hayata ge\u00e7irdi\u011fimiz Erken \u00c7ocukluk Geli\u015fimi Yeni\u015fehir Modeli projemizi, G\u00f6rele\u2019de uygulamakla ilgili bir d\u00fc\u015f\u00fcncelerinin oldu\u011funu s\u00f6yledi. Biz de seve seve her konuda kendilerine destek verece\u011fimizi ilettik. Projemiz 0-3 ya\u015f anne ve baba e\u011fitimi, 3-6 ya\u015f Beceri Temelli E\u011fitim(BETEM), geli\u015fim de\u011ferlendirme uygulamalar\u0131 ve ilkokuldan olu\u015fuyor. T\u00fcm ayr\u0131nt\u0131lar\u0131 kendileriyle payla\u015ft\u0131k. Proje ile ilgili bilgi ve deneyimlerimizi belediyelerimizle ve kurumlarla payla\u015f\u0131yoruz.  \u00c7ocuklar\u0131m\u0131z bizim en de\u011ferli varl\u0131klar\u0131m\u0131z, sa\u011fl\u0131kl\u0131 olmalar\u0131 ve iyi bir e\u011fitim almalar\u0131 i\u00e7in t\u00fcm g\u00fcc\u00fcm\u00fczle \u00e7al\u0131\u015fmaya devam edece\u011fiz.  Ba\u015fkan\u0131m\u0131z Say\u0131n Hasbi Dede\u2019yi duyarl\u0131l\u0131\u011f\u0131ndan dolay\u0131 tebrik ediyorum.\u201d diye konu\u015ftu.  G\u00f6rele Belediye Ba\u015fkan\u0131 Hasbi Dede ise yapt\u0131\u011f\u0131 a\u00e7\u0131klamada projenin \u00e7ocuklar\u0131n gelece\u011fi i\u00e7in \u00e7ok \u00f6nemli oldu\u011funu ve G\u00f6rele\u2019de uygulamak i\u00e7in \u00e7al\u0131\u015fma yapacaklar\u0131n\u0131 s\u00f6yledi. Ba\u015fkan Dede, projeden dolay\u0131 Yeni\u015fehir Belediye Ba\u015fkan\u0131 Abdullah \u00d6zyi\u011fit&#8217;i tebrik ederek, desteklerinden dolay\u0131 te\u015fekk\u00fcr etti.<br \/>\nYeni\u015fehir Belediyesi projesiyle daha \u00f6nce Birle\u015fmi\u015f Milletler \u00c7ocuklara Yard\u0131m Fonu(UNICEF) ve Erken \u00c7ocukluk Geli\u015fimi Sivil Toplum Kurulu\u015flar\u0131 Platformu (E\u00c7G-P) taraf\u0131ndan d\u00fczenlenen \u201cUluslararas\u0131 Erken \u00c7ocukluk Geli\u015fimi Kongresi\u201dne ve  Marmara Belediyeler Birli\u011fi ile \u0130stanbul Planlama Ajans\u0131(\u0130PA) taraf\u0131ndan d\u00fczenlenen \u201cKentte Erken \u00c7ocukluk  E\u011fitimi Program\u0131\u201dna davet edilmi\u015fti.<br \/>\nYeni\u015fehir Belediyesi ayr\u0131ca Cumhurba\u015fkanl\u0131\u011f\u0131 Strateji ve B\u00fct\u00e7e Ba\u015fkanl\u0131\u011f\u0131 ile UNICEF i\u015f birli\u011fiyle haz\u0131rlanan 2023-2028 Erken \u00c7ocukluk Geli\u015fimi Stratejisi ve Ulusal Eylem Plan\u0131 i\u00e7in davet alm\u0131\u015f,  proje kapsam\u0131nda hayata ge\u00e7irilen \u00e7al\u0131\u015fmalar\u0131 sunmu\u015ftu. <\/p>\n","protected":false},"excerpt":{"rendered":"<p>Mersin Yeni\u015fehir Belediye Ba\u015fkan\u0131 Abdullah \u00d6zyi\u011fit ve Giresun G\u00f6rele Belediye Ba\u015fkan\u0131 Hasbi Dede, Yeni\u015fehir Belediyesinin T\u00fcrkiye\u2019de bir ilke imza atarak ba\u015flatt\u0131\u011f\u0131 Erken \u00c7ocukluk Geli\u015fimi Yeni\u015fehir Modeli projesinin G\u00f6rele\u2019de uygulanmas\u0131 ile &hellip; <a href=\"https:\/\/akdenizolaygazetesi.com\/?p=31792\" class=\"more-link\">Devam\u0131n\u0131 Oku&#8230;<\/a><\/p>\n","protected":false},"author":2,"featured_media":31793,"comment_status":"open","ping_status":"open","sticky":false,"template":"","format":"standard","meta":[],"categories":[1,2,3],"tags":[],"_links":{"self":[{"href":"https:\/\/akdenizolaygazetesi.com\/index.php?rest_route=\/wp\/v2\/posts\/31792"}],"collection":[{"href":"https:\/\/akdenizolaygazetesi.com\/index.php?rest_route=\/wp\/v2\/posts"}],"about":[{"href":"https:\/\/akdenizolaygazetesi.com\/index.php?rest_route=\/wp\/v2\/types\/post"}],"author":[{"embeddable":true,"href":"https:\/\/akdenizolaygazetesi.com\/index.php?rest_route=\/wp\/v2\/users\/2"}],"replies":[{"embeddable":true,"href":"https:\/\/akdenizolaygazetesi.com\/index.php?rest_route=%2Fwp%2Fv2%2Fcomments&post=31792"}],"version-history":[{"count":1,"href":"https:\/\/akdenizolaygazetesi.com\/index.php?rest_route=\/wp\/v2\/posts\/31792\/revisions"}],"predecessor-version":[{"id":31794,"href":"https:\/\/akdenizolaygazetesi.com\/index.php?rest_route=\/wp\/v2\/posts\/31792\/revisions\/31794"}],"wp:featuredmedia":[{"embeddable":true,"href":"https:\/\/akdenizolaygazetesi.com\/index.php?rest_route=\/wp\/v2\/media\/31793"}],"wp:attachment":[{"href":"https:\/\/akdenizolaygazetesi.com\/index.php?rest_route=%2Fwp%2Fv2%2Fmedia&parent=31792"}],"wp:term":[{"taxonomy":"category","embeddable":true,"href":"https:\/\/akdenizolaygazetesi.com\/index.php?rest_route=%2Fwp%2Fv2%2Fcategories&post=31792"},{"taxonomy":"post_tag","embeddable":true,"href":"https:\/\/akdenizolaygazetesi.com\/index.php?rest_route=%2Fwp%2Fv2%2Ftags&post=31792"}],"curies":[{"name":"wp","href":"https:\/\/api.w.org\/{rel}","templated":true}]}}