{"id":31801,"date":"2024-09-09T11:43:47","date_gmt":"2024-09-09T08:43:47","guid":{"rendered":"http:\/\/akdenizolaygazetesi.com\/?p=31801"},"modified":"2024-09-09T11:43:47","modified_gmt":"2024-09-09T08:43:47","slug":"karaduvarli-genclerin-ve-cocuklarin-festivali-17-karaduvar-tarim-balikcilik-ve-cevre-festivali","status":"publish","type":"post","link":"https:\/\/akdenizolaygazetesi.com\/?p=31801","title":{"rendered":"KARADUVARLI GEN\u00c7LER\u0130N VE \u00c7OCUKLARIN FEST\u0130VAL\u0130: &#8217;17. KARADUVAR TARIM, BALIK\u00c7ILIK VE \u00c7EVRE FEST\u0130VAL\u0130"},"content":{"rendered":"<p>Karaduvar halk\u0131n\u0131n ve \u00e7ocuklar\u0131n\u0131n heyecanla bekledi\u011fi \u201817. Karaduvar Tar\u0131m, Bal\u0131k\u00e7\u0131l\u0131k ve \u00c7evre Festivali\u2019, Mersin B\u00fcy\u00fck\u015fehir Belediyesi\u2019nin destekleriyle yap\u0131ld\u0131. Karaduvar Mahallesi\u2019nde muhtarl\u0131k alan\u0131nda d\u00fczenlenen festivalin i\u00e7eri\u011finde oyunlar, danslar ve konserler vard\u0131. Sabah\u0131n erken saatlerinde yoga ve deniz etkinli\u011fi ile ba\u015flayan festival, kortej y\u00fcr\u00fcy\u00fc\u015f\u00fc, dans, m\u00fczik ve sporla devam etti. G\u00fcn boyu s\u00fcren festivalde Mersin B\u00fcy\u00fck\u015fehir Belediyesi ekipleri, alana kurduklar\u0131 platformlarla vatanda\u015flar\u0131 birbirinden farkl\u0131 etkinliklerle bulu\u015fturdu.<br \/>\nHer y\u0131l Karaduvar halk\u0131n\u0131n ve \u00e7ocuklar\u0131n\u0131n heyecanla bekledi\u011fi \u2018Karaduvar Tar\u0131m, Bal\u0131k\u00e7\u0131l\u0131k ve \u00c7evre Festivali\u2019nin 17.si yap\u0131ld\u0131. Mersin B\u00fcy\u00fck\u015fehir Belediyesi ve sponsorlar\u0131n destekleriyle, Karaduvar Mahallesi\u2019nde muhtarl\u0131k alan\u0131nda d\u00fczenlenen festivalin i\u00e7eri\u011finde oyunlar, danslar ve konserler vard\u0131. Sabah\u0131n erken saatlerinde yoga ve deniz etkinli\u011fi ile ba\u015flayan festival, kortej y\u00fcr\u00fcy\u00fc\u015f\u00fc ile devam etti.<br \/>\nMersin B\u00fcy\u00fck\u015fehir Belediyesi Bandosu\u2019nun keyifli m\u00fcziklerle yer ald\u0131\u011f\u0131 kortej sonras\u0131 \u00e7e\u015fitli etkinlikler ger\u00e7ekle\u015ftirildi. \u00c7ocuk etkinlikleri kapsam\u0131nda tiyatro, dans etkinlikleri kapsam\u0131nda ise K-Pop g\u00f6sterilerinin oldu\u011fu festivalde, farkl\u0131 aktivite stantlar\u0131 da yer ald\u0131. \u00c7ocuklar\u0131n ve gen\u00e7lerin aylar \u00f6ncesinden haz\u0131rl\u0131klar\u0131na ba\u015flad\u0131\u011f\u0131 festivalde, hem Karaduvar halk\u0131 hem de kat\u0131l\u0131mc\u0131lar e\u011flenceli saatler ya\u015fad\u0131. G\u00fcn boyu s\u00fcren festivalde Mersin B\u00fcy\u00fck\u015fehir Belediyesi ekipleri, alana kurduklar\u0131 farkl\u0131 platformlarla vatanda\u015flar\u0131 birbirinden farkl\u0131 etkinliklerle bulu\u015fturdu.<br \/>\nG\u00fcnd\u00fcz\u00fc ayr\u0131 ak\u015fam\u0131 ayr\u0131 g\u00fczel festival<br \/>\nG\u00fcnd\u00fcz saatlerinde alan\u0131 dolduran \u00e7ocuklara B\u00fcy\u00fck\u015fehir Belediyesi ekipleri, farkl\u0131 farkl\u0131 aktiviteler haz\u0131rland\u0131. Y\u00fcz boyama, \u00e7ocuk dans aktivitesi ve \u015fi\u015fme oyun parklar\u0131 etkinliklerinin yer ald\u0131\u011f\u0131 festivalde pamuk \u015feker ve patlam\u0131\u015f m\u0131s\u0131r gibi ikraml\u0131klar da da\u011f\u0131t\u0131ld\u0131. Alanda kurulan kompost ve s\u0131f\u0131r at\u0131k stantlar\u0131 da \u00e7ocuklar\u0131n nas\u0131l kompost yapabileceklerini \u00f6\u011fretirken, ekim-dikim at\u00f6lyesinde \u00e7ocuklar, elleriyle \u00e7i\u00e7ek dikti. Sportif faaliyetler kapsam\u0131nda ise alana kurulan parkurlarda \u00e7ocuklara spor yapt\u0131r\u0131ld\u0131.<br \/>\nGen\u00e7lerin ak\u015fam ak\u0131n etti\u011fi ve \u2018Oldu\u011fu Gibi\u2019 ile \u20185 Dakikaya Oraday\u0131m\u2019 m\u00fczik gruplar\u0131n\u0131n konser verdi\u011fi festivalde, MBB T\u00fcrk M\u00fczi\u011fi Toplulu\u011fu da sahne ald\u0131.<br \/>\n\u201cBayrak yar\u0131\u015f\u0131 gibi bir festival\u201d<br \/>\nMersin B\u00fcy\u00fck\u015fehir Belediyesi Kad\u0131n ve Aile Hizmetleri Dairesi Ba\u015fkanl\u0131\u011f\u0131 personeli ve Karaduvar K\u00fclt\u00fcr Sanat Spor ve E\u011fitim Derne\u011fi Ba\u015fkan\u0131 Vahide Dengiz, 3 ayd\u0131r bu festival i\u00e7in haz\u0131rland\u0131klar\u0131n\u0131 ifade ederek, \u201cSabah\u0131n ilk saatlerinde yoga ve denize giri\u015f ile ba\u015flad\u0131k. Saat 6 gibi halk\u0131 selamlad\u0131k. Sahnede \u00e7ocuk etkinlikleri ve m\u00fczik gruplar\u0131n\u0131n performanslar\u0131 sahnelendi\u201d dedi. Festivalin geleneksel olmas\u0131n\u0131n \u00f6nemine vurgu yapan Dengiz, \u201cBu festivalde ben \u00e7ocuk olarak ba\u015flad\u0131m. Sonra \u00f6\u011fretmenlik yapt\u0131m. \u015eimdi \u00f6\u011frencilerim \u00f6\u011fretmenlik yap\u0131yor. Bayrak yar\u0131\u015f\u0131 gibi bir festival\u201d ifadelerini kulland\u0131.<br \/>\n\u201cFestival her y\u0131l daha da g\u00fczel oluyor\u201d<br \/>\nFestivale kat\u0131lan Zerrin Y\u0131ld\u0131r\u0131m, k\u0131z\u0131n\u0131n dans g\u00f6sterisi oldu\u011funu ifade ederek, \u201cFestival \u00e7ok g\u00fczel ge\u00e7iyor, e\u011fleniyoruz. K\u0131z\u0131m 2 ayd\u0131r bu festivale haz\u0131rlan\u0131yordu, dans etti. Hep beraber e\u011flendik, vakit ge\u00e7irdik\u201d dedi.<br \/>\nVatanda\u015flardan Neslihan Sayar da \u201cFestival g\u00fczel, her y\u0131l daha da g\u00fczel oluyor. Arkada\u015flar\u0131mla \u00e7ok e\u011fleniyoruz. Her y\u0131l beraber geliyoruz\u201d diye konu\u015ftu.<br \/>\n\u201c\u00c7ocuklar i\u00e7in g\u00fczel aktiviteler vard\u0131\u201d<br \/>\nFestivali ba\u015flad\u0131\u011f\u0131 andan itibaren takip eden Bilgin Yal\u00e7\u0131n, \u201cFestival g\u00fczel ge\u00e7iyor. Biz g\u00fcnd\u00fcz de geldik, \u00e7ocuklar i\u00e7in g\u00fczel aktiviteler vard\u0131. \u00c7ocuklar baya\u011f\u0131 e\u011flendi. B\u00fcy\u00fck\u015fehir Belediyesi\u2019ne te\u015fekk\u00fcr ederim\u201d ifadelerini kulland\u0131.<br \/>\nFestival i\u00e7in arkada\u015flar\u0131n\u0131n \u00e7ok emek harcad\u0131\u011f\u0131n\u0131 s\u00f6yleyen Birg\u00fcl Akar, \u201c\u00c7ocuklar\u0131m\u0131z\u0131 g\u00fczel tiyatrolara haz\u0131rlad\u0131lar. Memnunuz. Konserler g\u00fczel, gen\u00e7lerimiz \u00e7ok g\u00fczel \u00e7al\u0131yorlar\u201d diye belirtirken, festivale torunuyla gelen Necmettin Toks\u00f6z ise festival, \u201c\u00c7ok g\u00fczel. Torunumla beraber e\u011fleniyoruz.  Di\u011fer torunum da sahneye \u00e7\u0131kt\u0131. Memnunuz, devam\u0131n\u0131 diliyoruz\u201d c\u00fcmleleriyle de\u011ferlendirdi.<\/p>\n","protected":false},"excerpt":{"rendered":"<p>Karaduvar halk\u0131n\u0131n ve \u00e7ocuklar\u0131n\u0131n heyecanla bekledi\u011fi \u201817. Karaduvar Tar\u0131m, Bal\u0131k\u00e7\u0131l\u0131k ve \u00c7evre Festivali\u2019, Mersin B\u00fcy\u00fck\u015fehir Belediyesi\u2019nin destekleriyle yap\u0131ld\u0131. Karaduvar Mahallesi\u2019nde muhtarl\u0131k alan\u0131nda d\u00fczenlenen festivalin i\u00e7eri\u011finde oyunlar, danslar ve konserler vard\u0131. &hellip; <a href=\"https:\/\/akdenizolaygazetesi.com\/?p=31801\" class=\"more-link\">Devam\u0131n\u0131 Oku&#8230;<\/a><\/p>\n","protected":false},"author":2,"featured_media":31802,"comment_status":"open","ping_status":"open","sticky":false,"template":"","format":"standard","meta":[],"categories":[1,2,3],"tags":[],"_links":{"self":[{"href":"https:\/\/akdenizolaygazetesi.com\/index.php?rest_route=\/wp\/v2\/posts\/31801"}],"collection":[{"href":"https:\/\/akdenizolaygazetesi.com\/index.php?rest_route=\/wp\/v2\/posts"}],"about":[{"href":"https:\/\/akdenizolaygazetesi.com\/index.php?rest_route=\/wp\/v2\/types\/post"}],"author":[{"embeddable":true,"href":"https:\/\/akdenizolaygazetesi.com\/index.php?rest_route=\/wp\/v2\/users\/2"}],"replies":[{"embeddable":true,"href":"https:\/\/akdenizolaygazetesi.com\/index.php?rest_route=%2Fwp%2Fv2%2Fcomments&post=31801"}],"version-history":[{"count":1,"href":"https:\/\/akdenizolaygazetesi.com\/index.php?rest_route=\/wp\/v2\/posts\/31801\/revisions"}],"predecessor-version":[{"id":31803,"href":"https:\/\/akdenizolaygazetesi.com\/index.php?rest_route=\/wp\/v2\/posts\/31801\/revisions\/31803"}],"wp:featuredmedia":[{"embeddable":true,"href":"https:\/\/akdenizolaygazetesi.com\/index.php?rest_route=\/wp\/v2\/media\/31802"}],"wp:attachment":[{"href":"https:\/\/akdenizolaygazetesi.com\/index.php?rest_route=%2Fwp%2Fv2%2Fmedia&parent=31801"}],"wp:term":[{"taxonomy":"category","embeddable":true,"href":"https:\/\/akdenizolaygazetesi.com\/index.php?rest_route=%2Fwp%2Fv2%2Fcategories&post=31801"},{"taxonomy":"post_tag","embeddable":true,"href":"https:\/\/akdenizolaygazetesi.com\/index.php?rest_route=%2Fwp%2Fv2%2Ftags&post=31801"}],"curies":[{"name":"wp","href":"https:\/\/api.w.org\/{rel}","templated":true}]}}