{"id":31820,"date":"2024-09-09T15:57:59","date_gmt":"2024-09-09T12:57:59","guid":{"rendered":"http:\/\/akdenizolaygazetesi.com\/?p=31820"},"modified":"2024-09-09T15:57:59","modified_gmt":"2024-09-09T12:57:59","slug":"turkiyenin-1-partisi-chp-101-yasinda","status":"publish","type":"post","link":"https:\/\/akdenizolaygazetesi.com\/?p=31820","title":{"rendered":"T\u00dcRK\u0130YE\u2019N\u0130N 1. PART\u0130S\u0130 CHP 101 YA\u015eINDA"},"content":{"rendered":"<p>Mersin B\u00fcy\u00fck\u015fehir Belediye Ba\u015fkan\u0131 Vahap Se\u00e7er, CHP Mersin \u0130l Ba\u015fkanl\u0131\u011f\u0131 taraf\u0131ndan d\u00fczenlenen 101. kurulu\u015f y\u0131l d\u00f6n\u00fcm\u00fc \u00e7elenk sunma t\u00f6renine kat\u0131ld\u0131. <\/p>\n<p>Partililere \u201cDo\u011fum g\u00fcn\u00fcm\u00fcz kutlu olsun\u201d diye seslenen Se\u00e7er, Ulu \u00d6nder Mustafa Kemal Atat\u00fcrk\u2019\u00fcn iki eserinden birinin Cumhuriyet Halk Partisi oldu\u011funu ifade ederek, \u201cPartimiz, kurtulu\u015fun ve kurulu\u015fun partisidir. Cumhuriyet Halk Partisi bir m\u00fccadelenin \u00fcr\u00fcn\u00fcd\u00fcr. Cumhuriyet Halk Partisi halk\u0131n partisidir, kimsesizlerin kimsesidir. Cumhuriyet Halk Partisi \u00fclkenin ulu \u00e7\u0131nar\u0131d\u0131r. Partimizle ne kadar \u00f6v\u00fcn\u00e7 duysak azd\u0131r\u201d dedi. <\/p>\n<p>Se\u00e7er, yerel se\u00e7imlerin vatanda\u015flar\u0131n \u00fczerinde olumlu bir enerji b\u0131rakt\u0131\u011f\u0131n\u0131 belirterek, \u201cYerel se\u00e7imler herkese bir moral ve enerji verdi. Zaten bizim sahip oldu\u011fumuz kudret; partimizin k\u00f6kl\u00fc ge\u00e7mi\u015finde, Mustafa Kemal Atat\u00fcrk\u2019\u00fcn ilkelerinde, yakt\u0131\u011f\u0131 ayd\u0131nlanma me\u015falesinde sakl\u0131d\u0131r\u201d dedi. \u201c\u0130ktidar\u0131m\u0131z yak\u0131nd\u0131r\u201d diyen Se\u00e7er, \u201cBunu \u00e7al\u0131\u015farak, birlik ve beraberlik i\u00e7erisinde sa\u011flayaca\u011f\u0131z. Do\u011fum g\u00fcn\u00fcm\u00fcz kutlu olsun, ya\u015fas\u0131n Cumhuriyet, ya\u015fas\u0131n Cumhuriyet Halk Partisi\u201d diye konu\u015ftu.<\/p>\n<p>Mersin B\u00fcy\u00fck\u015fehir Belediye Ba\u015fkan\u0131 Vahap Se\u00e7er, Cumhuriyet Halk Partisi (CHP) Mersin \u0130l Ba\u015fkanl\u0131\u011f\u0131 taraf\u0131ndan, CHP\u2019nin 101. kurulu\u015f y\u0131l d\u00f6n\u00fcm\u00fc dolay\u0131s\u0131yla d\u00fczenlenen \u00e7elenk sunma t\u00f6renine kat\u0131ld\u0131. <\/p>\n<p>Se\u00e7er: \u201cCumhuriyet Halk Partisi, halk\u0131n partisidir, kimsesizlerin kimsesidir\u201d<br \/>\nCumhuriyet Meydan\u0131\u2019nda d\u00fczenlenen t\u00f6rende Atat\u00fcrk An\u0131t\u0131\u2019na \u00e7elenk sunulmas\u0131n\u0131n ard\u0131ndan protokol konu\u015fmalar\u0131na ge\u00e7ildi. CHP\u2019nin 101. kurulu\u015f y\u0131ld\u00f6n\u00fcm\u00fcn\u00fc kutlayarak konu\u015fmas\u0131na ba\u015flayan Ba\u015fkan Se\u00e7er, partililere \u201cDo\u011fum g\u00fcn\u00fcm\u00fcz kutlu olsun!\u201d diye seslendi. Se\u00e7er, Ulu \u00d6nder Mustafa Kemal Atat\u00fcrk\u2019\u00fcn iki eserinden birinin Cumhuriyet Halk Partisi oldu\u011funu ifade ederek, \u201cPartimizin tarihi, yak\u0131n Cumhuriyet tarihidir. T\u00fcrkiye Cumhuriyeti\u2019nin tarihine bakt\u0131\u011f\u0131m\u0131z zaman Cumhuriyet Halk Partisi\u2019nin tarihini g\u00f6r\u00fcrs\u00fcn\u00fcz. Partimiz, kurtulu\u015fun ve kurulu\u015fun partisidir. Cumhuriyet Halk Partisi \u00fclkesini emperyalistlerden temizlemek isteyenlerin ortaya koydu\u011fu iradenin \u00fcr\u00fcn\u00fcd\u00fcr. Cumhuriyet Halk Partisi bir m\u00fccadelenin \u00fcr\u00fcn\u00fcd\u00fcr. Cumhuriyet Halk Partisi halk\u0131n partisidir, kimsesizlerin kimsesidir. Cumhuriyet Halk Partisi \u00fclkenin ulu \u00e7\u0131nar\u0131d\u0131r. T\u00fcrkiye\u2019nin de\u011fil d\u00fcnyan\u0131n en kadim, en k\u00f6kl\u00fc, en birikimli partisidir. Partimizle ne kadar \u00f6v\u00fcn\u00e7 duysak azd\u0131r\u201d dedi. <\/p>\n<p>\u201cGururla, izinde y\u00fcr\u00fcd\u00fc\u011f\u00fcn\u00fcz bu kadrolar demokratik T\u00fcrkiye Cumhuriyeti\u2019ni yaratt\u0131lar\u201d<br \/>\nSe\u00e7er, CHP ve onun kadrolar\u0131n\u0131n; laik, demokratik T\u00fcrkiye Cumhuriyeti\u2019nin olu\u015fmas\u0131n\u0131n ilk kilometre ta\u015flar\u0131n\u0131 d\u00f6\u015fedi\u011fini belirterek, \u201cCumhuriyeti, kurumlar\u0131n\u0131 kurdular. Yasalar\u0131, d\u00fczenlemeleri yapt\u0131lar. Cumhuriyet Halk Partisi; daha d\u00fcnyada kad\u0131n\u0131n ad\u0131 yokken, \u2018Kad\u0131n; vatanda\u015flar i\u00e7erisinde cinsiyet ayr\u0131m\u0131na u\u011framadan e\u015fit yurtta\u015ft\u0131r, hem se\u00e7ilme hem se\u00e7me hakk\u0131na sahip\u2019 diyenlerin kurdu\u011fu bir siyasi partidir. Partimizle ne kadar \u00f6v\u00fcn\u00e7 duysak azd\u0131r. \u00d6v\u00fcn\u00e7le, gururla, izinde y\u00fcr\u00fcd\u00fc\u011f\u00fcn\u00fcz bu kadrolar o imparatorlu\u011fun k\u00fcllerinden, laik, demokratik T\u00fcrkiye Cumhuriyeti\u2019ni yaratt\u0131lar\u201d diye konu\u015ftu. <\/p>\n<p>\u201cBu kadrolar tek partili d\u00f6nemden ustaca \u00fclkeyi demokrasi ile tan\u0131\u015ft\u0131rd\u0131lar\u201d<br \/>\nCHP kadrolar\u0131n\u0131n daima ilke olarak vatan sevgisini \u00f6nlerine koyduklar\u0131n\u0131 s\u00f6yleyen Se\u00e7er, partinin d\u00fcnya krizlerini a\u015ft\u0131\u011f\u0131n\u0131, darbeleri, toplumsal ve siyasal olaylar\u0131n \u00e7\u00f6z\u00fcm\u00fc i\u00e7in m\u00fccadele ettiklerini belitti. Se\u00e7er, \u201cBu kadrolar hi\u00e7bir zaman kendi geleceklerini ve siyasi ikballerini, partilerinin siyasi ikballerini \u00f6n plana koymad\u0131lar. Varsa yoksa; \u2018Vatan\u0131m\u0131z, milletimiz ba\u015f\u0131m\u0131z\u0131n tac\u0131d\u0131r\u2019 dediler, halk iradesini \u00f6nemsediler. Tek partili d\u00f6nemden ustaca \u00fclkeyi demokrasi ile tan\u0131\u015ft\u0131rd\u0131lar, partiler kurdurdular. B\u00f6yle bir iradenin neferleri ve yol arkada\u015flar\u0131 olarak \u00fcz\u00fclerek ifade edeyim ki; 100 y\u0131l sonra sanki tarih tekerr\u00fcr ediyor\u201d ifadelerine yer verdi. <\/p>\n<p>\u201cT\u00fcrkiye \u00e7eyrek as\u0131rd\u0131r tek bir irade taraf\u0131ndan y\u00fcr\u00fct\u00fcl\u00fcyor\u201d<br \/>\n\u00c7ok partili sisteme ge\u00e7i\u015f d\u00f6neminde ya\u015fanan toplumsal sorunlar\u0131n g\u00fcn\u00fcm\u00fczde de bi\u00e7im de\u011fi\u015ftirerek hala \u00fclkenin \u00f6n\u00fcnde durdu\u011fundan s\u00f6z eden Se\u00e7er, \u201c\u00c7eyrek as\u0131rd\u0131r T\u00fcrkiye Cumhuriyeti tek bir irade taraf\u0131ndan y\u00fcr\u00fct\u00fcl\u00fcyor. \u00c7eyrek as\u0131r \u00f6nce T\u00fcrkiye\u2019de olan hangi sorun alan\u0131 varsa, bug\u00fcn o sorun alanlar\u0131 \u00e7\u00f6z\u00fclmek bir yana; b\u00fcy\u00fcyerek, geli\u015ferek, katmerlenerek, artarak devam etti\u201d dedi. <\/p>\n<p>\u201c31 Mart se\u00e7imleri sonras\u0131 T\u00fcrk milletinin umudu tekrar ye\u015ferdi\u201d<br \/>\nCHP\u2019ye ve partililere bu s\u00fcre\u00e7te \u00e7ok \u00f6nemli g\u00f6revler d\u00fc\u015ft\u00fc\u011f\u00fcn\u00fc s\u00f6zlerine ekleyen Se\u00e7er, \u201cBug\u00fcn; 31 Mart 2024 se\u00e7imleri sonras\u0131, T\u00fcrkiye\u2019de T\u00fcrk Milleti\u2019nin umudunun tekrar ye\u015ferdi\u011fi bu d\u00f6nemler; bizim i\u00e7in sorumlulu\u011fumuzun, g\u00f6revimizin a\u011f\u0131r ve \u00f6nemli oldu\u011fu d\u00f6nemlerdir. Her birimiz, hepimiz bir aile gibi birbirimize s\u0131ms\u0131k\u0131 sar\u0131lmak durumunday\u0131z. Her \u015feyi her ortamda de\u011fil, gerekli yerlerde konu\u015fmak, sorunlar\u0131m\u0131z\u0131 aktarmak, hatta h\u00fck\u00fcmete ele\u015ftiri yapmak; her kafadan bir ses de\u011fil, bir harmoni \u00e7er\u00e7evesinde, kurumsal bir ciddiyet ve disiplin \u00e7er\u00e7evesinde bunu yapmak durumunday\u0131z\u201d diye konu\u015ftu.<\/p>\n<p>Ge\u00e7ti\u011fimiz g\u00fcnlerde yap\u0131lan CHP\u2019nin Ola\u011fan\u00fcst\u00fc T\u00fcz\u00fck Kurultay\u0131\u2019n\u0131 da an\u0131msatan Se\u00e7er, \u201cT\u00fcz\u00fck kurultay\u0131 yapt\u0131k, parti program\u0131 \u00e7al\u0131\u015ftaylar\u0131n\u0131 ba\u015flatt\u0131k. 10 ay sonra da parti program\u0131n\u0131n kurultay\u0131n\u0131 yapaca\u011f\u0131z. Yani \u00f6nce kendi i\u00e7 hukukumuzu d\u00fczenledik. Partimize hay\u0131rl\u0131 olsun. Ancak as\u0131l \u00f6nemli olan parti program\u0131m\u0131zd\u0131r, yani iktidar oldu\u011fumuz zaman bizim takip edece\u011fimiz yol haritam\u0131zd\u0131r. T\u00fcrkiye\u2019nin sorun alanlar\u0131nda; \u2018Parti ne d\u00fc\u015f\u00fcn\u00fcr, ne yapar, ne s\u00f6yler, nas\u0131l bir vaziyet al\u0131r, nas\u0131l bir \u00f6nlem al\u0131r, nas\u0131l bir politika \u00fcretir? Tar\u0131mda, sa\u011fl\u0131kta, e\u011fitimde T\u00fcrkiye\u2019nin t\u00fcm sorun alanlar\u0131nda, d\u0131\u015f politikada ne yapar?\u2019 diye hepsinin orada tercih edilmesi gerekir\u201d ifadelerini kulland\u0131.<\/p>\n<p>\u201cSahip oldu\u011fumuz kudret, Atat\u00fcrk\u2019\u00fcn yakt\u0131\u011f\u0131 ayd\u0131nlanma me\u015falesinde sakl\u0131\u201d<br \/>\nSe\u00e7er, yerel se\u00e7imlerin vatanda\u015flar\u0131n \u00fczerinde olumlu bir enerji b\u0131rakt\u0131\u011f\u0131n\u0131 s\u00f6zlerine ekleyerek, \u201cHerkesin umudu ye\u015ferdi. Yerel se\u00e7imler herkese bir moral ve enerji verdi. Zaten bizim sahip oldu\u011fumuz kudret, partimizin k\u00f6kl\u00fc ge\u00e7mi\u015finde, Mustafa Kemal Atat\u00fcrk\u2019\u00fcn ilkelerinde, yakt\u0131\u011f\u0131 ayd\u0131nlanma me\u015falesinde sakl\u0131d\u0131r. Bunu biliyoruz, bunu can\u0131 y\u00fcrekten g\u00f6r\u00fcyoruz ve inan\u0131yoruz. Bunu hep beraber ba\u015faraca\u011f\u0131z\u201d dedi.<\/p>\n<p>\u201c\u0130ktidar\u0131m\u0131z yak\u0131nd\u0131r\u201d<br \/>\n\u201c\u0130ktidar\u0131m\u0131z yak\u0131nd\u0131r\u201d diyerek konu\u015fmas\u0131n\u0131 s\u00fcrd\u00fcren Ba\u015fkan Se\u00e7er, bunu da \u00e7al\u0131\u015farak, birlik ve beraberlik i\u00e7erisinde sa\u011flayacaklar\u0131ndan s\u00f6z ederek, bundan da en k\u00fc\u00e7\u00fck endi\u015feleri olmad\u0131\u011f\u0131n\u0131 dile getirdi. Se\u00e7er, \u201cVatan\u0131m\u0131z\u0131, milletimizi seviyoruz, bar\u0131\u015f\u0131 ve insan haklar\u0131n\u0131 \u00f6nceliyoruz. \u2018Hukuk devleti, hak, hukuk, adalet\u2019 diyoruz. Bunu hayk\u0131rarak s\u00f6yl\u00fcyoruz ve s\u00f6ylemeye de devam edece\u011fiz. Ba\u015fta Ulu \u00d6nder Gazi Mustafa Kemal Atat\u00fcrk olmak \u00fczere t\u00fcm m\u00fccadele arkada\u015flar\u0131n\u0131n \u00f6n\u00fcnde sayg\u0131yla e\u011filiyorum, rahmetle an\u0131yorum, ruhlar\u0131 \u015fad olsun. Do\u011fum g\u00fcn\u00fcm\u00fcz kutlu olsun, ya\u015fas\u0131n Cumhuriyet, ya\u015fas\u0131n Cumhuriyet Halk Partisi\u201d diye konu\u015ftu. <\/p>\n<p>T\u00f6rende ayr\u0131ca; CHP Mersin \u0130l Ba\u015fkan\u0131 Koral \u00d6m\u00fcr, CHP Mersin Milletvekilleri G\u00fclcan K\u0131\u015f ile Hasan Ufuk \u00c7ak\u0131r, Yeni\u015fehir Belediye Ba\u015fkan\u0131 Abdullah \u00d6zyi\u011fit, CHP MYK \u00dcyesi Hatice Us ve CHP Gen\u00e7lik Kollar\u0131 Genel Ba\u015fkan Yard\u0131mc\u0131s\u0131 \u0130zzet K\u0131r\u0131lmaz da birer konu\u015fma yaparak, CHP\u2019nin 101. Kurulu\u015f y\u0131l d\u00f6n\u00fcm\u00fcn\u00fc kutlad\u0131lar. <\/p>\n","protected":false},"excerpt":{"rendered":"<p>Mersin B\u00fcy\u00fck\u015fehir Belediye Ba\u015fkan\u0131 Vahap Se\u00e7er, CHP Mersin \u0130l Ba\u015fkanl\u0131\u011f\u0131 taraf\u0131ndan d\u00fczenlenen 101. kurulu\u015f y\u0131l d\u00f6n\u00fcm\u00fc \u00e7elenk sunma t\u00f6renine kat\u0131ld\u0131. Partililere \u201cDo\u011fum g\u00fcn\u00fcm\u00fcz kutlu olsun\u201d diye seslenen Se\u00e7er, Ulu \u00d6nder &hellip; <a href=\"https:\/\/akdenizolaygazetesi.com\/?p=31820\" class=\"more-link\">Devam\u0131n\u0131 Oku&#8230;<\/a><\/p>\n","protected":false},"author":2,"featured_media":31821,"comment_status":"open","ping_status":"open","sticky":false,"template":"","format":"standard","meta":[],"categories":[1,2,3],"tags":[],"_links":{"self":[{"href":"https:\/\/akdenizolaygazetesi.com\/index.php?rest_route=\/wp\/v2\/posts\/31820"}],"collection":[{"href":"https:\/\/akdenizolaygazetesi.com\/index.php?rest_route=\/wp\/v2\/posts"}],"about":[{"href":"https:\/\/akdenizolaygazetesi.com\/index.php?rest_route=\/wp\/v2\/types\/post"}],"author":[{"embeddable":true,"href":"https:\/\/akdenizolaygazetesi.com\/index.php?rest_route=\/wp\/v2\/users\/2"}],"replies":[{"embeddable":true,"href":"https:\/\/akdenizolaygazetesi.com\/index.php?rest_route=%2Fwp%2Fv2%2Fcomments&post=31820"}],"version-history":[{"count":1,"href":"https:\/\/akdenizolaygazetesi.com\/index.php?rest_route=\/wp\/v2\/posts\/31820\/revisions"}],"predecessor-version":[{"id":31822,"href":"https:\/\/akdenizolaygazetesi.com\/index.php?rest_route=\/wp\/v2\/posts\/31820\/revisions\/31822"}],"wp:featuredmedia":[{"embeddable":true,"href":"https:\/\/akdenizolaygazetesi.com\/index.php?rest_route=\/wp\/v2\/media\/31821"}],"wp:attachment":[{"href":"https:\/\/akdenizolaygazetesi.com\/index.php?rest_route=%2Fwp%2Fv2%2Fmedia&parent=31820"}],"wp:term":[{"taxonomy":"category","embeddable":true,"href":"https:\/\/akdenizolaygazetesi.com\/index.php?rest_route=%2Fwp%2Fv2%2Fcategories&post=31820"},{"taxonomy":"post_tag","embeddable":true,"href":"https:\/\/akdenizolaygazetesi.com\/index.php?rest_route=%2Fwp%2Fv2%2Ftags&post=31820"}],"curies":[{"name":"wp","href":"https:\/\/api.w.org\/{rel}","templated":true}]}}