{"id":31829,"date":"2024-09-12T12:32:33","date_gmt":"2024-09-12T09:32:33","guid":{"rendered":"http:\/\/akdenizolaygazetesi.com\/?p=31829"},"modified":"2024-09-12T12:32:33","modified_gmt":"2024-09-12T09:32:33","slug":"baskan-secer-odalar-dernek-ve-stk-temsilcileriyle-bulustu","status":"publish","type":"post","link":"https:\/\/akdenizolaygazetesi.com\/?p=31829","title":{"rendered":"BA\u015eKAN SE\u00c7ER, ODALAR, DERNEK VE STK TEMS\u0130LC\u0130LER\u0130YLE BULU\u015eTU"},"content":{"rendered":"<p>Mersin B\u00fcy\u00fck\u015fehir Belediye Ba\u015fkan\u0131 Vahap Se\u00e7er, MTSO ev sahipli\u011finde d\u00fczenlenen &#8216;\u0130\u015f D\u00fcnyas\u0131 Temsilcileri Bulu\u015fmas\u0131&#8217;nda odalar, dernek ve ilgili STK&#8217;lar\u0131n temsilcileri ile bir araya geldi.  Se\u00e7er, ge\u00e7mi\u015f 5 y\u0131ll\u0131k de\u011ferlendirme yaparken, yeni d\u00f6nem makro projeler, Merkezi H\u00fck\u00fcmet&#8217;ten beklenen Mersin yat\u0131r\u0131mlar\u0131 hakk\u0131nda konu\u015ftu.<\/p>\n<p>D\u00fczenlenen toplant\u0131n\u0131n Mersin ve Mersin&#8217;in gelece\u011fi ad\u0131na \u00e7ok \u00f6nemli oldu\u011funu belirten Se\u00e7er, &#8220;Bug\u00fcn ana temam\u0131z ve konumuz Mersin&#8217;in g\u00fc\u00e7l\u00fc bir lobisi olmas\u0131 fark\u0131ndal\u0131\u011f\u0131 ve bunu nas\u0131l yapaca\u011f\u0131m\u0131z&#8221; dedi.<\/p>\n<p>Ge\u00e7ti\u011fimiz 5 y\u0131lda Mersin&#8217;e hizmet etmekten b\u00fcy\u00fck bir onur ve mutluluk duydu\u011funu ifade eden Se\u00e7er, &#8220;Bu kentin insanlar\u0131na bir kez daha Vahap Se\u00e7er&#8217;e g\u00f6n\u00fcl rahatl\u0131\u011f\u0131yla oy verdirmi\u015f olmaktan dolay\u0131 mutluyum&#8221; diye konu\u015ftu.<\/p>\n<p>Se\u00e7er, 5 y\u0131ll\u0131k g\u00f6rev s\u00fcresini de\u011ferlendirerek, kenti kat\u0131l\u0131mc\u0131 demokrasi ile y\u00f6netmeye gayret ettiklerini s\u00f6yleyerek, &#8220;Her kesimi kapsay\u0131c\u0131 dil ve y\u00f6netim anlay\u0131\u015f\u0131yla Mersin&#8217;de karde\u015flik, huzur, g\u00fcven ve ho\u015fg\u00f6r\u00fc ortam\u0131 yaratma gayreti i\u00e7erisinde olduk&#8221; diye belirtti. Kentte en \u00f6nemli yat\u0131r\u0131mlar\u0131n sosyal politikalar alan\u0131nda olmas\u0131 gerekti\u011fini ve bu alanda b\u00fcy\u00fck \u00e7al\u0131\u015fmalar yapt\u0131klar\u0131n\u0131 s\u00f6yleyen Se\u00e7er, &#8220;Her noktaya, b\u00f6lgeye, sosyo-k\u00fclt\u00fcrel yap\u0131ya e\u015fit yurtta\u015f prensibiyle hizmeti kendimize d\u00fcstur edindik&#8221; diyer konu\u015ftu.<\/p>\n<p>MESK\u0130&#8217;nin yapaca\u011f\u0131 bir\u00e7ok altyap\u0131 projesinin Cumhurba\u015fkanl\u0131\u011f\u0131 program\u0131na al\u0131nmas\u0131n\u0131n beklendi\u011fini ifade eden Se\u00e7er, &#8220;Biz milletvekillerinden yard\u0131m de\u011fil, g\u00f6revlerini yapmalar\u0131n\u0131 istiyoruz&#8221; dedi. Merkezi y\u00f6netimin ger\u00e7ekle\u015ftirece\u011fi yat\u0131r\u0131mlar\u0131n gelmesi noktas\u0131nda kent bile\u015fenlerini olu\u015fturan i\u015f d\u00fcnyas\u0131 ve siyasilerin \u00f6nemine dikkat \u00e7eken Se\u00e7er, &#8220;Burada kent bile\u015fenleri olarak sizler ve siyasiler \u00f6nemlisiniz. \u00c7\u00fcnk\u00fc siz kentin kanaat \u00f6nderisiniz. \u0130lk 5 y\u0131l sizlerle kurdu\u011fumuz iyi diyalog sayesinde kent huzurlu hale geldi&#8221; dedi.<\/p>\n<p>Sosyal belediyecilik anlay\u0131\u015f\u0131 ile \u00e7al\u0131\u015fmalar\u0131n h\u0131z kesmeden devam edece\u011fini vurgulayan Se\u00e7er, yeni bir ekmek fabrikas\u0131 ve bir a\u015fevi yapacaklar\u0131n\u0131 da m\u00fcjdeledi.<\/p>\n","protected":false},"excerpt":{"rendered":"<p>Mersin B\u00fcy\u00fck\u015fehir Belediye Ba\u015fkan\u0131 Vahap Se\u00e7er, MTSO ev sahipli\u011finde d\u00fczenlenen &#8216;\u0130\u015f D\u00fcnyas\u0131 Temsilcileri Bulu\u015fmas\u0131&#8217;nda odalar, dernek ve ilgili STK&#8217;lar\u0131n temsilcileri ile bir araya geldi. Se\u00e7er, ge\u00e7mi\u015f 5 y\u0131ll\u0131k de\u011ferlendirme yaparken, &hellip; <a href=\"https:\/\/akdenizolaygazetesi.com\/?p=31829\" class=\"more-link\">Devam\u0131n\u0131 Oku&#8230;<\/a><\/p>\n","protected":false},"author":2,"featured_media":31830,"comment_status":"open","ping_status":"open","sticky":false,"template":"","format":"standard","meta":[],"categories":[1,2,3],"tags":[],"_links":{"self":[{"href":"https:\/\/akdenizolaygazetesi.com\/index.php?rest_route=\/wp\/v2\/posts\/31829"}],"collection":[{"href":"https:\/\/akdenizolaygazetesi.com\/index.php?rest_route=\/wp\/v2\/posts"}],"about":[{"href":"https:\/\/akdenizolaygazetesi.com\/index.php?rest_route=\/wp\/v2\/types\/post"}],"author":[{"embeddable":true,"href":"https:\/\/akdenizolaygazetesi.com\/index.php?rest_route=\/wp\/v2\/users\/2"}],"replies":[{"embeddable":true,"href":"https:\/\/akdenizolaygazetesi.com\/index.php?rest_route=%2Fwp%2Fv2%2Fcomments&post=31829"}],"version-history":[{"count":1,"href":"https:\/\/akdenizolaygazetesi.com\/index.php?rest_route=\/wp\/v2\/posts\/31829\/revisions"}],"predecessor-version":[{"id":31831,"href":"https:\/\/akdenizolaygazetesi.com\/index.php?rest_route=\/wp\/v2\/posts\/31829\/revisions\/31831"}],"wp:featuredmedia":[{"embeddable":true,"href":"https:\/\/akdenizolaygazetesi.com\/index.php?rest_route=\/wp\/v2\/media\/31830"}],"wp:attachment":[{"href":"https:\/\/akdenizolaygazetesi.com\/index.php?rest_route=%2Fwp%2Fv2%2Fmedia&parent=31829"}],"wp:term":[{"taxonomy":"category","embeddable":true,"href":"https:\/\/akdenizolaygazetesi.com\/index.php?rest_route=%2Fwp%2Fv2%2Fcategories&post=31829"},{"taxonomy":"post_tag","embeddable":true,"href":"https:\/\/akdenizolaygazetesi.com\/index.php?rest_route=%2Fwp%2Fv2%2Ftags&post=31829"}],"curies":[{"name":"wp","href":"https:\/\/api.w.org\/{rel}","templated":true}]}}