{"id":31883,"date":"2024-09-13T15:51:17","date_gmt":"2024-09-13T12:51:17","guid":{"rendered":"http:\/\/akdenizolaygazetesi.com\/?p=31883"},"modified":"2024-09-13T15:51:17","modified_gmt":"2024-09-13T12:51:17","slug":"deva-partisi-genel-baskan-yardimcisi-mehmet-emin-ekmen-mevsim-tarim-isciligi-izleme-ve-degerlendirme-kurulu-genelgesini-tbmm-gundeminde-tutmaya-devam-ediyor","status":"publish","type":"post","link":"https:\/\/akdenizolaygazetesi.com\/?p=31883","title":{"rendered":"DEVA Partisi Genel Ba\u015fkan Yard\u0131mc\u0131s\u0131 Mehmet Emin Ekmen, Mevsim Tar\u0131m \u0130\u015f\u00e7ili\u011fi \u0130zleme ve De\u011ferlendirme Kurulu Genelgesi\u2019ni TBMM g\u00fcndeminde tutmaya devam ediyor."},"content":{"rendered":"<p>Mevsimlik tar\u0131m i\u015f\u00e7ilerinin \u00e7ocuklar\u0131n\u0131n e\u011fitimde ya\u015fad\u0131\u011f\u0131 zorluklar\u0131 Milli E\u011fitim Bakan\u0131 Yusuf Tekin\u2019e hat\u0131rlatan Ekmen, s\u00f6z konusu genelge kapsam\u0131nda bakanl\u0131\u011f\u0131n faaliyet al\u0131nana giren konulara ili\u015fkin hangi \u00e7al\u0131\u015fmalar\u0131n y\u00fcr\u00fct\u00fcld\u00fc\u011f\u00fcn\u00fc sorarak, \u201cMevsimlik tar\u0131m i\u015f\u00e7ilerinin \u00e7ocuklar\u0131n\u0131n e\u011fitimlerine devam edebilmesi i\u00e7in Bakanl\u0131\u011f\u0131n\u0131zca hangi ad\u0131mlar at\u0131lm\u0131\u015ft\u0131r? Genelge bakanl\u0131k yetkililerinizce incelenip genelgeye g\u00f6re bakanl\u0131\u011f\u0131n\u0131z\u0131 ilgilendiren di\u011fer konularda hangi ad\u0131mlar at\u0131lm\u0131\u015ft\u0131r?\u201d diye sordu.<\/p>\n<p>DEVA Partisi Genel Ba\u015fkan Yard\u0131mc\u0131s\u0131 ve Mersin Milletvekili Mehmet Emin Ekmen, ba\u015fta mevsimlik tar\u0131m i\u015f\u00e7ilerinin \u00e7al\u0131\u015fma ko\u015fullar\u0131n\u0131n iyile\u015ftirmesi olmak \u00fczere e\u011fitime kolayca ula\u015fabilmeleri i\u00e7in yap\u0131lmas\u0131 gereken \u00e7al\u0131\u015fmalar\u0131 T\u00fcrkiye B\u00fcy\u00fck Millet Meclisi (TBMM) g\u00fcndemine ta\u015f\u0131d\u0131. Milli E\u011fitim Bakan\u0131 Yusuf Tekin\u2019in yan\u0131tlamas\u0131 istemiyle TBMM Ba\u015fkanl\u0131\u011f\u0131\u2019na soru \u00f6nergesi veren Ekmen, Milli E\u011fitim Bakanl\u0131\u011f\u0131\u2019n\u0131n \u00e7al\u0131\u015fama alan\u0131na giren Mevsim Tar\u0131m \u0130\u015f\u00e7ili\u011fi \u0130zleme ve De\u011ferlendirme Kurulu Genelgesi kapsam\u0131nda bakanl\u0131\u011f\u0131n y\u00fcr\u00fctt\u00fc\u011f\u00fc \u00e7al\u0131\u015fmalar\u0131n son durumunu sordu.<\/p>\n<p>EKMEN GENELGEYLE \u0130LG\u0130L\u0130 11 BAKANLI\u011eA SORU \u00d6NERGES\u0130 VERD\u0130<\/p>\n<p>d\u00f6nem Batman milletvekili oldu\u011fu g\u00fcnden bu yana mevsimlik tar\u0131m i\u015f\u00e7ilerinin sorunlar\u0131 ile yak\u0131ndan ilgilenen Ekmen, 2010 y\u0131l\u0131nda \u00e7\u0131kart\u0131lmas\u0131na vesile oldu\u011fu Ba\u015fbakanl\u0131k Genelgesi\u2019nin cumhurba\u015fkanl\u0131\u011f\u0131 sisteminde yenilenmemesi \u00fczerine konuyu s\u0131kl\u0131kla TBMM, medya, y\u00fcr\u00fctme nezdinde g\u00fcndeme getirdi. Ekmen\u2019in s\u00f6z konusu yo\u011fun \u00e7abalar sonucu 2024\/5 Say\u0131l\u0131 Cumhurba\u015fkanl\u0131\u011f\u0131 Genelgesi Nisan ay\u0131nda yay\u0131nlanm\u0131\u015ft\u0131. Genelgenin yay\u0131nland\u0131\u011f\u0131n\u0131 ancak ilgili bakanl\u0131klar\u0131n harekete ge\u00e7medi\u011fini ifade eden Ekmen, genelgede koordinasyonun \u00c7al\u0131\u015fma ve Sosyal G\u00fcvenlik Bakanl\u0131\u011f\u0131\u2019na verildi\u011fini ancak 11 bakanl\u0131\u011f\u0131n sorumluluk ve yetki sahibi olarak tespit edildi\u011fini belirterek, her 11 bakanl\u0131\u011fa ayr\u0131 ayr\u0131 soru \u00f6nergesi vererek genelgenin uygulanmas\u0131ndaki sorunlar\u0131 tespit etmeye \u00e7al\u0131\u015ft\u0131\u011f\u0131n\u0131 belirtti. Ekmen, bu kapsamda Mill\u00ee E\u011fitim Bakanl\u0131\u011f\u0131\u2019n\u0131n genelge kapsam\u0131nda y\u00fcr\u00fctt\u00fc\u011f\u00fc \u00e7al\u0131\u015fmalar\u0131 Bakan Yusuf Tekin\u2019e sorarak, uygulamadaki eksikleri ve y\u00fcr\u00fct\u00fclen \u00e7al\u0131\u015fmalar\u0131n hangi a\u015famada oldu\u011funu sordu.<\/p>\n<p>GENELGE SORUNLARA C\u0130DD\u0130 \u00c7\u00d6Z\u00dcMLER GET\u0130RD\u0130<\/p>\n<p>Ekmen, mevsimlik tar\u0131m i\u015f\u00e7ilerinin \u00e7al\u0131\u015fma ko\u015fullar\u0131n\u0131n b\u00fct\u00fcnc\u00fcl bir \u015fekilde ele al\u0131nmas\u0131 noktas\u0131nda ge\u00e7mi\u015fte baz\u0131 ad\u0131mlar\u0131n at\u0131ld\u0131\u011f\u0131n\u0131 hat\u0131rlatarak, \u201c2010\/6 ve 2017\/6 Ba\u015fbakanl\u0131k genelgeleri ile d\u00fczenlenmi\u015f ve bu d\u00fczenlemeler Cumhurba\u015fkan\u0131 Recep Tayyip Erdo\u011fan\u2019\u0131n imzas\u0131yla 27 Nisan tarihinde yay\u0131nlanan 2024\/5 say\u0131l\u0131 Cumhurba\u015fkanl\u0131\u011f\u0131 Genelgesi ile yeni sistemde g\u00fcncellenmi\u015ftir. Bu genelge ile mevsimlik i\u015f\u00e7ilerin seyahat, e\u011fitim, sa\u011fl\u0131k, ya\u015fam \u015fartlar\u0131 gibi bir\u00e7ok konudaki sorunlar\u0131na ciddi \u00e7\u00f6z\u00fcmler getirilmi\u015ftir\u201d ifadelerini kulland\u0131.<\/p>\n<p>GENELGE SAHADA NE \u00d6L\u00c7\u00dcDE UYGULANIYOR?<\/p>\n<p>S\u00f6z konusu genelgenin uygulamad\u0131\u011f\u0131 konusunda ele\u015ftirilerin oldu\u011funu s\u00f6yleyen Ekmen, \u015f\u00f6yle devam etti; \u201cGenelgede yer alan ge\u00e7ici yerle\u015fim alanlar\u0131, sa\u011fl\u0131k hizmetleri, e\u011fitim hizmetleri, ula\u015f\u0131m ve g\u00fcvenlik hizmetleri, istihdam ve sosyal g\u00fcvenlik hizmetleri, sosyal hizmetler ve mevsimlik tar\u0131m i\u015f\u00e7ileri bilgi sistemi gibi ba\u015fl\u0131klar, mevsimlik i\u015f\u00e7ilerin ya\u015fam standartlar\u0131n\u0131 iyile\u015ftirmeye y\u00f6nelik geni\u015f kapsaml\u0131 d\u00fczenlemeler i\u00e7ermektedir. Ancak, bu d\u00fczenlemelerin sahada ne \u00f6l\u00e7\u00fcde uyguland\u0131\u011f\u0131 ve mevsimlik i\u015f\u00e7ilerin bu haklardan yeterince yararlan\u0131p yararlanmad\u0131\u011f\u0131 konusunda kamuoyunda ciddi soru i\u015faretleri bulunmaktad\u0131r.\u201d<\/p>\n<p>EKMEN; BAKAN TEK\u0130N\u2019E 7 SORU Y\u00d6NELTT\u0130<\/p>\n<p>Soru \u00f6nergesinde Ekmen, Milli E\u011fitim Bakan\u0131 Yusuf Tekin\u2019e genelge ile ilgili bakanl\u0131\u011f\u0131n alan\u0131na giren konularla ilgili \u015fu sorular\u0131 y\u00f6neltti;<\/p>\n<p>1.\u200bGenelgenin 3. Maddesi gere\u011fince, mevsimlik tar\u0131m i\u015f\u00e7ilerinin \u00e7ocuklar\u0131n\u0131n e\u011fitimlerine devam edebilmesi i\u00e7in Bakanl\u0131\u011f\u0131n\u0131zca hangi ad\u0131mlar at\u0131lm\u0131\u015ft\u0131r? Bu konuda kar\u015f\u0131la\u015f\u0131lan zorluklar nelerdir?<\/p>\n<p>2.\u200bMevsimlik tar\u0131m i\u015f\u00e7ilerinin \u00e7ocuklar\u0131na y\u00f6nelik olarak e\u011fitim ve sosyal faaliyet merkezlerinin kurulmas\u0131 i\u00e7in Bakanl\u0131\u011f\u0131n\u0131zca yap\u0131lan \u00e7al\u0131\u015fmalar nelerdir? Bu merkezlerin kurulmas\u0131 planlanan iller ve mevcut durum nedir?<\/p>\n<p>3.\u200bGe\u00e7ici yerle\u015fim alanlar\u0131nda e\u011fitim hizmetlerinin sa\u011flanabilmesi i\u00e7in Bakanl\u0131\u011f\u0131n\u0131z\u0131n di\u011fer bakanl\u0131klarla (\u00f6rne\u011fin \u00c7al\u0131\u015fma ve Sosyal G\u00fcvenlik Bakanl\u0131\u011f\u0131) kurdu\u011fu i\u015f birli\u011fi mekanizmalar\u0131 nelerdir?<\/p>\n<p>4.\u200bMevsimlik tar\u0131m i\u015f\u00e7ilerinin \u00e7ocuklar\u0131n\u0131n e\u011fitimlerine devam edebilmesi i\u00e7in ta\u015f\u0131nabilir s\u0131n\u0131f, gezici \u00f6\u011fretmen vb. gibi \u00e7\u00f6z\u00fcmler sunulmu\u015f mudur? Bu \u00e7\u00f6z\u00fcmlerin etkinli\u011fi konusunda Bakanl\u0131\u011f\u0131n\u0131zca yap\u0131lan de\u011ferlendirmeler nelerdir?<\/p>\n<p>5.\u200bGenelgenin 13. Maddesi ile olu\u015fturulan Mevsim Tar\u0131m \u0130\u015f\u00e7ili\u011fi \u0130zleme ve De\u011ferlendirme Kurulu ilk toplant\u0131s\u0131na kurumunuzu temsilen kat\u0131lacak Bakan Yard\u0131mc\u0131s\u0131 belirlenmi\u015f midir? Kurul ilk toplant\u0131s\u0131n\u0131 yapm\u0131\u015f m\u0131d\u0131r? Yapm\u0131\u015f ise al\u0131nan izleme ve de\u011ferlendirme kararlar\u0131ndan Bakanl\u0131\u011f\u0131n\u0131z\u0131 ilgilendiren kararlar nelerdir?<\/p>\n<p>6.\u200bGenelgenin 12. Maddesi ile olu\u015fturulmas\u0131 gereken Mevsim Tar\u0131m \u0130\u015f\u00e7ili\u011fi \u0130zleme Kurullar\u0131na Bakanl\u0131\u011f\u0131n\u0131z \u015fu ana kadar hangi il ve il\u00e7elerde \u00fcye vermi\u015ftir? \u00dcye verilen kurullar\u0131n \u00e7al\u0131\u015fmalar\u0131 nelerdir?<\/p>\n<p>7.\u200bGenelge bakanl\u0131k yetkililerinizce incelenip genelgeye g\u00f6re bakanl\u0131\u011f\u0131n\u0131z\u0131 ilgilendiren di\u011fer konularda hangi ad\u0131mlar at\u0131lm\u0131\u015ft\u0131r?<\/p>\n","protected":false},"excerpt":{"rendered":"<p>Mevsimlik tar\u0131m i\u015f\u00e7ilerinin \u00e7ocuklar\u0131n\u0131n e\u011fitimde ya\u015fad\u0131\u011f\u0131 zorluklar\u0131 Milli E\u011fitim Bakan\u0131 Yusuf Tekin\u2019e hat\u0131rlatan Ekmen, s\u00f6z konusu genelge kapsam\u0131nda bakanl\u0131\u011f\u0131n faaliyet al\u0131nana giren konulara ili\u015fkin hangi \u00e7al\u0131\u015fmalar\u0131n y\u00fcr\u00fct\u00fcld\u00fc\u011f\u00fcn\u00fc sorarak, \u201cMevsimlik tar\u0131m &hellip; <a href=\"https:\/\/akdenizolaygazetesi.com\/?p=31883\" class=\"more-link\">Devam\u0131n\u0131 Oku&#8230;<\/a><\/p>\n","protected":false},"author":2,"featured_media":31099,"comment_status":"open","ping_status":"open","sticky":false,"template":"","format":"standard","meta":[],"categories":[1,2,3],"tags":[],"_links":{"self":[{"href":"https:\/\/akdenizolaygazetesi.com\/index.php?rest_route=\/wp\/v2\/posts\/31883"}],"collection":[{"href":"https:\/\/akdenizolaygazetesi.com\/index.php?rest_route=\/wp\/v2\/posts"}],"about":[{"href":"https:\/\/akdenizolaygazetesi.com\/index.php?rest_route=\/wp\/v2\/types\/post"}],"author":[{"embeddable":true,"href":"https:\/\/akdenizolaygazetesi.com\/index.php?rest_route=\/wp\/v2\/users\/2"}],"replies":[{"embeddable":true,"href":"https:\/\/akdenizolaygazetesi.com\/index.php?rest_route=%2Fwp%2Fv2%2Fcomments&post=31883"}],"version-history":[{"count":1,"href":"https:\/\/akdenizolaygazetesi.com\/index.php?rest_route=\/wp\/v2\/posts\/31883\/revisions"}],"predecessor-version":[{"id":31884,"href":"https:\/\/akdenizolaygazetesi.com\/index.php?rest_route=\/wp\/v2\/posts\/31883\/revisions\/31884"}],"wp:featuredmedia":[{"embeddable":true,"href":"https:\/\/akdenizolaygazetesi.com\/index.php?rest_route=\/wp\/v2\/media\/31099"}],"wp:attachment":[{"href":"https:\/\/akdenizolaygazetesi.com\/index.php?rest_route=%2Fwp%2Fv2%2Fmedia&parent=31883"}],"wp:term":[{"taxonomy":"category","embeddable":true,"href":"https:\/\/akdenizolaygazetesi.com\/index.php?rest_route=%2Fwp%2Fv2%2Fcategories&post=31883"},{"taxonomy":"post_tag","embeddable":true,"href":"https:\/\/akdenizolaygazetesi.com\/index.php?rest_route=%2Fwp%2Fv2%2Ftags&post=31883"}],"curies":[{"name":"wp","href":"https:\/\/api.w.org\/{rel}","templated":true}]}}