{"id":31896,"date":"2024-09-16T14:37:36","date_gmt":"2024-09-16T11:37:36","guid":{"rendered":"http:\/\/akdenizolaygazetesi.com\/?p=31896"},"modified":"2024-09-16T14:37:36","modified_gmt":"2024-09-16T11:37:36","slug":"buyuksehirin-hayatini-kurtardigi-sirinin-artik-bir-yuvasi-var","status":"publish","type":"post","link":"https:\/\/akdenizolaygazetesi.com\/?p=31896","title":{"rendered":"B\u00dcY\u00dcK\u015eEH\u0130R\u2019\u0130N HAYATINI KURTARDI\u011eI \u015e\u0130R\u0130N\u2019\u0130N ARTIK B\u0130R YUVASI VAR"},"content":{"rendered":"<p>Temmuz ay\u0131nda iki aya\u011f\u0131 kesilmi\u015f \u015fekilde Mersin B\u00fcy\u00fck\u015fehir Belediyesi Ka\u015fl\u0131 Ge\u00e7ici Hayvan Bak\u0131mevi ve Rehabilitasyon Merkezi\u2019ne getirilerek tedavi edilen \u015eirin, art\u0131k s\u0131cac\u0131k bir yuvaya sahip. \u0130stanbul\u2019da ya\u015fayan ve \u00e7o\u011funlu\u011fu ampute k\u00f6peklerden olu\u015fan bir\u00e7ok k\u00f6pe\u011fin bak\u0131m\u0131n\u0131 \u00fcstlenen hayvansever I\u015fk\u0131n Mo\u011fol Al\u00e7\u0131, \u015eirin\u2019i sahiplendi. Yeni yuvas\u0131nda olduk\u00e7a mutlu ve huzurlu g\u00f6r\u00fcnen \u015eirin, Al\u00e7\u0131\u2019n\u0131n sahiplendi\u011fi di\u011fer k\u00f6peklerle de \u00e7ok iyi anla\u015f\u0131yor. \u015eirin\u2019in yeni ismi ise Duru.<\/p>\n<p>A\u00e7\u0131ld\u0131\u011f\u0131 g\u00fcnden bu yana binlerce patili dosta ev sahipli\u011fi yapan ve binlercesini de iyile\u015ftiren Tar\u0131msal Hizmetler Dairesi Ka\u015fl\u0131 Ge\u00e7ici Hayvan Bak\u0131mevi ve Rehabilitasyon Merkezi, bir can dostu daha sahiplendirdi. Temmuz ay\u0131nda Ka\u015fl\u0131 Bak\u0131mevi\u2019ne iki aya\u011f\u0131 kesilmi\u015f \u015fekilde getirilen ve tedavileri yap\u0131lan \u015eirin, art\u0131k s\u0131cac\u0131k bir yuvaya sahip. <\/p>\n<p>\u0130lk etapta bir hayvansever taraf\u0131ndan y\u00fcr\u00fcte\u00e7 ba\u011f\u0131\u015flanan \u015eirin, bir di\u011fer hayvansever taraf\u0131ndan da sahiplenildi. \u0130stanbul\u2019da ya\u015fayan ve \u00e7o\u011funlu\u011fu ampute k\u00f6peklerden olu\u015fan bir\u00e7ok k\u00f6pe\u011fin bak\u0131m\u0131n\u0131 \u00fcstlenen hayvansever I\u015fk\u0131n Mo\u011fol Al\u00e7\u0131, \u015eirin\u2019in bas\u0131na yans\u0131yan haberlerinin ard\u0131ndan Ka\u015fl\u0131 Bak\u0131mevi ile g\u00f6r\u00fc\u015ferek sahiplenme i\u015flemlerini ba\u015flatt\u0131. \u0130\u015flemler tamamland\u0131ktan sonra \u00f6zel nakil arac\u0131 g\u00f6ndererek \u015eirin\u2019i ald\u0131ran Al\u00e7\u0131, s\u0131cak yuvas\u0131n\u0131 a\u00e7t\u0131. Yeni evinde olduk\u00e7a mutlu ve huzurlu g\u00f6r\u00fcnen \u015eirin, Al\u00e7\u0131\u2019n\u0131n di\u011fer k\u00f6pekleriyle de \u00e7ok iyi anla\u015f\u0131yor. \u015eirin\u2019in yeni ismi ise Duru.<\/p>\n<p>Benli: \u201c\u015eirin\u2019i \u0130stanbul\u2019da bir hayvansevere sahiplendirdik\u201d<br \/>\nKa\u015fl\u0131 Bak\u0131mevi\u2019ne geldi\u011fi andan itibaren \u015eirin\u2019in t\u00fcm s\u00fcreciyle ilgilenen Sorumlu Veteriner Hekim \u00d6mer Benli, \u015eirin\u2019in sahiplendirilme s\u00fcrecini anlatarak, \u201c\u015eirin\u2019i sosyal medya arac\u0131l\u0131\u011f\u0131yla g\u00f6ren bir hayvansever \u0130stanbul\u2019dan bize ula\u015ft\u0131. Biz gerekli ara\u015ft\u0131rmas\u0131n\u0131 yapt\u0131k. Onun orada huzurlu olabilece\u011fine kanaat getirerek, sahiplendirdik. Haberlerini al\u0131yoruz, resimlerini, videolar\u0131n\u0131 al\u0131yoruz. \u015eu an gayet mutlu, huzurlu\u201d dedi. <\/p>\n<p>\u015eirin\u2019in Ka\u015fl\u0131 Ge\u00e7ici Bak\u0131mevi\u2019ne geli\u015f s\u00fcrecini de payla\u015fan Benli,  \u201c\u015eirin bize geldi\u011fi zaman durumu k\u00f6t\u00fcyd\u00fc. Sahibi taraf\u0131ndan eve terk edilmi\u015f vaziyette bulduk. Bize geldi\u011finde iki aya\u011f\u0131 eklem b\u00f6lgesinden amat\u00f6rce kesilmi\u015fti, t\u00fcyleri ve t\u0131rnaklar\u0131 k\u00f6t\u00fc durumdayd\u0131, insanlara k\u00fcsm\u00fc\u015ft\u00fc, hayata k\u00fcsm\u00fc\u015ft\u00fc. Burada \u00f6nce t\u0131ra\u015f\u0131n\u0131 yapt\u0131k, t\u0131rnaklar\u0131n\u0131 kestik, bak\u0131mlar\u0131n\u0131 yapt\u0131k, tedavisini yapt\u0131k ve psikolojisini d\u00fczelttik. Yirmi g\u00fcn bizde kald\u0131\u201d diye konu\u015ftu.<\/p>\n<p>\u201c\u015eirin mutlu bir yuvaya kavu\u015ftu\u011fu i\u00e7in biz de mutluyuz\u201d<br \/>\nBenli, \u015eirin, mutlu bir yuvaya sahip oldu\u011fu i\u00e7in sevindiklerini ifade ederek, \u201cBuraya gelen b\u00fct\u00fcn can dostlar\u0131m\u0131za biz zaten \u015fefkatle yakla\u015ft\u0131\u011f\u0131m\u0131z i\u00e7in duygusal olarak bir ba\u011f kuruyoruz. \u015eirin mutlu, huzurlu bir yuvaya kavu\u015ftu\u011fu i\u00e7in biz de mutluyuz, takibini yap\u0131yoruz\u201d ifadelerini kulland\u0131.<\/p>\n<p>Al\u00e7\u0131: \u201c\u0130lk haline g\u00f6re \u00e7ok iyi bak\u0131lm\u0131\u015f\u201d<br \/>\nDuru\u2019yu instagramda g\u00f6rd\u00fc\u011f\u00fcn\u00fc ve sahiplenmek istedi\u011fini s\u00f6yleyen I\u015fk\u0131n Mo\u011fol Al\u00e7\u0131, \u201c\u0130landaki ki\u015filerle irtibata ge\u00e7tik. Mersin\u2019de Ka\u015fl\u0131 Bar\u0131na\u011f\u0131\u2019nda oldu\u011funu \u00f6\u011frendik. \u00dcz\u00fcc\u00fc bir hikayesi var. Sahiplenmek i\u00e7in ileti\u015fime ge\u00e7tik. \u00c7ok ilgililerdi. \u00c7ok te\u015fekk\u00fcr ederiz. \u0130lk haline g\u00f6re de \u00e7ok iyi bak\u0131lm\u0131\u015f. Sonras\u0131nda \u0130stanbul\u2019a getirdik ve \u015fimdi bizimle birlikte ya\u015f\u0131yor\u201d dedi.<\/p>\n<p>\u201cA\u015f\u0131r\u0131 sakin bir k\u00f6pek, her \u015feye adapte oldu\u201d<br \/>\nDuru\u2019nun \u00e7ok sakin oldu\u011funu s\u00f6yleyen Al\u00e7\u0131, h\u0131zla adapte oldu\u011funu belirterek, \u201cDuru a\u015f\u0131r\u0131 sakin bir k\u00f6pek. \u00c7ok iyi huylu. Evde hi\u00e7bir zorlu\u011fu yok. Kucakta uyumay\u0131 \u00e7ok seviyor. \u0130lk geldi\u011finde adapte olana kadar yemek se\u00e7ti ama sonras\u0131nda onu da toparlad\u0131. \u015eimdi iyiyiz. Tuvaletini yapt\u0131rmak konusunda destek gerekiyor. Geceleri pike alt\u0131nda uyumay\u0131 \u00e7ok seviyor. \u015eimdi her \u015feye adapte oldu\u201d diye konu\u015ftu.<\/p>\n","protected":false},"excerpt":{"rendered":"<p>Temmuz ay\u0131nda iki aya\u011f\u0131 kesilmi\u015f \u015fekilde Mersin B\u00fcy\u00fck\u015fehir Belediyesi Ka\u015fl\u0131 Ge\u00e7ici Hayvan Bak\u0131mevi ve Rehabilitasyon Merkezi\u2019ne getirilerek tedavi edilen \u015eirin, art\u0131k s\u0131cac\u0131k bir yuvaya sahip. \u0130stanbul\u2019da ya\u015fayan ve \u00e7o\u011funlu\u011fu ampute &hellip; <a href=\"https:\/\/akdenizolaygazetesi.com\/?p=31896\" class=\"more-link\">Devam\u0131n\u0131 Oku&#8230;<\/a><\/p>\n","protected":false},"author":2,"featured_media":31897,"comment_status":"open","ping_status":"open","sticky":false,"template":"","format":"standard","meta":[],"categories":[1,2,3],"tags":[],"_links":{"self":[{"href":"https:\/\/akdenizolaygazetesi.com\/index.php?rest_route=\/wp\/v2\/posts\/31896"}],"collection":[{"href":"https:\/\/akdenizolaygazetesi.com\/index.php?rest_route=\/wp\/v2\/posts"}],"about":[{"href":"https:\/\/akdenizolaygazetesi.com\/index.php?rest_route=\/wp\/v2\/types\/post"}],"author":[{"embeddable":true,"href":"https:\/\/akdenizolaygazetesi.com\/index.php?rest_route=\/wp\/v2\/users\/2"}],"replies":[{"embeddable":true,"href":"https:\/\/akdenizolaygazetesi.com\/index.php?rest_route=%2Fwp%2Fv2%2Fcomments&post=31896"}],"version-history":[{"count":1,"href":"https:\/\/akdenizolaygazetesi.com\/index.php?rest_route=\/wp\/v2\/posts\/31896\/revisions"}],"predecessor-version":[{"id":31898,"href":"https:\/\/akdenizolaygazetesi.com\/index.php?rest_route=\/wp\/v2\/posts\/31896\/revisions\/31898"}],"wp:featuredmedia":[{"embeddable":true,"href":"https:\/\/akdenizolaygazetesi.com\/index.php?rest_route=\/wp\/v2\/media\/31897"}],"wp:attachment":[{"href":"https:\/\/akdenizolaygazetesi.com\/index.php?rest_route=%2Fwp%2Fv2%2Fmedia&parent=31896"}],"wp:term":[{"taxonomy":"category","embeddable":true,"href":"https:\/\/akdenizolaygazetesi.com\/index.php?rest_route=%2Fwp%2Fv2%2Fcategories&post=31896"},{"taxonomy":"post_tag","embeddable":true,"href":"https:\/\/akdenizolaygazetesi.com\/index.php?rest_route=%2Fwp%2Fv2%2Ftags&post=31896"}],"curies":[{"name":"wp","href":"https:\/\/api.w.org\/{rel}","templated":true}]}}