{"id":31909,"date":"2024-09-16T14:43:39","date_gmt":"2024-09-16T11:43:39","guid":{"rendered":"http:\/\/akdenizolaygazetesi.com\/?p=31909"},"modified":"2024-09-16T14:43:39","modified_gmt":"2024-09-16T11:43:39","slug":"ekmenden-hac-organizasyonuyla-ilgili-35-soru-hac-bedelleri-yuksek-ve-10-yildir-denetim-yok","status":"publish","type":"post","link":"https:\/\/akdenizolaygazetesi.com\/?p=31909","title":{"rendered":"Ekmen\u2019den hac organizasyonuyla ilgili 35 soru: Hac bedelleri y\u00fcksek ve 10 y\u0131ld\u0131r denetim yok"},"content":{"rendered":"<p>DEVA Partisi Genel Ba\u015fkan Yard\u0131mc\u0131s\u0131 Mehmet Emin Ekmen, Diyanet \u0130\u015fleri Ba\u015fkanl\u0131\u011f\u0131n\u0131n hac organizasyonlar\u0131nda ya\u015fanan sorunlar\u0131 Cumhurba\u015fkan\u0131 Yard\u0131mc\u0131s\u0131 Cevdet Y\u0131lmaz\u2019a sordu.Y\u0131lmaz\u2019\u0131n yan\u0131tlamas\u0131 istemiyle TBMM Ba\u015fkanl\u0131\u011f\u0131na 35 soru y\u00f6nelten Ekmen, on y\u0131ld\u0131r Diyanet hac organizasyonunun denetlenmedi\u011fini hat\u0131rlatarak bu denetimsizli\u011fin, hac bedelleri, hizmet kalitesi, \u00f6zel sekt\u00f6rdeki rekabeti olumsuz etkiledi\u011fini belirtti. Y\u0131llarca para biriktirerek kutsal topraklara giden vatanda\u015flar\u0131n b\u00fcy\u00fck ma\u011fduriyet ya\u015fad\u0131\u011f\u0131n\u0131n alt\u0131n\u0131 \u00e7izen Ekmen, \u201cT\u00fcrkiye&#8217;deki hac bedelleri ile Endonezya, Irak, Malezya ve Pakistan gibi \u00fclkelerdeki hac bedelleri aras\u0131ndaki fark\u0131n nedenleri nelerdir?\u201d diye sordu.<\/p>\n<p>Daha \u00f6nce TBMM Genel Kurulunda konu\u015fma yap\u0131p bu konuda bas\u0131n toplant\u0131s\u0131 d\u00fczenleyen ama g\u00fcndeme getirdi\u011fi iddialara cevap alamayan DEVA Partisi Genel Ba\u015fkan Yard\u0131mc\u0131s\u0131 ve Mersin Milletvekili Mehmet Emin Ekmen, 2024 hac organizasyonunda ya\u015fanan sorunlar\u0131, Diyanet \u0130\u015fleri Ba\u015fkanl\u0131\u011f\u0131n\u0131n hac organizasyonu hakk\u0131ndaki iddialar\u0131 ve hac fiyatlar\u0131ndaki y\u00fcksek \u00fccretleri T\u00fcrkiye B\u00fcy\u00fck Millet Meclisi (TBMM) g\u00fcndemine ta\u015f\u0131d\u0131. Cumhurba\u015fkan\u0131 Yard\u0131mc\u0131s\u0131 Cevdet Y\u0131lmaz\u2019\u0131n yan\u0131tlamas\u0131 istemiyle TBMM Ba\u015fkanl\u0131\u011f\u0131na soru \u00f6nergesi veren Ekmen, vatanda\u015flar\u0131n Diyanet organizasyonuna olan g\u00fcveninin sars\u0131ld\u0131\u011f\u0131n\u0131, \u015feffafl\u0131k taleplerini artt\u0131\u011f\u0131n\u0131 belirterek, Y\u0131lmaz\u2019a hac organizasyonuyla ilgili 35 soru y\u00f6neltti.<\/p>\n<p>\u201cHAC V\u0130ZES\u0130 OLMADAN G\u0130DENLER \u0130\u00c7\u0130N H\u0130\u00c7 B\u0130R A\u015eAMADA GEREKEN YAPILMADI!\u201d<\/p>\n<p>Soru \u00f6nergesinin gerek\u00e7esinde Ekmen, hac g\u00f6revi i\u00e7in kutsal topraklara giden vatanda\u015flar\u0131n b\u00fcy\u00fck ma\u011fduriyet ya\u015fad\u0131\u011f\u0131n\u0131n alt\u0131n\u0131 \u00e7izerek, \u201cVatanda\u015flar hac vizesi olmadan T\u00fcrkiye\u2019yi terk etmemeleri konusunda yeterli derecede uyar\u0131lmam\u0131\u015f, bunda \u0131srar eden vatanda\u015flar\u0131n kafileler halinde yurdu terk etmesi kamu g\u00fcc\u00fc ile engellenmemi\u015ftir. Hac vizesi olmadan kutsal topraklara g\u00f6t\u00fcr\u00fclen ve b\u00fcy\u00fck ma\u011fduriyetler ya\u015fayan vatanda\u015flar\u0131m\u0131z\u0131n acentelerle ilgili \u015fikayetleri dikkate al\u0131nmam\u0131\u015ft\u0131r. Hac vizesi olmadan Suudi Arabistan\u2019a giden vatanda\u015flar\u0131m\u0131z\u0131n Suudi makamlar\u0131 taraf\u0131ndan yakalanarak Mekke\u2019den uzak b\u00f6lgelere b\u0131rak\u0131ld\u0131\u011f\u0131, bu ki\u015filerin y\u00fcksek \u00fccretler\u00f6deyerek Mekke\u2019ye d\u00f6nmek zorunda kald\u0131klar\u0131 ifade edilmi\u015ftir. Diyanet \u0130\u015fleri Ba\u015fkanl\u0131\u011f\u0131\u2019n\u0131n bu vatanda\u015flar\u0131m\u0131z\u0131 ihbar etti\u011fine dair kuvvetli bir alg\u0131 olu\u015fmu\u015f, bu durum kamuoyunda b\u00fcy\u00fck tepkilere yol a\u00e7m\u0131\u015ft\u0131r.\u201d ifadelerini kulland\u0131.<\/p>\n<p>HAC BEDEL\u0130 D\u0130\u011eER \u0130SLAM \u00dcLKELER\u0130NE G\u00d6RE DAHA PAHALI!<\/p>\n<p>Diyanet organizasyonunda g\u00f6rev yapan personel say\u0131s\u0131, s\u00f6z konusu g\u00f6revlilerin g\u00f6rev s\u00fcreleri ve ald\u0131klar\u0131 harc\u0131rah \u00f6demeleri hakk\u0131nda \u015feffaf bilgilendirme yap\u0131lmad\u0131\u011f\u0131 y\u00f6n\u00fcnde ele\u015ftirilerin g\u00fcndeme geldi\u011fini s\u00f6yleyen Ekmen,  \u015f\u00f6yle devam etti; \u201cT\u00fcrkiye\u2019de hac organizasyonlar\u0131na kat\u0131lan vatanda\u015flar\u0131m\u0131z\u0131n \u00f6dedi\u011fi bedellerin di\u011fer TBMM ara\u015ft\u0131rma biriminin yapt\u0131\u011f\u0131 bir inceleme sonucu di\u011fer \u0130slam \u00fclkeleri ile kar\u015f\u0131la\u015ft\u0131r\u0131ld\u0131\u011f\u0131nda \u00fccretlerin T\u00fcrkiye\u2019de neden daha y\u00fcksek oldu\u011funa dair sorular cevap beklemektedir. Diyanet \u0130\u015fleri Ba\u015fkanl\u0131\u011f\u0131 taraf\u0131ndan belirlenen hac \u00fccretlerinin 24.500 Suudi Arabistan Riyali (SAR) ile 62.000 SAR aras\u0131nda de\u011fi\u015fti\u011fi, ancak bu bedellerin ne kadar\u0131n\u0131n Suudi Arabistan makamlar\u0131na \u00f6dendi\u011fi, konaklama ve transfer hizmetleri i\u00e7in ayr\u0131lan tutarlar\u0131n neler oldu\u011fu konusunda kamuoyuna detayl\u0131 bilgi verilmemesi ele\u015ftirilmektedir.\u201d<\/p>\n<p>DENET\u0130M YOK, \u015eEFFAFLIK YOK, BEDELLER Y\u00dcKSEK, D\u0130YANETE G\u00dcVEN AZALIYOR!<\/p>\n<p>Ekmen, Diyanet \u0130\u015fleri Ba\u015fkanl\u0131\u011f\u0131\u2019n\u0131n organizasyonlar\u0131na ili\u015fkin s\u00fcre\u00e7lerin daha \u015feffaf ve hesap verebilir bir \u015fekilde y\u00fcr\u00fct\u00fclmesi gerekti\u011fine dikkati \u00e7ekerek, \u201cHac hizmetlerinin 2014 y\u0131l\u0131nda Say\u0131\u015ftay denetiminden \u00e7\u0131kar\u0131ld\u0131\u011f\u0131, ilgili kararname uyar\u0131nca Diyanet \u0130\u015fleri Ba\u015fkanl\u0131\u011f\u0131 ve Cumhurba\u015fkanl\u0131\u011f\u0131 makam\u0131nca denetlenmesi gerekti\u011fi ancak 2014 y\u0131l\u0131ndan bu yana hac organizasyonunun kurum i\u00e7i veya d\u0131\u015f\u0131 bir denetimden ge\u00e7medi\u011fi anla\u015f\u0131lm\u0131\u015ft\u0131r. Denetimsiz, \u015feffaf olmayan y\u00f6netim modelinin kurumlar ve vatanda\u015flar i\u00e7in maliyetler \u00fcretti\u011fi, kurumlara g\u00fcveni azaltt\u0131\u011f\u0131 a\u00e7\u0131kt\u0131r. Son olarak hac hizmeti sunan acentelerin yeterince denetlenmedi\u011fi, kota ve teminat uygulamalar\u0131 ile b\u00fcy\u00fck acenteler lehine stat\u00fcko olu\u015fturuldu\u011fu bu durumun yine hac\u0131 adaylar\u0131 aleyhine sonu\u00e7lar \u00fcretti\u011fi ifade edilmektedir\u201d \u015feklinde konu\u015ftu.<\/p>\n<p>EKMEN, CUMHURBA\u015eKANI YARDIMCISI YILMAZ\u2019A 35 SORU SORDU<\/p>\n<p>Ekmen, soru \u00f6nergesinin devam\u0131nda Cumhurba\u015fkan\u0131 Yard\u0131mc\u0131s\u0131 Cevdet Y\u0131lmaz\u2019a Diyanet \u0130\u015fleri Ba\u015fkanl\u0131\u011f\u0131n\u0131n hac organizasyonu ve kutsal topraklarda ya\u015fanan sorunlarla ilgili 35 soru y\u00f6neltti:<\/p>\n<p>1.2024 Hac sezonu i\u00e7in Diyanet \u0130\u015fleri Ba\u015fkanl\u0131\u011f\u0131 taraf\u0131ndan ka\u00e7 personel ve di\u011fer kurumlardan ka\u00e7 misafir g\u00f6revli istihdam edilmi\u015ftir? Bu g\u00f6revlilerin kurum i\u00e7i ve d\u0131\u015f\u0131 da\u011f\u0131l\u0131m say\u0131s\u0131 nas\u0131ld\u0131r? Kurum d\u0131\u015f\u0131ndan g\u00f6revlendirilenler nerelerde istihdam edilmi\u015ftir? Bu ki\u015filer aras\u0131nda hi\u00e7bir g\u00f6rev icra etmeyenler var m\u0131d\u0131r?<\/p>\n<p>2.G\u00f6revlendirilen personel aras\u0131nda ka\u00e7 ki\u015fi daire ba\u015fkan\u0131 ve \u00fczeri pozisyonlarda g\u00f6rev yapmaktad\u0131r? \u00dcst d\u00fczey pozisyonlardaki bu g\u00f6revlilerin hac hizmetlerindeki g\u00f6rev ve sorumluluklar\u0131 nelerdir? Bunlar aras\u0131nda hi\u00e7bir g\u00f6rev icra etmeden s\u00fcreyi tamamlayan \u00fcst d\u00fczey g\u00f6revliler var m\u0131d\u0131r?<\/p>\n<p>3.2024 Hac sezonunda g\u00f6rev yapan personel ve misafir g\u00f6revlilerin g\u00f6rev s\u00fcresi ne kadard\u0131r? En k\u0131sa ve en uzun g\u00f6rev s\u00fcresi ka\u00e7 g\u00fcnd\u00fcr? G\u00f6revlilerin kal\u0131\u015f s\u00fcresine g\u00f6re da\u011f\u0131l\u0131m\u0131 nas\u0131ld\u0131r?<\/p>\n<p>4.Hac organizasyonunda g\u00f6rev yapan t\u00fcm personele toplamda ne kadar harc\u0131rah \u00f6denmi\u015ftir? Bu harc\u0131rah \u00f6demeleri hangi b\u00fct\u00e7eden yap\u0131lm\u0131\u015ft\u0131r? Bu giderler ki\u015fi ba\u015f\u0131na d\u00fc\u015fen hac maliyetlerine eklenmi\u015f midir?<\/p>\n<p>5.2024 hacc\u0131nda m\u00fccamele vizesi ile hacca ka\u00e7 ki\u015fi gitmi\u015ftir? M\u00fccamele vizesi ile hacca giden g\u00f6revli e\u015f ve akrabalar\u0131 konaklama-transfer benzeri hac hizmetleri kar\u015f\u0131l\u0131\u011f\u0131nda kuruma herhangi bir \u00f6deme yapm\u0131\u015f m\u0131d\u0131r? Yapm\u0131\u015f ise bu \u00f6deme ki\u015fi ba\u015f\u0131 ne kadard\u0131r?<\/p>\n<p>6.Diyanet, hac\u0131 kart\u0131 i\u00e7in ald\u0131\u011f\u0131 65 dolar kar\u015f\u0131l\u0131\u011f\u0131nda nas\u0131l bir hizmet sunmaktad\u0131r? Bu uygulamadan vazge\u00e7ilmesi d\u00fc\u015f\u00fcn\u00fclmekte midir?<\/p>\n<p>7.Diyanet\u2019in kurdu\u011fu sa\u011fl\u0131k \u00e7ad\u0131rlar\u0131 ve kamplar\u0131nda hac vizesi olmayan T\u00fcrk vatanda\u015flar\u0131na hi\u00e7bir sa\u011fl\u0131k hizmeti verilmemesinin sebebi nedir? \u015eeker, tansiyon, kalp krizi gibi acil m\u00fcdahale gerektiren hastalar\u0131n dahi bu hizmetlerden faydalanamamalar\u0131n\u0131n gerek\u00e7esi nedir?<\/p>\n<p>8.Diyanet ve m\u00fc\u015favirlik yurtd\u0131\u015f\u0131nda T\u00fcrkiye Cumhuriyeti\u2019ni temsil etmektedir. Bu temsiliyet, kusurlu ve su\u00e7lu olsa dahi, t\u00fcm T\u00fcrkiye Cumhuriyeti vatanda\u015flar\u0131na hizmet sunmak, sorunlar\u0131 ile alakadar olmay\u0131 gerektirir. Diyanet; hac vizesi d\u0131\u015f\u0131nda Mekke\u2019ye giden T\u00fcrkiye Cumhuriyeti vatanda\u015flar\u0131n\u0131n ya\u015fad\u0131klar\u0131 zorluklara kar\u015f\u0131 bigane tutumundan vazge\u00e7meyi, bu ki\u015filere y\u00f6nelik tutum ve bak\u0131\u015f a\u00e7\u0131lar\u0131nda de\u011fi\u015fikli\u011fe gitmeyi d\u00fc\u015f\u00fcnmekte midir?<\/p>\n<p>9.En d\u00fc\u015f\u00fck hac bedeli olan 24.500 SAR (yakla\u015f\u0131k 6.500 Amerikan Dolar\u0131) hac \u00fccreti dikkate al\u0131nd\u0131\u011f\u0131nda, bu bedelin toplam ne kadar\u0131 hangi hizmetlere kar\u015f\u0131l\u0131k Suudi Arabistan makamlar\u0131na\u00f6denmektedir?<\/p>\n<p>10.24.500 SAR (6.500 Amerikan Dolar\u0131) bedel i\u00e7erisinden konaklama ve transfer hizmetlerine ayr\u0131lan tutarlar ne kadard\u0131r? Di\u011fer giderler (sa\u011fl\u0131k hizmetleri, rehberlik hizmetleri vb.) ne kadard\u0131r? Toplam \u00fccrette her bir gider kalemi ayr\u0131 ayr\u0131 ne kadar tutmaktad\u0131r?<\/p>\n<p>11.En y\u00fcksek hac bedeli olan 62.000 SAR (yakla\u015f\u0131k 16.500 Amerikan Dolar\u0131) hac \u00fccreti i\u00e7in de ayn\u0131 sorular ge\u00e7erlidir: Bu bedelin ne kadar\u0131 Suudi Arabistan makamlar\u0131na \u00f6denmektedir? Konaklama ve transfer bedelleri ne kadard\u0131r ve di\u011fer gider kalemleri hangi tutarlar\u0131 kapsamaktad\u0131r?<\/p>\n<p>12.Y\u00fcksek bedelli hac kontenjan\u0131na ba\u015fvuru say\u0131s\u0131n\u0131n azl\u0131\u011f\u0131 nedeniyle, kurada \u00e7\u0131kma ihtimalinin di\u011fer \u00fccret s\u0131n\u0131flar\u0131na g\u00f6re y\u00fcksek oldu\u011fu g\u00f6r\u00fclmektedir. Toplam hac kontenjan\u0131n\u0131n y\u00fcksek ve d\u00fc\u015f\u00fck bedelli s\u0131n\u0131flar aras\u0131ndaki da\u011f\u0131l\u0131m\u0131 nas\u0131l ve hangi usul ile yap\u0131lmaktad\u0131r? Bu da\u011f\u0131l\u0131m nedeniyle y\u00fcksek bedelli hac \u00f6deyen ba\u015fvurucular lehine oransal olarak avantaj olu\u015ftu\u011fu iddias\u0131na cevab\u0131n\u0131z nedir? B\u00f6yle bir avantaj varsa bunun vatanda\u015flar aras\u0131ndaki e\u015fitlik, adalet ve hakkaniyet duygusunu zedeledi\u011fini d\u00fc\u015f\u00fcn\u00fcyor musunuz?<\/p>\n<p>13.Suudi makamlar\u0131na \u00f6denen bedeller 10. ve 11. sorularda g\u00f6sterilen giderler \u00e7\u0131kt\u0131\u011f\u0131nda s\u0131n\u0131flar\u0131na g\u00f6re her bir hac\u0131 aday\u0131ndan Diyanet\u2019in elde etti\u011fi gelir ne kadard\u0131r?<\/p>\n<p>14.Diyanet, hac ve umre i\u00e7in, Mekke ve Medine\u2019de ka\u00e7 otel\/oda kiralamaktad\u0131r? Bu kiralamalar y\u0131ll\u0131k m\u0131d\u0131r, ayl\u0131k m\u0131d\u0131r? \u00d6zellikle umre sezonunda \u00f6nden kiralanan odalar\u0131n y\u0131l boyu ortalama doluluk oran\u0131 nedir? Kiralanan baz\u0131 odalar\u0131n bo\u015f kalmas\u0131n\u0131n umre ve hac \u00fccretlerinin maliyetine ve vakf\u0131n b\u00fct\u00e7esine etkisi nedir?<\/p>\n<p>15.HURSAD\u2019\u0131n Cumhurba\u015fkanl\u0131\u011f\u0131 kararlar\u0131na ayk\u0131r\u0131 bir \u015fekilde yetkilendirilmesinin sebebi nedir? T\u00dcRSAB ve HURSAD aras\u0131ndaki uyu\u015fmazl\u0131klar acenteler \u00fczerinde ne t\u00fcr etkiler yaratmaktad\u0131r?<\/p>\n<p>16.T\u00fcrkiye&#8217;deki hac bedelleri ile Endonezya, Irak, Malezya ve Pakistan gibi \u00fclkelerdeki hac bedelleri aras\u0131ndaki fark\u0131n nedenleri nelerdir? Bu fark\u0131n olu\u015fmas\u0131nda hangi maliyet kalemleri etkilidir?<\/p>\n<p>17.Endonezya\u2019da 2024 hac \u00fccreti 5.747,7 ABD dolar\u0131 olarak belirlenmi\u015f olup, bu tutar h\u00fck\u00fcmet taraf\u0131ndan belirli bir oranda s\u00fcbvanse edilmektedir. T\u00fcrkiye&#8217;deki hac bedellerinin Endonezya ile k\u0131yasland\u0131\u011f\u0131nda neden daha y\u00fcksek oldu\u011fu hususunda bir de\u011ferlendirme yap\u0131lm\u0131\u015f m\u0131d\u0131r?<\/p>\n<p>18.Irak\u2019ta hac \u00fccreti kara yoluyla 3.500 ABD dolar\u0131, havayoluyla 5.000 ABD dolar\u0131d\u0131r. T\u00fcrkiye&#8217;de belirlenen hac bedellerinin Irak ile k\u0131yasland\u0131\u011f\u0131nda neden daha y\u00fcksek oldu\u011fu hususunda ne gibi a\u00e7\u0131klamalar getirilebilir?<\/p>\n<p>19.Malezya\u2019da 2024 y\u0131l\u0131 i\u00e7in hac \u00fccreti 7.073 ABD dolar\u0131 olarak belirlenmi\u015f olup, gelir durumu d\u00fc\u015f\u00fck olan hac\u0131 adaylar\u0131na devlet taraf\u0131ndan mali yard\u0131m sa\u011flanmaktad\u0131r. T\u00fcrkiye&#8217;de bu t\u00fcr bir s\u00fcbvansiyon ya da destek sa\u011flanmas\u0131 d\u00fc\u015f\u00fcn\u00fclmekte midir?<\/p>\n<p>20.Pakistan\u2019da hac \u00fccreti \u015fehir ve paket tercihlerine g\u00f6re de\u011fi\u015fmekte olup, 4.015 ila 4.650 ABD dolar\u0131 aras\u0131nda de\u011fi\u015fmektedir. T\u00fcrkiye\u2019deki hac bedellerinin Pakistan ile k\u0131yasland\u0131\u011f\u0131nda daha y\u00fcksek olmas\u0131n\u0131n nedenleri nelerdir?(15-16-17-18-19. sorulardaki bilgiler Meclis Ara\u015ft\u0131rma Birimi&#8217;nce yap\u0131lan ara\u015ft\u0131rma raporuna dayanmaktad\u0131r.)<\/p>\n<p>21.2025 y\u0131l\u0131nda hac vizesi olmadan Suudi Arabistan\u2019a gitmek isteyen hac\u0131 adaylar\u0131n\u0131n ma\u011fdur olmamas\u0131 i\u00e7in hangi tedbirler al\u0131nacakt\u0131r?<\/p>\n<p>22.Diyanet \u0130\u015fleri Ba\u015fkanl\u0131\u011f\u0131\u2019n\u0131n hac organizasyonlar\u0131 ile ilgili son Say\u0131\u015ftay denetimi hangi y\u0131lda yap\u0131lm\u0131\u015ft\u0131r? Cumhurba\u015fkanl\u0131\u011f\u0131 denetim mekanizmalar\u0131 ve Diyanet \u0130\u015fleri Ba\u015fkanl\u0131\u011f\u0131 denetim mekanizmalar\u0131 taraf\u0131ndan son on y\u0131lda hangi denetimler yap\u0131lm\u0131\u015ft\u0131r? Varsa yap\u0131lm\u0131\u015f denetim raporlar\u0131 kamuoyuyla payla\u015f\u0131lm\u0131\u015f m\u0131d\u0131r?<\/p>\n<p>23.\u00d6zel sekt\u00f6r hac ve umre hizmetleri hakk\u0131nda son on y\u0131lda yap\u0131lan denetim faaliyetleri ve firmalara kesilen cezalar nelerdir?<\/p>\n<p>24.Diyanet ve \u00f6zel sekt\u00f6r eliyle y\u00fcr\u00fct\u00fclen hac hizmetlerinde vatanda\u015f memnuniyetine ili\u015fkin, ne t\u00fcr \u00f6l\u00e7\u00fcmlemeler yap\u0131lmaktad\u0131r? Memnuniyet anketleri ve bu anketlerin sonu\u00e7lar\u0131 ve \u015fikayet edilen \u015firketler hakk\u0131nda al\u0131nan kararlara dair kamuoyuna a\u00e7\u0131klamalar yap\u0131lmakta m\u0131d\u0131r?<\/p>\n<p>25.Diyanet ve m\u00fc\u015favirlik, Mekke ve Medine\u2019de sadece hac ve umre vizesi ile gelen vatanda\u015flar\u0131n sorunlar\u0131 ile ilgilenmektedir. Di\u011fer t\u00fcr vizelerle gelen vatanda\u015flar\u0131m\u0131z\u0131n sorunlar\u0131yla Cidde konsoloslu\u011fu ilgilenmektedir. Vatanda\u015flar\u0131m\u0131z\u0131n ma\u011fdur olmamas\u0131 ve sorunlar\u0131n daha h\u0131zl\u0131 \u00e7\u00f6z\u00fclmesi i\u00e7in Diyanet ve m\u00fc\u015favirlik, Mekke&#8217;ye ula\u015fabilmi\u015f t\u00fcm vatanda\u015flar\u0131m\u0131z\u0131n sorunlar\u0131yla ilgilenmeyi d\u00fc\u015f\u00fcnmekte midir?<\/p>\n<p>26.Hac ve umre organizasyonu yapan firmalar i\u00e7in belirlenen teminat miktarlar\u0131 olan 500.000 USD ile 1.500.000 USD aras\u0131ndaki rakamlar, \u00f6zellikle k\u00fc\u00e7\u00fck acenteler i\u00e7in haks\u0131z rekabet olu\u015fturmaktad\u0131r. Bu konuda bir d\u00fczenleme veya kolayl\u0131k sa\u011flanmas\u0131 d\u00fc\u015f\u00fcn\u00fclmekte midir?<\/p>\n<p>27.H\u00dcRSAD, 2024-2025 umre hizmetleri i\u00e7in taban fiyat belirlemi\u015ftir. Bunun serbest piyasa kurallar\u0131na uygun oldu\u011funu d\u00fc\u015f\u00fcn\u00fcyor musunuz? Tavan fiyat uygulamas\u0131 yerine taban fiyat belirlenmesinin rekabeti azalt\u0131c\u0131, vatanda\u015f aleyhine do\u011furaca\u011f\u0131 sonu\u00e7lar denetlenmekte midir?<\/p>\n<p>28.Diyanet \u0130\u015fleri Ba\u015fkanl\u0131\u011f\u0131, hac hizmetlerini Diyanet Vakf\u0131 ve yine kendisine ba\u011fl\u0131 ve kendi g\u00f6revlilerinin y\u00f6netici oldu\u011fu di\u011fer vak\u0131flar arac\u0131l\u0131\u011f\u0131yla m\u0131 y\u00fcr\u00fctmektedir? Diyanet Vakf\u0131\u2019n\u0131n tercihi, denetim a\u00e7\u0131s\u0131ndan bir zafiyet yaratmakta m\u0131d\u0131r?<\/p>\n<p>29.Diyanet \u0130\u015fleri Ba\u015fkanl\u0131\u011f\u0131\u2019n\u0131n hac hizmetlerini Diyanet Vakf\u0131 arac\u0131l\u0131\u011f\u0131yla y\u00fcr\u00fctmesinin denetim d\u0131\u015f\u0131 gri bir alan yaratt\u0131\u011f\u0131 a\u00e7\u0131kt\u0131r. \u00d6n\u00fcm\u00fczdeki d\u00f6nemde Diyanet Vakf\u0131 d\u0131\u015f\u0131nda bir de M\u00dcSDAV \u00fczerinden hizmet sat\u0131n al\u0131naca\u011f\u0131na dair iddialar do\u011fru mudur? Buna neden ihtiya\u00e7 duyulmaktad\u0131r?<\/p>\n<p>30.Diyanet, hac hizmetlerinden \u00e7ekilip bu alanda yaln\u0131zca denetleyici ve koordine edici bir role ge\u00e7meyi d\u00fc\u015f\u00fcnmekte midir?<\/p>\n<p>31.Bakanl\u0131klararas\u0131 Hac ve Umre Kurulu taraf\u0131ndan kabul edilen ve T\u00dcRSAB taraf\u0131ndan kendilerine belirli bir kontenjan tan\u0131nan turizm acentelerinin, hi\u00e7bir uyar\u0131da bulunmadan ticari &#8211; turist vizesi veya umre vizesi ile vatanda\u015flar\u0131 hacca g\u00f6t\u00fcrd\u00fc\u011f\u00fc, bir k\u0131s\u0131m hac\u0131 adaylar\u0131n\u0131n bu durum nedeniyle otellere adeta hapsedilerek Arafat g\u00fcn\u00fcne kadar Mescidi Haram\u2019a bir kez dahi gidemedi\u011fi, Suudi makamlar\u0131nca derdest edilip \u015fehir d\u0131\u015f\u0131na at\u0131ld\u0131\u011f\u0131 do\u011fru mudur? Bu iddialar hakk\u0131nda akredite acentelerle ilgili bir inceleme yap\u0131lm\u0131\u015f m\u0131d\u0131r? Bu acentelerin bu t\u00fcr kafileleri yurt d\u0131\u015f\u0131na \u00e7\u0131k\u0131\u015f hizmetleri ile ilgili bir denetim yap\u0131lm\u0131\u015f m\u0131d\u0131r? \u0130ddialar\u0131n do\u011frulu\u011fu tespit edilmi\u015fse acenteler hakk\u0131nda kontenjan k\u0131s\u0131tlamas\u0131, para cezas\u0131 gibi tedbirler uygulanm\u0131\u015f m\u0131d\u0131r?<\/p>\n<p>32.T\u00fcrl\u00fc vaatler ve yanl\u0131\u015f beyanlarla hac kuras\u0131nda isimleri \u00e7\u0131kmayan vatanda\u015flara y\u00f6nelik a\u00e7\u0131k ilanlarla ve y\u00fcksek fiyatlarla m\u00fc\u015fteri toplayan bu acentelere kar\u015f\u0131 bir denetim faaliyeti y\u00fcr\u00fct\u00fclmekte midir? Bu acenteler aras\u0131nda T\u00dcRSAB \u00fcyesi olanlar hakk\u0131nda mesleki denetim ve yapt\u0131r\u0131mlar ayr\u0131ca uygulanmakta m\u0131d\u0131r?<\/p>\n<p>33.Kura \u00e7ekimi tarihinden itibaren hac vizesi d\u0131\u015f\u0131nda hacca gitmenin zorluklar\u0131 hususunda gerek cuma vakti gerek di\u011fer vaaz ve hutbeler arac\u0131l\u0131\u011f\u0131yla vatanda\u015flar s\u0131kl\u0131kla uyar\u0131lm\u0131\u015f m\u0131d\u0131r? 2025 y\u0131l\u0131 i\u00e7in bu ba\u011flamda hangi tedbirler al\u0131nmaktad\u0131r?<\/p>\n<p>34.Hacca yak\u0131n tarihte yurtd\u0131\u015f\u0131na (Riyad ve Cidde\u2019ye) u\u00e7an yolcular, hac vizesi d\u0131\u015f\u0131nda hac yapman\u0131n zorluklar\u0131 hakk\u0131nda, \u015fifahen ve yaz\u0131l\u0131 belgeler yoluyla denetlenmekte ve uyar\u0131lmakta m\u0131d\u0131r? 2025 i\u00e7in hangi tedbirler planlanmaktad\u0131r?<\/p>\n<p>35.Turistik-ticari ya da umre vizesi ile hac\u0131 g\u00f6t\u00fcren acentelerce Suudi makamlar\u0131na \u00f6denen belli mebla\u011flar\u0131n \u00f6denmemesine ra\u011fmen bu adaylardan hac vizeli hac\u0131lar kadar \u00fccret al\u0131nd\u0131\u011f\u0131 g\u00f6r\u00fclmektedir. Bu iddialar dikkate al\u0131nd\u0131\u011f\u0131nda hac\u0131 adaylar\u0131n\u0131n ma\u011fduriyeti yan\u0131nda fahi\u015f kar iddialar\u0131 incelenmi\u015f midir? Bu konuda Maliye Bakanl\u0131\u011f\u0131 bilgilendirilmi\u015f midir?<\/p>\n","protected":false},"excerpt":{"rendered":"<p>DEVA Partisi Genel Ba\u015fkan Yard\u0131mc\u0131s\u0131 Mehmet Emin Ekmen, Diyanet \u0130\u015fleri Ba\u015fkanl\u0131\u011f\u0131n\u0131n hac organizasyonlar\u0131nda ya\u015fanan sorunlar\u0131 Cumhurba\u015fkan\u0131 Yard\u0131mc\u0131s\u0131 Cevdet Y\u0131lmaz\u2019a sordu.Y\u0131lmaz\u2019\u0131n yan\u0131tlamas\u0131 istemiyle TBMM Ba\u015fkanl\u0131\u011f\u0131na 35 soru y\u00f6nelten Ekmen, on y\u0131ld\u0131r &hellip; <a href=\"https:\/\/akdenizolaygazetesi.com\/?p=31909\" class=\"more-link\">Devam\u0131n\u0131 Oku&#8230;<\/a><\/p>\n","protected":false},"author":2,"featured_media":31178,"comment_status":"open","ping_status":"open","sticky":false,"template":"","format":"standard","meta":[],"categories":[1,2,3],"tags":[],"_links":{"self":[{"href":"https:\/\/akdenizolaygazetesi.com\/index.php?rest_route=\/wp\/v2\/posts\/31909"}],"collection":[{"href":"https:\/\/akdenizolaygazetesi.com\/index.php?rest_route=\/wp\/v2\/posts"}],"about":[{"href":"https:\/\/akdenizolaygazetesi.com\/index.php?rest_route=\/wp\/v2\/types\/post"}],"author":[{"embeddable":true,"href":"https:\/\/akdenizolaygazetesi.com\/index.php?rest_route=\/wp\/v2\/users\/2"}],"replies":[{"embeddable":true,"href":"https:\/\/akdenizolaygazetesi.com\/index.php?rest_route=%2Fwp%2Fv2%2Fcomments&post=31909"}],"version-history":[{"count":1,"href":"https:\/\/akdenizolaygazetesi.com\/index.php?rest_route=\/wp\/v2\/posts\/31909\/revisions"}],"predecessor-version":[{"id":31910,"href":"https:\/\/akdenizolaygazetesi.com\/index.php?rest_route=\/wp\/v2\/posts\/31909\/revisions\/31910"}],"wp:featuredmedia":[{"embeddable":true,"href":"https:\/\/akdenizolaygazetesi.com\/index.php?rest_route=\/wp\/v2\/media\/31178"}],"wp:attachment":[{"href":"https:\/\/akdenizolaygazetesi.com\/index.php?rest_route=%2Fwp%2Fv2%2Fmedia&parent=31909"}],"wp:term":[{"taxonomy":"category","embeddable":true,"href":"https:\/\/akdenizolaygazetesi.com\/index.php?rest_route=%2Fwp%2Fv2%2Fcategories&post=31909"},{"taxonomy":"post_tag","embeddable":true,"href":"https:\/\/akdenizolaygazetesi.com\/index.php?rest_route=%2Fwp%2Fv2%2Ftags&post=31909"}],"curies":[{"name":"wp","href":"https:\/\/api.w.org\/{rel}","templated":true}]}}