{"id":31911,"date":"2024-09-16T14:44:38","date_gmt":"2024-09-16T11:44:38","guid":{"rendered":"http:\/\/akdenizolaygazetesi.com\/?p=31911"},"modified":"2024-09-16T14:44:38","modified_gmt":"2024-09-16T11:44:38","slug":"vali-ali-hamza-pehlivan-mersinde-duzenlenen-4-antakya-dermatoloji-gunleri-sempozyumu-acilis-programina-katildi","status":"publish","type":"post","link":"https:\/\/akdenizolaygazetesi.com\/?p=31911","title":{"rendered":"VAL\u0130 AL\u0130 HAMZA PEHL\u0130VAN, MERS\u0130N\u2019DE D\u00dcZENLENEN 4. ANTAKYA DERMATOLOJ\u0130 G\u00dcNLER\u0130 SEMPOZYUMU A\u00c7ILI\u015e PROGRAMINA KATILDI"},"content":{"rendered":"<p>Valimiz Ali Hamza Pehlivan, e\u015fi Y\u0131ld\u0131z Pehlivan Han\u0131mefendi ile birlikte; Hatay Mustafa Kemal \u00dcniversitesi Dermatoloji Anabilim Dal\u0131 ve Invictus Turizm Kongre ve Organizasyon \u015eirketi i\u015fbirli\u011finde 4.\u2019s\u00fc Mersin \u0130limizde d\u00fczenlenen Antakya Dermatoloji G\u00fcnleri Sempozyumu a\u00e7\u0131l\u0131\u015f program\u0131na kat\u0131ld\u0131.<\/p>\n<p>Sayg\u0131 duru\u015fu ile \u0130stiklal Mar\u015f\u0131m\u0131z\u0131n okunmas\u0131yla ba\u015flayan programda bir konu\u015fma ger\u00e7ekle\u015ftiren Vali Pehlivan; Sa\u011fl\u0131\u011f\u0131n hayattaki en b\u00fcy\u00fck nimet oldu\u011funu, sa\u011fl\u0131k alan\u0131nda hizmet veren b\u00fct\u00fcn t\u0131p bran\u015flar\u0131n\u0131n hepsinin birbiri kadar k\u0131ymetli oldu\u011funu, dermatoloji dal\u0131n\u0131n da di\u011fer bran\u015flar gibi her ge\u00e7en g\u00fcn artan imkanlar ve yeni geli\u015ftirilen y\u00f6ntemlerle insan\u0131m\u0131za hizmet verdi\u011fini, bu konuda k\u0131ymetli bilim insanlar\u0131n\u0131n,akademisyenlerin,doktorlar\u0131n takdire de\u011fer katk\u0131 ve emekleriyle korumaya ve tedavi etmeye y\u00f6nelik ba\u015far\u0131l\u0131 hizmetlerin verildi\u011fini, bu t\u00fcr sempozyumlar\u0131n tecr\u00fcbe payla\u015f\u0131m\u0131, yeni geli\u015fmelerin takibi, meslek mensuplar\u0131 aras\u0131nda bilgi al\u0131\u015fveri\u015finde bulunulmas\u0131 a\u00e7\u0131s\u0131ndan \u00f6nem arz etti\u011fini, Hatay\u2019da ba\u015flam\u0131\u015f bir sempozyum s\u00fcreci olmas\u0131 a\u00e7\u0131s\u0131ndan da ayr\u0131 bir anlam ta\u015f\u0131d\u0131\u011f\u0131n\u0131, ge\u00e7en y\u0131l ya\u015fanan b\u00fcy\u00fck deprem afeti nedeniyle bu y\u0131l Hatay Antakya\u2019da yap\u0131lamam\u0131\u015f olunmas\u0131n\u0131n buruklu\u011fu ya\u015fanmakla birlikte, devletimizin ilgili b\u00fct\u00fcn kurumlar\u0131n\u0131n azami gayretiyle h\u0131zla toparlanma s\u00fcreci i\u00e7inde olan Hatay\u2019da yak\u0131n bir gelecekte yeniden yap\u0131laca\u011f\u0131na inand\u0131klar\u0131n\u0131, depremin ba\u015f\u0131ndan beri depremden etkilenen di\u011fer illerle birlikte \u00f6zellikle Hatay ile Mersin olarak yak\u0131n bir dayan\u0131\u015fma i\u00e7inde bulunduklar\u0131n\u0131, sempozyumun ilimizde yap\u0131lmas\u0131n\u0131n bunun bir \u00f6rne\u011fi oldu\u011funu, katk\u0131 ve kat\u0131l\u0131m sa\u011flayanlara, dermatoloji ilmine g\u00f6n\u00fcl ve emek veren b\u00fct\u00fcn mensuplar\u0131na bug\u00fcne kadar vermi\u015f olduklar\u0131 hizmetlerden dolay\u0131 te\u015fekk\u00fcr etti\u011fini, bundan sonraki \u00e7al\u0131\u015fmalar\u0131nda ba\u015far\u0131lar temenni etti\u011fini belirtti, sempozyumun hay\u0131rl\u0131 u\u011furlu olmas\u0131n\u0131  diledi.<\/p>\n<p>Sekt\u00f6rde yeni geli\u015fmelerin duyurulmas\u0131, alan\u0131nda deneyimli isimlerin yapaca\u011f\u0131 sunumlar ile bilgi payla\u015f\u0131m\u0131 yap\u0131lmas\u0131, sekt\u00f6r i\u00e7in fark\u0131ndal\u0131k yarat\u0131lmas\u0131n\u0131n sa\u011flanmas\u0131 ve sekt\u00f6r \u00e7al\u0131\u015fanlar\u0131 i\u00e7erisinde birliktelik ve ortak \u00e7al\u0131\u015fma fikirleri olu\u015fturulmas\u0131 amac\u0131yla d\u00fczenlenen sempozyumda Hatay Mustafa Kemal \u00dcniversitesi Dermatoloji Ana Bilim Dal\u0131 \u00d6\u011fretim \u00dcyesi ve Sempozyum Ba\u015fkan\u0131 Prof. Dr. Asena \u00c7i\u011fdem Do\u011framac\u0131\u2019da bir konu\u015fma ger\u00e7ekle\u015ftirdi.<\/p>\n<p>Alan\u0131nda uzman isimlerin kat\u0131laca\u011f\u0131 ve 3 g\u00fcn s\u00fcrecek olan sempozyumun a\u00e7\u0131l\u0131\u015f program\u0131na; Yeni\u015fehir Kaymakam\u0131 Nevzat \u015eeng\u00f6k, \u0130l Sa\u011fl\u0131k M\u00fcd\u00fcr\u00fc Emrah Ceviz ve Dermatoloji alan\u0131nda g\u00f6rev yapan \u00e7ok say\u0131da akademisyen ve doktorlar kat\u0131ld\u0131.<\/p>\n","protected":false},"excerpt":{"rendered":"<p>Valimiz Ali Hamza Pehlivan, e\u015fi Y\u0131ld\u0131z Pehlivan Han\u0131mefendi ile birlikte; Hatay Mustafa Kemal \u00dcniversitesi Dermatoloji Anabilim Dal\u0131 ve Invictus Turizm Kongre ve Organizasyon \u015eirketi i\u015fbirli\u011finde 4.\u2019s\u00fc Mersin \u0130limizde d\u00fczenlenen Antakya &hellip; <a href=\"https:\/\/akdenizolaygazetesi.com\/?p=31911\" class=\"more-link\">Devam\u0131n\u0131 Oku&#8230;<\/a><\/p>\n","protected":false},"author":2,"featured_media":0,"comment_status":"open","ping_status":"open","sticky":false,"template":"","format":"standard","meta":[],"categories":[1,2,3],"tags":[],"_links":{"self":[{"href":"https:\/\/akdenizolaygazetesi.com\/index.php?rest_route=\/wp\/v2\/posts\/31911"}],"collection":[{"href":"https:\/\/akdenizolaygazetesi.com\/index.php?rest_route=\/wp\/v2\/posts"}],"about":[{"href":"https:\/\/akdenizolaygazetesi.com\/index.php?rest_route=\/wp\/v2\/types\/post"}],"author":[{"embeddable":true,"href":"https:\/\/akdenizolaygazetesi.com\/index.php?rest_route=\/wp\/v2\/users\/2"}],"replies":[{"embeddable":true,"href":"https:\/\/akdenizolaygazetesi.com\/index.php?rest_route=%2Fwp%2Fv2%2Fcomments&post=31911"}],"version-history":[{"count":1,"href":"https:\/\/akdenizolaygazetesi.com\/index.php?rest_route=\/wp\/v2\/posts\/31911\/revisions"}],"predecessor-version":[{"id":31912,"href":"https:\/\/akdenizolaygazetesi.com\/index.php?rest_route=\/wp\/v2\/posts\/31911\/revisions\/31912"}],"wp:attachment":[{"href":"https:\/\/akdenizolaygazetesi.com\/index.php?rest_route=%2Fwp%2Fv2%2Fmedia&parent=31911"}],"wp:term":[{"taxonomy":"category","embeddable":true,"href":"https:\/\/akdenizolaygazetesi.com\/index.php?rest_route=%2Fwp%2Fv2%2Fcategories&post=31911"},{"taxonomy":"post_tag","embeddable":true,"href":"https:\/\/akdenizolaygazetesi.com\/index.php?rest_route=%2Fwp%2Fv2%2Ftags&post=31911"}],"curies":[{"name":"wp","href":"https:\/\/api.w.org\/{rel}","templated":true}]}}