{"id":31913,"date":"2024-09-17T14:26:47","date_gmt":"2024-09-17T11:26:47","guid":{"rendered":"http:\/\/akdenizolaygazetesi.com\/?p=31913"},"modified":"2024-09-17T14:26:47","modified_gmt":"2024-09-17T11:26:47","slug":"su-urunleri-av-sezonu-acildi-vali-ali-hamza-pehlivan-av-sezonunun-acilis-programina-katildi","status":"publish","type":"post","link":"https:\/\/akdenizolaygazetesi.com\/?p=31913","title":{"rendered":"SU \u00dcR\u00dcNLER\u0130 AV SEZONU A\u00c7ILDI. VAL\u0130 AL\u0130 HAMZA PEHL\u0130VAN, AV SEZONUNUN A\u00c7ILI\u015e PROGRAMINA KATILDI"},"content":{"rendered":"<p>Valimiz Ali Hamza Pehlivan, 15 Nisan 2024 tarihinde ba\u015flayan bal\u0131k av yasa\u011f\u0131n\u0131n 15 Eyl\u00fcl 2024 tarihinde bitmesi ve bal\u0131k av sezonunun a\u00e7\u0131lmas\u0131 vesilesiyle Erdemli Bal\u0131k\u00e7\u0131 Bar\u0131na\u011f\u0131nda Mersin Valili\u011fi\u2019nin himayesinde \u0130l Tar\u0131m ve Orman M\u00fcd\u00fcrl\u00fc\u011f\u00fc taraf\u0131ndan d\u00fczenlenen Su \u00dcr\u00fcnleri Avc\u0131l\u0131k Sezonu A\u00e7\u0131l\u0131\u015f Program\u0131na kat\u0131ld\u0131. <\/p>\n<p>Program sayg\u0131 duru\u015fu ve \u0130stiklal Mar\u015f\u0131n\u0131n okunmas\u0131yla ba\u015flad\u0131. Kur\u2019an-\u0131 Kerim okundu, kurban kesildi, Erdemli \u0130l\u00e7e M\u00fcft\u00fcs\u00fc \u0130brahim Yi\u011fit taraf\u0131ndan dua yap\u0131ld\u0131.<\/p>\n<p>Vali Pehlivan, programda yapm\u0131\u015f oldu\u011fu konu\u015fmas\u0131nda; \u201c15 Eyl\u00fcl itibariyle gece yar\u0131s\u0131ndan sonra denizlerde av yasa\u011f\u0131 kalk\u0131yor. 15 Nisan\u2019da yani 5 ay \u00f6nce avlanma yasa\u011f\u0131 uygulamas\u0131 ba\u015flam\u0131\u015ft\u0131. 5 ayl\u0131k s\u00fcre doldu ve bug\u00fcn itibariyle tekneler, bal\u0131k\u00e7\u0131 gemileri denize bu gece a\u00e7\u0131lacaklar. \u00d6ncelikle yeni avc\u0131l\u0131k sezonunun hay\u0131rl\u0131 ve bereketli olmas\u0131n\u0131 diliyorum. Birka\u00e7 saat sonra bal\u0131k\u00e7\u0131lar\u0131m\u0131z tekneleriyle, gemileriyle \u2018Vira Bismillah!\u2019 deyip denize a\u00e7\u0131lacaklar. <\/p>\n<p>\u2018Mersin \u0130limiz 5. S\u0131rada Yer Al\u0131yor\u2019<\/p>\n<p>\u00dclkemiz 3 taraf\u0131 denizlerle \u00e7evrilidir. 8.333 kilometre k\u0131y\u0131s\u0131 olan T\u00fcrkiye&#8217;mizdeki Mersin&#8217;imiz 321 kilometre k\u0131y\u0131 \u015feridine sahiptir. D\u00fcnyada, bal\u0131k\u00e7\u0131l\u0131k \u00fcretimi hem avc\u0131l\u0131k hem de yeti\u015ftiricilik \u015feklinde giderek art\u0131yor. \u00dclkemizde de art\u0131yor. \u00dclkemiz 1 milyon tonun \u00fczerinde bal\u0131k \u00fcretimiyle d\u00fcnyada 11.s\u0131rada bulunuyor. \u0130limiz de 30 bin tonu yeti\u015ftiricilik, 8 bin tonu da avc\u0131l\u0131k olmak \u00fczere yakla\u015f\u0131k 40 bin ton civar\u0131nda bal\u0131k yeti\u015ftirmek suretiyle \u00fclke s\u0131ralamas\u0131nda 5. s\u0131rada yer al\u0131yor. <\/p>\n<p>Bug\u00fcn 13 Bal\u0131k\u00e7\u0131l\u0131k Kooperatifimize kay\u0131tl\u0131, 7 bal\u0131k\u00e7\u0131 bar\u0131na\u011f\u0131m\u0131zdan toplam 441 teknemiz denizlere a\u00e7\u0131larak avc\u0131l\u0131k sezonu ba\u015flam\u0131\u015f olacak. Bal\u0131k\u00e7\u0131l\u0131k alan\u0131nda Tar\u0131m ve Orman Bakanl\u0131\u011f\u0131m\u0131z\u0131n yay\u0131nlam\u0131\u015f oldu\u011fu tebli\u011fler bulunmaktad\u0131r. Bu tebli\u011fler i\u00e7erisinde Ticari Maksatl\u0131 Su \u00dcr\u00fcnlerinin Avc\u0131l\u0131\u011f\u0131n\u0131n D\u00fczenlenmesiyle \u0130lgili Tebli\u011fde birtak\u0131m yasaklamalar ve k\u0131s\u0131tlamalar bulunmaktad\u0131r.  Su \u00fcr\u00fcnleri avc\u0131l\u0131\u011f\u0131nda t\u00fcr, boy, zaman, derinlik, mesafe ve av ara\u00e7lar\u0131 bak\u0131m\u0131ndan baz\u0131 yasak ve s\u0131n\u0131rlamalar ile bal\u0131k\u00e7\u0131lara y\u00fck\u00fcml\u00fcl\u00fckler<\/p>\n<p>getirilmektedir. Bal\u0131k\u00e7\u0131lar, faaliyetlerini 1380 Say\u0131l\u0131 Su \u00dcr\u00fcnleri kanunu ve Y\u00f6netmeli\u011fi, Ticari ve Amat\u00f6r Ama\u00e7l\u0131 Su \u00dcr\u00fcnleri Avc\u0131l\u0131\u011f\u0131n\u0131 D\u00fczenleyen Tebli\u011f h\u00fck\u00fcmlerine g\u00f6re y\u00fcr\u00fctmelidirler.<\/p>\n<p>\u2018S\u00fcrd\u00fcr\u00fclebilir Bal\u0131k\u00e7\u0131l\u0131k\u2019<\/p>\n<p>Bu yasaklama veya k\u0131s\u0131tlamalardaki ama\u00e7, bal\u0131k\u00e7\u0131l\u0131\u011f\u0131n s\u00fcrd\u00fcr\u00fclebilirli\u011fini sa\u011flamakt\u0131r. Bu s\u00fcre\u00e7te de Mersin \u0130limizde Tar\u0131m ve Orman \u0130l M\u00fcd\u00fcrl\u00fc\u011f\u00fcm\u00fcz b\u00fcnyesindeki Su \u00dcr\u00fcnleri \u015fubemizde g\u00f6rev yapan ekiplerimiz ve ayr\u0131ca Sahil G\u00fcvenlik Akdeniz B\u00f6lge Komutanl\u0131\u011f\u0131m\u0131z\u0131n denizde seyreden botlar\u0131 marifetiyle y\u0131l boyunca denetlemeler yap\u0131lmaktad\u0131r. Bu ba\u011flamda deniz, i\u00e7 sular, karaya \u00e7\u0131k\u0131\u015f noktalar\u0131, sat\u0131\u015f yerleri, yol g\u00fczerg\u00e2hlar\u0131, so\u011fuk hava depolar\u0131 ve i\u015fleme tesislerinde denetimler ger\u00e7ekle\u015ftirilmektedir.\u201d dedi.<\/p>\n<p>Vali Pehlivan konu\u015fmas\u0131n\u0131n devam\u0131nda; \u201cAyr\u0131ca Bal\u0131k\u00e7\u0131 gemilerinin denizlerdeki avc\u0131l\u0131k faaliyetlerinin izlenmesi ve av faaliyetlerine ili\u015fkin verilerin kay\u0131t alt\u0131na al\u0131nmas\u0131 amac\u0131yla, Bal\u0131k\u00e7\u0131 Gemilerini \u0130zleme Sistemi (BAG\u0130S) ile takibi yap\u0131lmaktad\u0131r. Bu sistemle; bal\u0131k\u00e7\u0131 gemilerinin konumu, h\u0131z\u0131, av faaliyetleri ve avlad\u0131\u011f\u0131 \u00fcr\u00fcnlere ili\u015fkin bilgiler s\u00fcrekli takip edilecek ve b\u00f6ylelikle hem denetimlerde etkinlik art\u0131r\u0131lacak hem de avlan\u0131lan \u00fcr\u00fcnlere ait verilerin daha h\u0131zl\u0131 kay\u0131t alt\u0131na al\u0131nmas\u0131 sa\u011flanmaktad\u0131r.<br \/>\n2024 y\u0131l\u0131 ocak ay\u0131ndan Eyl\u00fcl ay\u0131na kadar ekiplerimiz toplamda yakla\u015f\u0131k 3.000 denetim ger\u00e7ekle\u015ftirdi ve 12 bal\u0131k\u00e7\u0131ya ceza kesilmek zorunda kald\u0131. Asl\u0131nda rakam\u0131 k\u0131yaslarsan\u0131z ceza oran\u0131 olduk\u00e7a d\u00fc\u015f\u00fck. Elbette ki cezalar\u0131n s\u0131f\u0131r olmas\u0131n\u0131 isteriz. A\u011f\u0131rl\u0131kl\u0131 olarak kurallara uyuldu\u011funu g\u00f6r\u00fcyoruz ve bu durum hepimizi memnun ediyor. Kurallara uyan b\u00fct\u00fcn bal\u0131k\u00e7\u0131lar\u0131m\u0131za te\u015fekk\u00fcr ediyorum ve bu hassasiyetin artarak devam etmesini diliyorum. <\/p>\n<p>\u2018Koru-Kullan, Koru-Faydalan Dengesi\u2019<\/p>\n<p>Hassas davranmal\u0131y\u0131z. \u00c7\u00fcnk\u00fc gerek denizlerimizdeki gerek tatl\u0131 sular\u0131m\u0131zdaki bal\u0131k kayna\u011f\u0131n\u0131n, bal\u0131k pop\u00fclasyonunun sonsuz olmad\u0131\u011f\u0131n\u0131 biliyoruz. Avc\u0131lar\u0131m\u0131z \u00f6zellikle gelecek nesillere avc\u0131l\u0131\u011f\u0131n, bal\u0131k\u00e7\u0131l\u0131\u011f\u0131n aktar\u0131labilmesi ad\u0131na bu kurallara \u00f6zellikle de boy limitine dikkat ederlerse bal\u0131k\u00e7\u0131l\u0131k s\u00fcrd\u00fcr\u00fclebilir olur. Bu konuda koru-kullan, koru-faydalan dengesinin \u00e7ok iyi bir \u015fekilde sa\u011flanmas\u0131 gerekiyor. <\/p>\n<p>A\u015f\u0131r\u0131 av bask\u0131s\u0131, hedef d\u0131\u015f\u0131 avc\u0131l\u0131k ve yasal boy limitinin alt\u0131nda avlanan her bir bal\u0131k, bizden sonraki nesillerin bu kaynaktan faydalanmalar\u0131 biraz daha zorla\u015facakt\u0131r. Bunun i\u00e7in koruma ve kullanma dengesinin mutlaka sa\u011flanmas\u0131 gerekmektedir. \u0130deal avc\u0131l\u0131k, dengeli avc\u0131l\u0131kt\u0131r.<\/p>\n<p>\u2018Resif Alanlar\u0131 Olu\u015fturaca\u011f\u0131z\u2019<\/p>\n<p>Denizlerimizde bal\u0131k pop\u00fclasyonu a\u00e7\u0131s\u0131ndan \u00f6nemli olan resif alanlar\u0131n\u0131 \u00e7o\u011faltmak amac\u0131yla; ge\u00e7ti\u011fimiz y\u0131l bir \u00e7al\u0131\u015fma yakla\u015f\u0131k yaparak 800 yapay resif blo\u011funu Erdemli Bal\u0131k\u00e7\u0131 bar\u0131na\u011f\u0131m\u0131zda deniz taban\u0131na yerle\u015ftirmi\u015ftik. Bu resiflerin bal\u0131k pop\u00fclasyona katk\u0131 durumu yak\u0131ndan takip edilmektedir. Yeni resif alanlar\u0131 olu\u015fturmak amac\u0131yla \u00f6n\u00fcm\u00fczdeki 1-1,5 ayl\u0131k bir s\u00fcre i\u00e7erisinde benzer uygulamalar yapmay\u0131 planlamaktay\u0131z.<\/p>\n<p> \u2018Vira Bismillah!\u2019 <\/p>\n<p>Ben, bug\u00fcn yeniden ba\u015flatm\u0131\u015f oldu\u011fumuz av sezonunun kazas\u0131z, belas\u0131z, hay\u0131rl\u0131 ve bereketli olmas\u0131n\u0131 temenni ediyorum. Bal\u0131k\u00e7\u0131l\u0131\u011fa aileleriyle birlikte g\u00f6n\u00fcl veren, emek veren, bu sayede \u0130limizin ve \u00dclkemizin bal\u0131k\u00e7\u0131l\u0131k sekt\u00f6r\u00fcne katk\u0131 sa\u011flayan b\u00fct\u00fcn bal\u0131k\u00e7\u0131lar\u0131m\u0131za \u015f\u00fckranlar\u0131m\u0131 sunuyorum, bereketli kazan\u00e7lar diliyorum.\u201d ifadelerini kulland\u0131.<br \/>\nT\u00f6rende, Erdemli Belediye Ba\u015fkan\u0131 Mustafa Kara, \u0130l Tar\u0131m ve Orman M\u00fcd\u00fcr\u00fc Erdem Karada\u011f ve Erdemli Su \u00dcr\u00fcnleri Kooperatifleri Ba\u015fkan\u0131 Volkan Ta\u015f da bir konu\u015fma ger\u00e7ekle\u015ftirerek duygu ve d\u00fc\u015f\u00fcncelerini dile getirdi.<\/p>\n<p>Konu\u015fmalar\u0131n ard\u0131ndan Vali Pehlivan ve beraberindekiler denize a\u00e7\u0131lacak bir gemiye \u00e7\u0131kt\u0131. Vali Pehlivan gemi telsizinden bal\u0131k\u00e7\u0131lara seslendi, \u201cVira bismillah, av sezonunuz hay\u0131rl\u0131 u\u011furlu olsun\u201d dedi ve gemileri u\u011furlad\u0131.<\/p>\n<p>Programa; Erdemli Kaymakam\u0131 Ayd\u0131n Tetiko\u011flu, Sahil G\u00fcvenlik Akdeniz B\u00f6lge Komutan\u0131 Tu\u011famiral O\u011fuz Bavbek, B\u00f6lge Liman Ba\u015fkan vekili Aytekin Sar\u0131ca \u00e7ok say\u0131da bal\u0131k\u00e7\u0131, aileleri ve vatanda\u015flar kat\u0131ld\u0131.<\/p>\n","protected":false},"excerpt":{"rendered":"<p>Valimiz Ali Hamza Pehlivan, 15 Nisan 2024 tarihinde ba\u015flayan bal\u0131k av yasa\u011f\u0131n\u0131n 15 Eyl\u00fcl 2024 tarihinde bitmesi ve bal\u0131k av sezonunun a\u00e7\u0131lmas\u0131 vesilesiyle Erdemli Bal\u0131k\u00e7\u0131 Bar\u0131na\u011f\u0131nda Mersin Valili\u011fi\u2019nin himayesinde \u0130l &hellip; <a href=\"https:\/\/akdenizolaygazetesi.com\/?p=31913\" class=\"more-link\">Devam\u0131n\u0131 Oku&#8230;<\/a><\/p>\n","protected":false},"author":2,"featured_media":31914,"comment_status":"open","ping_status":"open","sticky":false,"template":"","format":"standard","meta":[],"categories":[1,2,3],"tags":[],"_links":{"self":[{"href":"https:\/\/akdenizolaygazetesi.com\/index.php?rest_route=\/wp\/v2\/posts\/31913"}],"collection":[{"href":"https:\/\/akdenizolaygazetesi.com\/index.php?rest_route=\/wp\/v2\/posts"}],"about":[{"href":"https:\/\/akdenizolaygazetesi.com\/index.php?rest_route=\/wp\/v2\/types\/post"}],"author":[{"embeddable":true,"href":"https:\/\/akdenizolaygazetesi.com\/index.php?rest_route=\/wp\/v2\/users\/2"}],"replies":[{"embeddable":true,"href":"https:\/\/akdenizolaygazetesi.com\/index.php?rest_route=%2Fwp%2Fv2%2Fcomments&post=31913"}],"version-history":[{"count":1,"href":"https:\/\/akdenizolaygazetesi.com\/index.php?rest_route=\/wp\/v2\/posts\/31913\/revisions"}],"predecessor-version":[{"id":31915,"href":"https:\/\/akdenizolaygazetesi.com\/index.php?rest_route=\/wp\/v2\/posts\/31913\/revisions\/31915"}],"wp:featuredmedia":[{"embeddable":true,"href":"https:\/\/akdenizolaygazetesi.com\/index.php?rest_route=\/wp\/v2\/media\/31914"}],"wp:attachment":[{"href":"https:\/\/akdenizolaygazetesi.com\/index.php?rest_route=%2Fwp%2Fv2%2Fmedia&parent=31913"}],"wp:term":[{"taxonomy":"category","embeddable":true,"href":"https:\/\/akdenizolaygazetesi.com\/index.php?rest_route=%2Fwp%2Fv2%2Fcategories&post=31913"},{"taxonomy":"post_tag","embeddable":true,"href":"https:\/\/akdenizolaygazetesi.com\/index.php?rest_route=%2Fwp%2Fv2%2Ftags&post=31913"}],"curies":[{"name":"wp","href":"https:\/\/api.w.org\/{rel}","templated":true}]}}