{"id":31919,"date":"2024-09-17T14:29:58","date_gmt":"2024-09-17T11:29:58","guid":{"rendered":"http:\/\/akdenizolaygazetesi.com\/?p=31919"},"modified":"2024-09-17T14:29:58","modified_gmt":"2024-09-17T11:29:58","slug":"3-uluslararasi-antalya-yoruk-turkmen-festivalinde-mersin-ruzgari-tum-dunyanin-yorukleri-antalyada-bulustu-mersinin-standina-yogun-ilgi","status":"publish","type":"post","link":"https:\/\/akdenizolaygazetesi.com\/?p=31919","title":{"rendered":"3. ULUSLARARASI ANTALYA Y\u00d6R\u00dcK T\u00dcRKMEN FEST\u0130VAL\u0130\u2019NDE MERS\u0130N R\u00dcZGARI T\u00dcM D\u00dcNYANIN Y\u00d6R\u00dcKLER\u0130 ANTALYA\u2019DA BULU\u015eTU: MERS\u0130N\u2019\u0130N STANDINA YO\u011eUN \u0130LG\u0130"},"content":{"rendered":"<p>Antalya B\u00fcy\u00fck\u015fehir Belediyesi taraf\u0131ndan d\u00fczenlenen \u20183. Uluslararas\u0131 Antalya Y\u00f6r\u00fck T\u00fcrkmen Festivali\u2019nde Mersin B\u00fcy\u00fck\u015fehir Belediyesi\u2019nin stand\u0131 yo\u011fun ilgi g\u00f6rd\u00fc. Mersinden Kad\u0131n Kooperatifi\u2019ne \u00fcye emek\u00e7i kad\u0131nlar taraf\u0131ndan yap\u0131lan \u00fcr\u00fcnlerin sergilendi\u011fi stantlarda el yap\u0131m\u0131 bir\u00e7ok \u00fcr\u00fcn d\u00fcnyan\u0131n ve T\u00fcrkiye\u2019nin pek \u00e7ok yerinden gelen misafirlere sunuldu. <\/p>\n<p>Antalya B\u00fcy\u00fck\u015fehir Belediyesi taraf\u0131ndan d\u00fczenlenen \u20183. Uluslararas\u0131 Antalya Y\u00f6r\u00fck T\u00fcrkmen Festivali\u2019nde Mersin B\u00fcy\u00fck\u015fehir Belediyesi\u2019nin stand\u0131 yo\u011fun ilgi g\u00f6rd\u00fc. Mersinden Kad\u0131n Kooperatifi\u2019ne \u00fcye emek\u00e7i kad\u0131nlar taraf\u0131ndan yap\u0131lan \u00fcr\u00fcnlerin sergilendi\u011fi stantlarda el yap\u0131m\u0131 bir\u00e7ok \u00fcr\u00fcn d\u00fcnyan\u0131n ve T\u00fcrkiye\u2019nin pek \u00e7ok yerinden gelen misafirlere sunuldu. <\/p>\n<p>Mersin\u2019in y\u0131ld\u0131z gibi parlad\u0131\u011f\u0131 etkinlikte; develer, atlar ve kangal \u00e7oban k\u00f6peklerinin yan\u0131 s\u0131ra d\u00fcnyan\u0131n ve T\u00fcrkiye\u2019nin d\u00f6rt bir yan\u0131ndan gelen Y\u00f6r\u00fck dernekleri misafirler renkli g\u00f6r\u00fcnt\u00fcler olu\u015fturdu. Cumhuriyet Meydan\u0131\u2019nda ger\u00e7ekle\u015ftirilen ilk t\u00f6rene Antalya B\u00fcy\u00fck\u015fehir Belediye Ba\u015fkan\u0131 Muhittin B\u00f6cek, Mersin B\u00fcy\u00fck\u015fehir Belediyesi Tar\u0131msal Hizmetler Dairesi Ba\u015fkan\u0131 Abdullah Sel\u00e7uk \u015eahuto\u011flu, milletvekilleri, il\u00e7e belediye ba\u015fkanlar\u0131, Y\u00f6r\u00fck-T\u00fcrkmen dernek temsilcileri ve \u00e7ok say\u0131da davetli kat\u0131ld\u0131. B\u00fcy\u00fck\u015fehir Belediye Ba\u015fkan\u0131 Muhittin B\u00f6cek\u2019in Atat\u00fcrk An\u0131t\u0131\u2019na \u00e7elenk sunmas\u0131yla ba\u015flayan t\u00f6renin ard\u0131ndan g\u00f6\u00e7 duas\u0131n\u0131n okunmas\u0131yla Y\u00f6r\u00fck g\u00f6\u00e7\u00fc yap\u0131ld\u0131.<\/p>\n<p>Ba\u015fkan B\u00f6cek, Y\u00f6r\u00fck G\u00f6\u00e7\u00fc\u2019nde en \u00f6nde y\u00fcr\u00fcd\u00fc<br \/>\nTemsili Y\u00f6r\u00fck G\u00f6\u00e7\u00fc y\u00fcr\u00fcy\u00fc\u015f\u00fc, Karaalio\u011flu Park\u0131\u2019ndaki Antalya B\u00fcy\u00fck\u015fehir Belediyesi Ba\u015fkanl\u0131\u011f\u0131 \u00f6n\u00fcnde sona erdi. B\u00fcy\u00fck\u015fehir Belediye Ba\u015fkan\u0131 Muhittin B\u00f6cek, belediye \u00f6n\u00fcnde korteje kat\u0131lan misafirleri tek tek selamlad\u0131. B\u00f6cek, \u201cT\u00fcrkiye\u2019den 59 Y\u00f6r\u00fck-T\u00fcrkmen derne\u011fi, 19 \u00fclkeden gelen heyetlerimizle Y\u00f6r\u00fck G\u00f6\u00e7\u00fcm\u00fcz\u00fc yapt\u0131k. Bize destek olan Y\u00f6r\u00fck karde\u015flerime te\u015fekk\u00fcr ediyorum. Y\u00f6r\u00fck karde\u015flerimizin gelenek ve g\u00f6reneklerini gelecek nesillere aktarmak i\u00e7in b\u00f6yle bir festival d\u00fczenliyoruz. 3 g\u00fcn boyunca birbirinden g\u00fczel etkinliklerimizle halk\u0131m\u0131zla bulu\u015faca\u011f\u0131z\u201d s\u00f6zlerine yer verdi.<\/p>\n<p>\u015eahuto\u011flu: \u201cY\u00f6r\u00fck k\u00fclt\u00fcr\u00fcn\u00fc hep birlikte gelecek nesillere aktaraca\u011f\u0131z\u201d<br \/>\nCo\u015fkulu bir etkinlik oldu\u011funu kaydeden ve d\u00fcnyan\u0131n d\u00f6rt bir yan\u0131ndan insan\u0131n kat\u0131ld\u0131\u011f\u0131na dikket \u00e7eken Tar\u0131msal Hizmetler Dairesi Ba\u015fkan\u0131 Abdullah Sel\u00e7uk \u015eahuto\u011flu, \u201cMersin\u2019deki federasyonlar\u0131m\u0131zla, derneklerimizle beraber kat\u0131ld\u0131k. Mersin, Y\u00f6r\u00fck k\u00fclt\u00fcr\u00fcn\u00fcn yo\u011fun ya\u015fand\u0131\u011f\u0131 bir ilimiz. K\u00fclt\u00fcr\u00fcm\u00fcz\u00fcn asl\u0131nda mihenk ta\u015f\u0131 denilen Y\u00f6r\u00fcklerimizin, Y\u00f6r\u00fck k\u00fclt\u00fcr\u00fcn\u00fcn ya\u015fad\u0131\u011f\u0131 sorunlara dikkat \u00e7ekmek ve onlar\u0131n yan\u0131nda oldu\u011fumuzu hissettirmek ad\u0131na bug\u00fcn Mersin B\u00fcy\u00fck\u015fehir Belediyesi olarak festivalde yerimizi ald\u0131k\u201d dedi. Y\u0131l boyu B\u00fcy\u00fck\u015fehir\u2019in de bir\u00e7ok etkinlikte Y\u00f6r\u00fcklerle bir araya geldi\u011fine dikkat \u00e7eken \u015eahuto\u011flu, \u201cYapt\u0131\u011f\u0131m\u0131z projelerle asl\u0131nda ya\u015fam\u0131\u015f olduklar\u0131 sorunlara \u00e7\u00f6z\u00fcmler \u00fcretmeye \u00e7al\u0131\u015f\u0131yoruz. Her bir proje onlar\u0131n ya\u015fad\u0131\u011f\u0131 bir sorunu \u00e7\u00f6zmeye y\u00f6nelik. Fakat bunu daha kitlesel boyutlara ta\u015f\u0131mak, yaymak ad\u0131na bu t\u00fcr festivallerin \u00f6nemli oldu\u011funu d\u00fc\u015f\u00fcn\u00fcyoruz. Biz de Say\u0131n B\u00fcy\u00fck\u015fehir Belediye Ba\u015fkan\u0131m\u0131z Vahap Se\u00e7er\u2019in talimatlar\u0131yla bug\u00fcn 3\u2019\u00fcnc\u00fcs\u00fc d\u00fczenlenen festivalle bu k\u00fclt\u00fcr\u00fc gelecek nesillere aktaraca\u011f\u0131z\u201d ifadelerine yer verdi. <\/p>\n<p>Deniz: \u201cY\u00f6r\u00fck k\u00fclt\u00fcr\u00fcn\u00fc t\u00fcm d\u00fcnyaya yayaca\u011f\u0131z\u201d<br \/>\nT\u00fcrkiye\u2019de ve d\u00fcnyada ya\u015fayan Y\u00f6r\u00fckleri bir araya getire etkinlik i\u00e7in emek verenlere te\u015fekk\u00fcr eden Anamur Belediye Ba\u015fkan\u0131 Durmu\u015f Deniz, \u201cBuna benzer etkinlikleri kendi y\u00f6remizde Anamur il\u00e7esinde ara ara yapmaktay\u0131z. Hatta bu y\u0131l ki program\u0131m\u0131z\u0131 yaylalarda ba\u015flatt\u0131k. Bizim de Toroslar\u2019da yaz\u0131n 6 &#8211; 8 ay aras\u0131 yaylada kalan hayvanc\u0131l\u0131kla, ar\u0131c\u0131l\u0131kla u\u011fra\u015fan vatanda\u015flar\u0131m\u0131z var. Biz de bu etkinlikleri kendi il\u00e7emizde kom\u015fu Y\u00f6r\u00fckler\u2019imizle beraber yapmay\u0131 planl\u0131yoruz\u201d dedi. Deniz, \u201cB\u00f6yle etkinliklerle Y\u00f6r\u00fckler k\u00fclt\u00fcrlerini tan\u0131t\u0131yor, ge\u00e7mi\u015f d\u00f6nemdeki ya\u015fant\u0131s\u0131ndaki, k\u00fclt\u00fcrel geleneklerimizi s\u00fcrd\u00fcr\u00fcyoruz. Umar\u0131m bundan sonra daha da geli\u015ferek bu Y\u00f6r\u00fck k\u00fclt\u00fcr\u00fcn\u00fc t\u00fcm d\u00fcnyaya yayaca\u011f\u0131z\u201d diyerek, Anamur\u2019a da t\u00fcm Y\u00f6r\u00fckleri davet etti. <\/p>\n<p>\u201cMersin\u2019i en iyi \u015fekilde temsil ettik\u201d<\/p>\n<p>B\u00fcy\u00fck\u015fehir\u2019i ve Y\u00f6r\u00fckleri temsilen festivalde yerlerini ald\u0131klar\u0131n\u0131 belirten Mersin Y\u00f6r\u00fck T\u00fcrkmen Vakf\u0131 \u0130l Ba\u015fkan\u0131 Berdan Tun, \u201cMersin\u2019de faaliyet g\u00f6steren derneklerimiz ve dernek ba\u015fkanlar\u0131m\u0131z burada. Y\u00f6r\u00fck Festivali i\u00e7erisinde Mersin\u2019imizi ve Mersin\u2019in Y\u00f6r\u00fck k\u00fclt\u00fcr\u00fcn\u00fc her a\u015famada anlatmak \u00fczere buraday\u0131z. Yapm\u0131\u015f oldu\u011fumuz \u00e7ad\u0131r ziyaretlerinde Mersin Y\u00f6r\u00fck k\u00fclt\u00fcr\u00fcn\u00fc, geleneklerini buradaki di\u011fer payda\u015flarla payla\u015ft\u0131k. Mersin\u2019i en iyi \u015fekilde temsil etti\u011fimizi d\u00fc\u015f\u00fcn\u00fcyoruz. Bu kapsamda ba\u015fta B\u00fcy\u00fck\u015fehir Belediye Ba\u015fkan\u0131m\u0131z Vahap Se\u00e7er olmak \u00fczere t\u00fcm \u00e7al\u0131\u015fanlar\u0131na te\u015fekk\u00fcr ediyorum\u201d diye konu\u015ftu. <\/p>\n<p>Mersin\u2019in stand\u0131na yo\u011fun ilgi<\/p>\n<p>\u00c7ok g\u00fczel bir etkinlik oldu\u011funu vurgulayan \u015e\u00fckran Arslan, \u201cGe\u00e7en y\u0131l da Mersin B\u00fcy\u00fck\u015fehir Belediye Ba\u015fkan\u0131m\u0131z Se\u00e7er\u2019in sayesinde geldik. Bu etkinlikte t\u00fcm eme\u011fi ge\u00e7en herkese \u00e7ok te\u015fekk\u00fcr ediyorum. \u00c7ok g\u00fczel bir etkinlik, memnun kald\u0131k\u201d dedi. Mersinli kad\u0131nlar\u0131n ellerinden \u00e7\u0131kan \u00fcr\u00fcnlerin \u00e7ok g\u00fczel oldu\u011funa vurgu yapan Arslan, \u201cMeral Se\u00e7er Han\u0131m\u2019\u0131n katk\u0131lar\u0131yla kooperatif olarak \u00e7ok g\u00fczel \u015feyler haz\u0131rlam\u0131\u015flar, kutluyorum onlar\u0131. Emek\u00e7i kad\u0131nlar, becerikli kad\u0131nlar eline her zaman ta\u015f\u0131n alt\u0131na koydu\u011fu gibi becerilerini burada da g\u00f6stermi\u015fler\u201d \u015feklinde konu\u015ftu.<\/p>\n<p>K\u0131br\u0131s\u2019tan festivale gelen \u015eerife Ramadan, \u201cBen ge\u00e7en sene buradayd\u0131m \u00e7ok be\u011fenmi\u015ftim, denk geldi tesad\u00fcf bu sene yine buraday\u0131m. T\u00fcrkiye&#8217;deyim geziyorum ve Mersin\u2019in stand\u0131n\u0131 hi\u00e7 unutmad\u0131m. \u00c7orbal\u0131k vard\u0131 kar\u0131\u015f\u0131k ve biz K\u0131br\u0131s\u2019ta kavurga derdik onlardan ald\u0131m. \u00c7orbay\u0131 pi\u015firdi\u011fimde, herkes \u00e7ok be\u011fendi. Bu sene de lavanta, portakal ve muz deneyece\u011fiz. Ben K\u0131br\u0131s&#8217;a giderken eskiden hep Mersin\u2019den ge\u00e7erdik oradan cezerye al\u0131rd\u0131k ve eski an\u0131lar\u0131 da anm\u0131\u015f olduk bu sayede\u201d dedi. <\/p>\n<p>\u201cMersin\u2019in g\u00fczelli\u011fi anlatmakla bitmez\u201d<\/p>\n<p>\u0130zmir\u2019de ya\u015fayan Mersinli Mustafa Ta\u015f, B\u00fcy\u00fck\u015fehir\u2019in stand\u0131n\u0131 g\u00f6r\u00fcnce \u00e7ok mutlu oldu\u011funu kaydetti. Mersin\u2019de yeti\u015fen \u00fcr\u00fcnlerden ald\u0131\u011f\u0131n\u0131 s\u00f6yleyen Ta\u015f, \u201cMersin\u2019in g\u00fczelli\u011fi anlatmakla bitmez. Bir bak\u0131ma da memleketimin havas\u0131n\u0131 alm\u0131\u015f oldum\u201d dedi.<\/p>\n<p>Mersin B\u00fcy\u00fck\u015fehir Belediyesi\u2019nin stantlar\u0131n\u0131n \u00e7ok ilgi \u00e7ekici oldu\u011funu kaydeden Muhammed Cira, \u201c\u00d6\u011fretmen arkada\u015f\u0131m Mersin\u2019e atand\u0131, onunla gezip g\u00f6rebilece\u011fim yerler hakk\u0131nda da \u00f6nemli bilgiler elde ettim. \u0130kramlar\u0131n\u0131z, hediyeleriniz \u00e7ok g\u00fczel, misafirperver ve g\u00fczel kar\u015f\u0131l\u0131yorsunuz. Bu beni \u00e7ok mutlu etti\u201d \u015feklinde konu\u015ftu.<\/p>\n<p>Statlarda bulunan B\u00fcy\u00fck\u015fehir personelinin \u00e7ok cana yak\u0131n oldu\u011funu belirten Beyhan Akta\u015f ise  \u201cYapt\u0131\u011f\u0131n\u0131z \u00fcr\u00fcnler de m\u00fckemmel, \u00e7ok g\u00fczel i\u015fler ba\u015farm\u0131\u015fs\u0131n\u0131z. Ba\u015far\u0131lar\u0131n\u0131z\u0131n devam\u0131n\u0131 diliyorum. Mersin\u2019i seviyoruz\u201d ifadelerine yer verdi. <\/p>\n","protected":false},"excerpt":{"rendered":"<p>Antalya B\u00fcy\u00fck\u015fehir Belediyesi taraf\u0131ndan d\u00fczenlenen \u20183. Uluslararas\u0131 Antalya Y\u00f6r\u00fck T\u00fcrkmen Festivali\u2019nde Mersin B\u00fcy\u00fck\u015fehir Belediyesi\u2019nin stand\u0131 yo\u011fun ilgi g\u00f6rd\u00fc. Mersinden Kad\u0131n Kooperatifi\u2019ne \u00fcye emek\u00e7i kad\u0131nlar taraf\u0131ndan yap\u0131lan \u00fcr\u00fcnlerin sergilendi\u011fi stantlarda el &hellip; <a href=\"https:\/\/akdenizolaygazetesi.com\/?p=31919\" class=\"more-link\">Devam\u0131n\u0131 Oku&#8230;<\/a><\/p>\n","protected":false},"author":2,"featured_media":31920,"comment_status":"open","ping_status":"open","sticky":false,"template":"","format":"standard","meta":[],"categories":[1,2,3],"tags":[],"_links":{"self":[{"href":"https:\/\/akdenizolaygazetesi.com\/index.php?rest_route=\/wp\/v2\/posts\/31919"}],"collection":[{"href":"https:\/\/akdenizolaygazetesi.com\/index.php?rest_route=\/wp\/v2\/posts"}],"about":[{"href":"https:\/\/akdenizolaygazetesi.com\/index.php?rest_route=\/wp\/v2\/types\/post"}],"author":[{"embeddable":true,"href":"https:\/\/akdenizolaygazetesi.com\/index.php?rest_route=\/wp\/v2\/users\/2"}],"replies":[{"embeddable":true,"href":"https:\/\/akdenizolaygazetesi.com\/index.php?rest_route=%2Fwp%2Fv2%2Fcomments&post=31919"}],"version-history":[{"count":1,"href":"https:\/\/akdenizolaygazetesi.com\/index.php?rest_route=\/wp\/v2\/posts\/31919\/revisions"}],"predecessor-version":[{"id":31921,"href":"https:\/\/akdenizolaygazetesi.com\/index.php?rest_route=\/wp\/v2\/posts\/31919\/revisions\/31921"}],"wp:featuredmedia":[{"embeddable":true,"href":"https:\/\/akdenizolaygazetesi.com\/index.php?rest_route=\/wp\/v2\/media\/31920"}],"wp:attachment":[{"href":"https:\/\/akdenizolaygazetesi.com\/index.php?rest_route=%2Fwp%2Fv2%2Fmedia&parent=31919"}],"wp:term":[{"taxonomy":"category","embeddable":true,"href":"https:\/\/akdenizolaygazetesi.com\/index.php?rest_route=%2Fwp%2Fv2%2Fcategories&post=31919"},{"taxonomy":"post_tag","embeddable":true,"href":"https:\/\/akdenizolaygazetesi.com\/index.php?rest_route=%2Fwp%2Fv2%2Ftags&post=31919"}],"curies":[{"name":"wp","href":"https:\/\/api.w.org\/{rel}","templated":true}]}}