{"id":31925,"date":"2024-09-17T14:32:42","date_gmt":"2024-09-17T11:32:42","guid":{"rendered":"http:\/\/akdenizolaygazetesi.com\/?p=31925"},"modified":"2024-09-17T14:32:42","modified_gmt":"2024-09-17T11:32:42","slug":"turizmde-derinlesen-kriz-pahalilik-yabanci-ve-yerli-turistleri-vurdu-sektor-zor-durumda","status":"publish","type":"post","link":"https:\/\/akdenizolaygazetesi.com\/?p=31925","title":{"rendered":"Turizmde Derinle\u015fen Kriz:  Pahal\u0131l\u0131k Yabanc\u0131 ve Yerli Turistleri Vurdu, Sekt\u00f6r Zor Durumda"},"content":{"rendered":"<p>T\u00fcrkiye, uzun y\u0131llard\u0131r turizm sekt\u00f6r\u00fcndeki ba\u015far\u0131lar\u0131yla hem ekonomik kalk\u0131nmas\u0131n\u0131 destekleyen hem de uluslararas\u0131 arenada tan\u0131t\u0131m\u0131n\u0131 g\u00fc\u00e7lendiren bir \u00fclke olarak \u00f6ne \u00e7\u0131k\u0131yordu. Ancak 2024 y\u0131l\u0131 itibar\u0131yla turizm sekt\u00f6r\u00fc, pandemi d\u00f6neminde ya\u015fad\u0131\u011f\u0131 krizin \u00f6tesinde, daha derin bir sars\u0131nt\u0131 ile kar\u015f\u0131 kar\u015f\u0131ya kald\u0131. Ekonomik s\u0131k\u0131nt\u0131lar, y\u00fcksek enflasyon ve artan maliyetler hem yerli hem de yabanc\u0131 turistler i\u00e7in b\u00fcy\u00fck bir sorun haline geldi.<\/p>\n<p>G\u00fclcan K\u0131\u015f: &#8220;Pahal\u0131l\u0131k Yabanc\u0131 Turistleri Ka\u00e7\u0131r\u0131yor&#8221;<\/p>\n<p>CHP Mersin Milletvekili ve TBMM Bay\u0131nd\u0131rl\u0131k, Ula\u015ft\u0131rma, \u0130mar ve Turizm Komisyonu \u00dcyesi G\u00fclcan K\u0131\u015f, turizm sekt\u00f6r\u00fcndeki bu krizle ilgili \u00f6nemli a\u00e7\u0131klamalarda bulundu. K\u0131\u015f, T\u00fcrkiye&#8217;deki pahal\u0131l\u0131\u011f\u0131n yabanc\u0131 turistleri ka\u00e7\u0131rd\u0131\u011f\u0131na dikkat \u00e7ekerek, \u015funlar\u0131 s\u00f6yledi:<\/p>\n<p>&#8220;Bu y\u0131l T\u00fcrkiye, pandemi d\u00f6nemindekinden bile daha zorlu bir turizm sezonu ge\u00e7irdi. D\u00f6viz kurundaki art\u0131\u015f ve otel, restoran fiyatlar\u0131n\u0131n y\u00fckselmesi, \u00f6zellikle Avrupa&#8217;dan gelen turistlerin tatil planlar\u0131n\u0131 de\u011fi\u015ftirmesine yol a\u00e7t\u0131. Yabanc\u0131 turistler art\u0131k T\u00fcrkiye&#8217;yi cazip bir tatil destinasyonu olarak g\u00f6rm\u00fcyor. Y\u00fckselen fiyatlar, yabanc\u0131 turistlerin ba\u015fka destinasyonlar\u0131 tercih etmesine neden oluyor.&#8221;<\/p>\n<p>Yerli Halk Tatil Yapamaz Hale Geldi<\/p>\n<p>K\u0131\u015f, artan maliyetler ve ekonomik zorluklar nedeniyle yerli halk\u0131n tatil yapma \u015fans\u0131n\u0131n neredeyse tamamen ortadan kalkt\u0131\u011f\u0131n\u0131 vurgulad\u0131. &#8220;Bir asgari \u00fccretli ya da emeklinin bu fiyatlarla tatil yapmas\u0131 imkans\u0131z hale geldi. Birka\u00e7 g\u00fcnl\u00fck otel masraf\u0131 bile bir\u00e7ok ailenin y\u0131ll\u0131k b\u00fct\u00e7esini a\u015fabiliyor. Bu da i\u00e7 turizmi ciddi \u015fekilde baltal\u0131yor. Turizm art\u0131k l\u00fcks olmaktan \u00e7\u0131kt\u0131, tamamen ula\u015f\u0131lamaz bir hale geldi.&#8221;<\/p>\n<p>Otel Fiyatlar\u0131 El Yak\u0131yor<\/p>\n<p>Bir otelde ortalama gecelik konaklama \u00fccretinin 4.000-5.000 TL&#8217;yi buldu\u011funu ifade eden G\u00fclcan K\u0131\u015f, ula\u015f\u0131m, yemek ve di\u011fer harcamalar\u0131n da b\u00fcy\u00fck bir y\u00fck haline geldi\u011fini belirtti. &#8220;Bir ailenin bir hafta boyunca tatil yapmas\u0131, neredeyse y\u0131ll\u0131k birikimlerini t\u00fcketmeleri anlam\u0131na geliyor. Yerli turistlerin de bu fiyatlar kar\u015f\u0131s\u0131nda tatil plan\u0131 yapabilmesi \u00e7ok zor.&#8221;<\/p>\n<p>Turizm Sekt\u00f6r\u00fc Zor Durumda, Politikalar Yeniden G\u00f6zden Ge\u00e7irilmeli<\/p>\n<p>CHP Mersin Milletvekili G\u00fclcan K\u0131\u015f, bu zorlu s\u00fcre\u00e7te turizm sekt\u00f6r\u00fcn\u00fcn ayakta kalmas\u0131n\u0131n hayati oldu\u011funu ancak h\u00fck\u00fcmetin ekonomik politikalar\u0131n\u0131 yeniden g\u00f6zden ge\u00e7irmesi gerekti\u011fini s\u00f6yledi. &#8220;Ekonomik istikrar sa\u011flanmadan, turizmi canland\u0131rmak m\u00fcmk\u00fcn de\u011fil. Y\u00fcksek enflasyon, pahal\u0131l\u0131k ve yanl\u0131\u015f ekonomi politikalar\u0131 turizm sekt\u00f6r\u00fcndeki krizi daha da derinle\u015ftiriyor. Acilen fiyat art\u0131\u015flar\u0131n\u0131 kontrol alt\u0131na alacak, vatanda\u015f\u0131n al\u0131m g\u00fcc\u00fcn\u00fc art\u0131racak ve turizm sekt\u00f6r\u00fcn\u00fc yeniden canland\u0131racak ad\u0131mlar at\u0131lmal\u0131.&#8221;<\/p>\n<p>Gelecek Y\u0131l Daha Zor Ge\u00e7ecek<\/p>\n<p>G\u00fclcan K\u0131\u015f, 2025 turizm sezonunun daha da zorlu ge\u00e7ece\u011fini belirterek, &#8220;E\u011fer bu ekonomik kriz devam ederse, turist say\u0131s\u0131nda daha b\u00fcy\u00fck d\u00fc\u015f\u00fc\u015fler ya\u015fanabilir. Hem fiyatlar kontrol alt\u0131na al\u0131nmaz hem de hizmet kalitesi iyile\u015ftirilmezse, T\u00fcrkiye turizmde b\u00fcy\u00fck bir \u00e7\u00f6k\u00fc\u015f riskiyle kar\u015f\u0131 kar\u015f\u0131ya kalabilir&#8221; dedi.<\/p>\n","protected":false},"excerpt":{"rendered":"<p>T\u00fcrkiye, uzun y\u0131llard\u0131r turizm sekt\u00f6r\u00fcndeki ba\u015far\u0131lar\u0131yla hem ekonomik kalk\u0131nmas\u0131n\u0131 destekleyen hem de uluslararas\u0131 arenada tan\u0131t\u0131m\u0131n\u0131 g\u00fc\u00e7lendiren bir \u00fclke olarak \u00f6ne \u00e7\u0131k\u0131yordu. Ancak 2024 y\u0131l\u0131 itibar\u0131yla turizm sekt\u00f6r\u00fc, pandemi d\u00f6neminde ya\u015fad\u0131\u011f\u0131 &hellip; <a href=\"https:\/\/akdenizolaygazetesi.com\/?p=31925\" class=\"more-link\">Devam\u0131n\u0131 Oku&#8230;<\/a><\/p>\n","protected":false},"author":2,"featured_media":31926,"comment_status":"open","ping_status":"open","sticky":false,"template":"","format":"standard","meta":[],"categories":[1,2,3],"tags":[],"_links":{"self":[{"href":"https:\/\/akdenizolaygazetesi.com\/index.php?rest_route=\/wp\/v2\/posts\/31925"}],"collection":[{"href":"https:\/\/akdenizolaygazetesi.com\/index.php?rest_route=\/wp\/v2\/posts"}],"about":[{"href":"https:\/\/akdenizolaygazetesi.com\/index.php?rest_route=\/wp\/v2\/types\/post"}],"author":[{"embeddable":true,"href":"https:\/\/akdenizolaygazetesi.com\/index.php?rest_route=\/wp\/v2\/users\/2"}],"replies":[{"embeddable":true,"href":"https:\/\/akdenizolaygazetesi.com\/index.php?rest_route=%2Fwp%2Fv2%2Fcomments&post=31925"}],"version-history":[{"count":1,"href":"https:\/\/akdenizolaygazetesi.com\/index.php?rest_route=\/wp\/v2\/posts\/31925\/revisions"}],"predecessor-version":[{"id":31927,"href":"https:\/\/akdenizolaygazetesi.com\/index.php?rest_route=\/wp\/v2\/posts\/31925\/revisions\/31927"}],"wp:featuredmedia":[{"embeddable":true,"href":"https:\/\/akdenizolaygazetesi.com\/index.php?rest_route=\/wp\/v2\/media\/31926"}],"wp:attachment":[{"href":"https:\/\/akdenizolaygazetesi.com\/index.php?rest_route=%2Fwp%2Fv2%2Fmedia&parent=31925"}],"wp:term":[{"taxonomy":"category","embeddable":true,"href":"https:\/\/akdenizolaygazetesi.com\/index.php?rest_route=%2Fwp%2Fv2%2Fcategories&post=31925"},{"taxonomy":"post_tag","embeddable":true,"href":"https:\/\/akdenizolaygazetesi.com\/index.php?rest_route=%2Fwp%2Fv2%2Ftags&post=31925"}],"curies":[{"name":"wp","href":"https:\/\/api.w.org\/{rel}","templated":true}]}}