{"id":31928,"date":"2024-09-17T16:47:39","date_gmt":"2024-09-17T13:47:39","guid":{"rendered":"http:\/\/akdenizolaygazetesi.com\/?p=31928"},"modified":"2024-09-17T16:47:39","modified_gmt":"2024-09-17T13:47:39","slug":"deva-partili-ekmen-kamu-ozel-is-birligi-patronlari-ne-zaman-fedakarlik-yapacak","status":"publish","type":"post","link":"https:\/\/akdenizolaygazetesi.com\/?p=31928","title":{"rendered":"DEVA Partili Ekmen: Kamu-\u00f6zel i\u015f birli\u011fi patronlar\u0131 ne zaman fedak\u00e2rl\u0131k yapacak?"},"content":{"rendered":"<p>B\u00fct\u00e7e \u00fczerinde her y\u0131l b\u00fcy\u00fck bir y\u00fck olu\u015fturan kamu-\u00f6zel i\u015fbirli\u011fi projelerine milyarlarca lira garanti\u00a0\u00f6demesinin yap\u0131ld\u0131\u011f\u0131n\u0131\u00a0hat\u0131rlatan Ekmen, iktidar\u0131n emekliye 12 bin 500 liray\u0131 b\u00fcy\u00fck bir fedak\u00e2rl\u0131k olarak sundu\u011funa, asgari \u00fccretlinin a\u00e7l\u0131k s\u0131n\u0131r\u0131n\u0131n alt\u0131nda bir \u00fccrete mahk\u00fbm edildi\u011fine dikkat \u00e7ekerek,\u00a0\u201cKamu-\u00f6zel i\u015f birli\u011fi projelerine bug\u00fcne kadar\u00a0\u00f6denen y\u00fcz milyarlarca lira dikkate al\u0131nd\u0131\u011f\u0131nda, Hazine ve Maliye Bakanl\u0131\u011f\u0131 s\u00f6z konusu patronlar\u0131 masaya davet edip alacaklar\u0131n\u0131n hi\u00e7 olmazsa bir k\u0131sm\u0131ndan fedak\u00e2rl\u0131k yapmalar\u0131 hususunda bir talepte bulunmu\u015f mudur?\u201d dedi.<\/p>\n<p>DEVA Partisi Genel Ba\u015fkan Yard\u0131mc\u0131s\u0131 ve Mersin Milletvekili Mehmet Emin Ekmen, b\u00fct\u00e7eden her y\u0131l milyarlarca liran\u0131n harcand\u0131\u011f\u0131 kamu-\u00f6zel i\u015f birli\u011fi projeleriyle ilgili yaz\u0131l\u0131 a\u00e7\u0131klama yapt\u0131. Kamu-\u00f6zel i\u015f birli\u011fi projelerine milyarlarca lira garanti\u00a0\u00f6deme yap\u0131ld\u0131\u011f\u0131n\u0131 vurgulayan Ekmen, iktidar\u0131n asgari\u00a0\u00fccretliyi ve emekliyi g\u00f6rmezden gelen ekonomi politikas\u0131na sert ele\u015ftirilerde bulundu.<\/p>\n<p>Asgari \u00fccretli a\u00e7l\u0131k s\u0131n\u0131r\u0131n\u0131n alt\u0131nda bir \u00fccrete mahkum edildi\u00a0<\/p>\n<p>\u0130ktidar\u0131n emekliye 12 bin 500 liray\u0131 b\u00fcy\u00fck bir fedak\u00e2rl\u0131k olarak sundu\u011funu hat\u0131rlatan Ekmen, asgari \u00fccretlinin a\u00e7l\u0131k s\u0131n\u0131r\u0131n\u0131n alt\u0131nda bir \u00fccrete mahk\u00fbm edildi\u011fini belirterek,\u00a0\u201cMevcutpolitikalar\u0131n emekliyi, asgariyi \u00fccretliyi, \u00e7ift\u00e7iyi koruyan aya\u011f\u0131 eksik ve bu y\u00f6n\u00fcyle IMF\u2019den daha ac\u0131mas\u0131z bir program. Vatanda\u015ftan bu kadar b\u00fcy\u00fck fedak\u00e2rl\u0131k beklenirken, garanti\u00a0\u00f6demeli kamu-\u00f6zel i\u015f birli\u011fi projeleri m\u00fcteahhitlerinden bir fedakarl\u0131k talep edilmi\u015f midir?\u201d diye sordu.<\/p>\n<p>Patronlardan fedak\u00e2rl\u0131k istendi mi?\u00a0<\/p>\n<p>Ekmen, milyarlarca liran\u0131n\u00a0\u00f6dendi\u011fi kamu-\u00f6zel i\u015f birli\u011fi projeleriyle ilgili ele\u015ftirilerde bulunarak,\u00a0\u201cKamu\u00a0\u00f6zel i\u015f birli\u011fi projelerinin yat\u0131r\u0131m ve finansman maliyeti, bug\u00fcne kadar\u00a0\u00f6denen para dikkate al\u0131nd\u0131\u011f\u0131nda; Hazine ve Maliye Bakanl\u0131\u011f\u0131 s\u00f6z konusu patronlar\u0131 masaya davet edip alacaklar\u0131n\u0131n hi\u00e7 olmazsa bir k\u0131sm\u0131ndan fedak\u00e2rl\u0131k yapmalar\u0131 hususunda bir talep dile getirmi\u015f midir? Yoksa emekliden, asgari \u00fccretliden bir lira, bir lira toplamaya \u00e7al\u0131\u015fan iktidar kamu-\u00f6zel i\u015f birli\u011fi projelerinin patronlar\u0131yla bir pazarl\u0131\u011fa giri\u015fmeyi dahi g\u00f6ze alamamakta m\u0131d\u0131r?\u201d ifadelerini kulland\u0131.<\/p>\n","protected":false},"excerpt":{"rendered":"<p>B\u00fct\u00e7e \u00fczerinde her y\u0131l b\u00fcy\u00fck bir y\u00fck olu\u015fturan kamu-\u00f6zel i\u015fbirli\u011fi projelerine milyarlarca lira garanti\u00a0\u00f6demesinin yap\u0131ld\u0131\u011f\u0131n\u0131\u00a0hat\u0131rlatan Ekmen, iktidar\u0131n emekliye 12 bin 500 liray\u0131 b\u00fcy\u00fck bir fedak\u00e2rl\u0131k olarak sundu\u011funa, asgari \u00fccretlinin a\u00e7l\u0131k &hellip; <a href=\"https:\/\/akdenizolaygazetesi.com\/?p=31928\" class=\"more-link\">Devam\u0131n\u0131 Oku&#8230;<\/a><\/p>\n","protected":false},"author":2,"featured_media":31099,"comment_status":"open","ping_status":"open","sticky":false,"template":"","format":"standard","meta":[],"categories":[1,2,3],"tags":[],"_links":{"self":[{"href":"https:\/\/akdenizolaygazetesi.com\/index.php?rest_route=\/wp\/v2\/posts\/31928"}],"collection":[{"href":"https:\/\/akdenizolaygazetesi.com\/index.php?rest_route=\/wp\/v2\/posts"}],"about":[{"href":"https:\/\/akdenizolaygazetesi.com\/index.php?rest_route=\/wp\/v2\/types\/post"}],"author":[{"embeddable":true,"href":"https:\/\/akdenizolaygazetesi.com\/index.php?rest_route=\/wp\/v2\/users\/2"}],"replies":[{"embeddable":true,"href":"https:\/\/akdenizolaygazetesi.com\/index.php?rest_route=%2Fwp%2Fv2%2Fcomments&post=31928"}],"version-history":[{"count":1,"href":"https:\/\/akdenizolaygazetesi.com\/index.php?rest_route=\/wp\/v2\/posts\/31928\/revisions"}],"predecessor-version":[{"id":31929,"href":"https:\/\/akdenizolaygazetesi.com\/index.php?rest_route=\/wp\/v2\/posts\/31928\/revisions\/31929"}],"wp:featuredmedia":[{"embeddable":true,"href":"https:\/\/akdenizolaygazetesi.com\/index.php?rest_route=\/wp\/v2\/media\/31099"}],"wp:attachment":[{"href":"https:\/\/akdenizolaygazetesi.com\/index.php?rest_route=%2Fwp%2Fv2%2Fmedia&parent=31928"}],"wp:term":[{"taxonomy":"category","embeddable":true,"href":"https:\/\/akdenizolaygazetesi.com\/index.php?rest_route=%2Fwp%2Fv2%2Fcategories&post=31928"},{"taxonomy":"post_tag","embeddable":true,"href":"https:\/\/akdenizolaygazetesi.com\/index.php?rest_route=%2Fwp%2Fv2%2Ftags&post=31928"}],"curies":[{"name":"wp","href":"https:\/\/api.w.org\/{rel}","templated":true}]}}