{"id":31933,"date":"2024-09-18T16:26:35","date_gmt":"2024-09-18T13:26:35","guid":{"rendered":"http:\/\/akdenizolaygazetesi.com\/?p=31933"},"modified":"2024-09-18T16:26:35","modified_gmt":"2024-09-18T13:26:35","slug":"turkiyenin-en-kapsamli-hayvan-festivali-5-patifest-6-ekimde-yapilacak","status":"publish","type":"post","link":"https:\/\/akdenizolaygazetesi.com\/?p=31933","title":{"rendered":"T\u00dcRK\u0130YE&#8217;N\u0130N EN KAPSAMLI HAYVAN FEST\u0130VAL\u0130 5. PAT\u0130FEST 6 EK\u0130M&#8217;DE YAPILACAK"},"content":{"rendered":"<p>Mersin B\u00fcy\u00fck\u015fehir Belediyesi\u2019nin geleneksel hale getirdi\u011fi ve T\u00fcrkiye\u2019nin en kapsaml\u0131 hayvan festivali Patifest\u2019in 5.\u2019si 6 Ekim\u2019de Fenerbah\u00e7e Meydan\u0131\u2019nda yap\u0131lacak. Bu y\u0131l \u2018Ya\u015fam\u0131 Sahiplen, Destek B\u00fcy\u00fck\u015fehir\u2019den\u2019 mottosuyla yap\u0131lacak olan festival \u00f6ncesi, foto\u011fraf ve resim yar\u0131\u015fmas\u0131 d\u00fczenleniyor. \u0130lk ve ortaokul \u00f6\u011frencilerinin resim, \u00fcniversite \u00f6\u011frencilerinin ise \u00e7ekti\u011fi foto\u011frafla kat\u0131labilece\u011fi yar\u0131\u015fmada, kat\u0131l\u0131mc\u0131lardan patili dostlar\u0131 anlatmalar\u0131 istenecek. 16-27 Eyl\u00fcl tarihleri aras\u0131nda resim ve foto\u011fraflar\u0131n kabul edilece\u011fi yar\u0131\u015fmayla ilgili bilgiye sahiplen.mersin.bel.tr adresinden ula\u015f\u0131labilecek. <\/p>\n<p>Mersin B\u00fcy\u00fck\u015fehir Belediyesi Tar\u0131msal Hizmetler Dairesi Ba\u015fkanl\u0131\u011f\u0131 taraf\u0131ndan geleneksel hale getirilen T\u00fcrkiye\u2019nin en kapsaml\u0131 hayvan festivali Patifest\u2019in 5.\u2019si 6 Ekim\u2019de Fenerbah\u00e7e Meydan\u0131\u2019nda yap\u0131lacak. Bu y\u0131l \u2018Ya\u015fam\u0131 Sahiplen, Destek B\u00fcy\u00fck\u015fehir\u2019den\u2019 mottosuyla yap\u0131lacak olan festivalde; bir\u00e7ok etkinlik hayvanseverleri bekliyor olacak. <\/p>\n<p>Mersin\u2019de hayvanseverlerin severek kat\u0131ld\u0131\u011f\u0131 en dost canl\u0131s\u0131 festivalde; k\u00f6peklerin e\u011fitim g\u00f6sterileri, sahiplendirme alan\u0131, sahipli hayvanlar i\u00e7in oyun alan\u0131, workshoplar gibi farkl\u0131 ba\u015fl\u0131klarda etkinliklerin yan\u0131 s\u0131ra, \u00e7ocuklar i\u00e7in de etkinlik alanlar\u0131 olu\u015fturulacak. Patifest, g\u00fcn sonunda yap\u0131lacak konser ile son bulacak. <\/p>\n<p>Patifest\u2019e \u00f6zel resim ve foto\u011fraf yar\u0131\u015fmas\u0131<br \/>\nPatifest i\u00e7in geleneksel hale gelen bir di\u011fer etkinlikte yar\u0131\u015fmalar. Ge\u00e7ti\u011fimiz y\u0131l sadece resim \u00fczerine yap\u0131lan yar\u0131\u015fmaya bu y\u0131l \u00fcniversite \u00f6\u011frencileri de \u00e7ekti\u011fi foto\u011fraflar ile dahil olacak. \u0130lk ve ortaokul \u00f6\u011frencilerinin resim, \u00fcniversite \u00f6\u011frencilerinin ise foto\u011frafla kat\u0131labilece\u011fi yar\u0131\u015fmada, kat\u0131l\u0131mc\u0131lardan evcil ya da sokaktaki patili dostlar\u0131 anlatmalar\u0131 istenecek. <\/p>\n<p>16-27 Eyl\u00fcl tarihleri aras\u0131nda resim ve foto\u011fraflar\u0131n kabul edilece\u011fi yar\u0131\u015fmayla ilgili bilgiye sahiplen.mersin.bel.tr adresinden ula\u015f\u0131labilecek. \u00d6zel olu\u015fturulacak j\u00fcri \u00fcyeleri taraf\u0131ndan de\u011ferlendirilecek olan resim ve foto\u011fraflarda dereceye girenlere \u00f6d\u00fclleri Patifest\u2019te Ba\u015fkan Vahap Se\u00e7er taraf\u0131ndan verilecek. Ayr\u0131ca dereceye girenlerin resim ve foto\u011fraflar\u0131 Patifest\u2019te a\u00e7\u0131lacak sergide yer alacak. <\/p>\n","protected":false},"excerpt":{"rendered":"<p>Mersin B\u00fcy\u00fck\u015fehir Belediyesi\u2019nin geleneksel hale getirdi\u011fi ve T\u00fcrkiye\u2019nin en kapsaml\u0131 hayvan festivali Patifest\u2019in 5.\u2019si 6 Ekim\u2019de Fenerbah\u00e7e Meydan\u0131\u2019nda yap\u0131lacak. Bu y\u0131l \u2018Ya\u015fam\u0131 Sahiplen, Destek B\u00fcy\u00fck\u015fehir\u2019den\u2019 mottosuyla yap\u0131lacak olan festival \u00f6ncesi, &hellip; <a href=\"https:\/\/akdenizolaygazetesi.com\/?p=31933\" class=\"more-link\">Devam\u0131n\u0131 Oku&#8230;<\/a><\/p>\n","protected":false},"author":2,"featured_media":31934,"comment_status":"open","ping_status":"open","sticky":false,"template":"","format":"standard","meta":[],"categories":[1,2,3],"tags":[],"_links":{"self":[{"href":"https:\/\/akdenizolaygazetesi.com\/index.php?rest_route=\/wp\/v2\/posts\/31933"}],"collection":[{"href":"https:\/\/akdenizolaygazetesi.com\/index.php?rest_route=\/wp\/v2\/posts"}],"about":[{"href":"https:\/\/akdenizolaygazetesi.com\/index.php?rest_route=\/wp\/v2\/types\/post"}],"author":[{"embeddable":true,"href":"https:\/\/akdenizolaygazetesi.com\/index.php?rest_route=\/wp\/v2\/users\/2"}],"replies":[{"embeddable":true,"href":"https:\/\/akdenizolaygazetesi.com\/index.php?rest_route=%2Fwp%2Fv2%2Fcomments&post=31933"}],"version-history":[{"count":1,"href":"https:\/\/akdenizolaygazetesi.com\/index.php?rest_route=\/wp\/v2\/posts\/31933\/revisions"}],"predecessor-version":[{"id":31935,"href":"https:\/\/akdenizolaygazetesi.com\/index.php?rest_route=\/wp\/v2\/posts\/31933\/revisions\/31935"}],"wp:featuredmedia":[{"embeddable":true,"href":"https:\/\/akdenizolaygazetesi.com\/index.php?rest_route=\/wp\/v2\/media\/31934"}],"wp:attachment":[{"href":"https:\/\/akdenizolaygazetesi.com\/index.php?rest_route=%2Fwp%2Fv2%2Fmedia&parent=31933"}],"wp:term":[{"taxonomy":"category","embeddable":true,"href":"https:\/\/akdenizolaygazetesi.com\/index.php?rest_route=%2Fwp%2Fv2%2Fcategories&post=31933"},{"taxonomy":"post_tag","embeddable":true,"href":"https:\/\/akdenizolaygazetesi.com\/index.php?rest_route=%2Fwp%2Fv2%2Ftags&post=31933"}],"curies":[{"name":"wp","href":"https:\/\/api.w.org\/{rel}","templated":true}]}}