{"id":31939,"date":"2024-09-18T16:29:23","date_gmt":"2024-09-18T13:29:23","guid":{"rendered":"http:\/\/akdenizolaygazetesi.com\/?p=31939"},"modified":"2024-09-18T16:29:23","modified_gmt":"2024-09-18T13:29:23","slug":"yenice-yasar-baybogan-kadin-atolyesi-kursiyerleri-kirkyama-cocuk-yorgani-sergisi-acti","status":"publish","type":"post","link":"https:\/\/akdenizolaygazetesi.com\/?p=31939","title":{"rendered":"YEN\u0130CE YA\u015eAR BAYBO\u011eAN KADIN AT\u00d6LYES\u0130 KURS\u0130YERLER\u0130 &#8216;KIRKYAMA \u00c7OCUK YORGANI&#8217; SERG\u0130S\u0130 A\u00c7TI"},"content":{"rendered":"<p>B\u00fcy\u00fck\u015fehir Belediyesi\u2019nin Yenice Ya\u015far Baybo\u011fan Kad\u0131n At\u00f6lyesi\u2019nde K\u0131rkyama Kursu\u2019na giden kad\u0131nlar \u2018K\u0131rkyama \u00c7ocuk Yorgan\u0131 Sergisi\u2019 a\u00e7t\u0131. Trafik Park Kad\u0131n ve \u00c7ocuk At\u00f6lyesi\u2019nde kurulan sergiyi gezen vatanda\u015flar ayn\u0131 zamanda kurs \u00f6\u011fretmeni ve kursiyerlerle birlikte workshopa da kat\u0131l\u0131m sa\u011flad\u0131. <\/p>\n<p>Sab\u0131r ve eme\u011fin bir araya geldi\u011fi kursta k\u0131rkyama i\u015fini \u00f6\u011frenen kad\u0131nlar hem yogan, yast\u0131k \u00e7anta gibi \u00fcr\u00fcnlerin sat\u0131\u015f\u0131n\u0131 yap\u0131yor hem de sosyalle\u015fiyor. B\u00fcy\u00fck\u015fehir\u2019in sundu\u011fu imkan ile sergi a\u00e7an kad\u0131nlar \u00fcr\u00fcnlerini g\u00f6r\u00fcn\u00fcr k\u0131larak, sat\u0131\u015f yapma imkan\u0131 buldu. Yak\u0131n zamanda \u00fcnl\u00fc bir ma\u011fazadan sipari\u015f alan kursiyerler ekonomik kazan\u00e7 elde etmenin mutlulu\u011funu ya\u015f\u0131yor.<\/p>\n<p>Mersin B\u00fcy\u00fck\u015fehir Belediyesi Kad\u0131n ve Aile Hizmetleri Dairesi Ba\u015fkanl\u0131\u011f\u0131 b\u00fcnyesinde faaliyetlerini s\u00fcrd\u00fcren Kad\u0131n At\u00f6lyelerinden el eme\u011fi g\u00f6z nuru \u00fcr\u00fcnler \u00e7\u0131k\u0131yor. Yenice Ya\u015far Baybo\u011fan Kad\u0131n At\u00f6lyesi\u2019nde K\u0131rkyama Kursu\u2019na giden kad\u0131nlar \u2018K\u0131rkyama \u00c7ocuk Yorgan\u0131 Sergisi\u2019 a\u00e7t\u0131. Trafik Park Kad\u0131n ve \u00c7ocuk At\u00f6lyesi\u2019nde kurulan sergiyi gezen vatanda\u015flar ayn\u0131 zamanda kurs \u00f6\u011fretmeni ve kursiyerlerle birlikte workshopa da kat\u0131l\u0131m sa\u011flad\u0131. <\/p>\n<p>El eme\u011fi g\u00f6z nuru sergi<br \/>\nYenice Ya\u015far Baybo\u011fan Kad\u0131n At\u00f6lyesi\u2019nde hafta i\u00e7i her g\u00fcn saat 08.00-17.00 aras\u0131 K\u0131rkyama Kursu veriliyor. Sabah ve \u00f6\u011flen grubu olmak \u00fczere toplam 40 kursiyerin yer ald\u0131\u011f\u0131 kursta birbirinden g\u00fczel el eme\u011fi \u00fcr\u00fcnler \u00e7\u0131k\u0131yor. Sab\u0131r ve eme\u011fin bir araya geldi\u011fi kursta k\u0131rkyama i\u015fini \u00f6\u011frenen kad\u0131nlar hem diktikleri yogan, yast\u0131k \u00e7anta gibi \u00fcr\u00fcnlerin sat\u0131\u015f\u0131n\u0131 yap\u0131yor hem de terapi gibi nitelendirdikleri kursta g\u00fczel an\u0131lar biriktirerek sosyalle\u015fiyor. B\u00fcy\u00fck\u015fehir\u2019in sundu\u011fu imkan ile sergi a\u00e7an kad\u0131nlar \u00fcr\u00fcnlerini g\u00f6r\u00fcn\u00fcr k\u0131larak, sat\u0131\u015f yapma imkan\u0131 buldu. Yak\u0131n zamanda \u00fcnl\u00fc bir ma\u011fazadan sipari\u015f alan kursiyerler ekonomik kazan\u00e7 elde etmenin mutlulu\u011funu ya\u015f\u0131yor.<\/p>\n<p>Kuru: \u201cK\u0131rkyama emek ve sab\u0131r i\u015fidir\u201d<br \/>\nYenice Ya\u015far Baybo\u011fan Kad\u0131n At\u00f6lyesi\u2019nde K\u0131rkyama \u00d6\u011fretmeni Fatma Kuru, 4 y\u0131ld\u0131r kursiyerlere k\u0131rkyama, i\u011fne oyas\u0131, patchwork, ev tekstili gibi bir\u00e7ok alanda e\u011fitimler verdi\u011fini belirterek, \u201cKuma\u015flar\u0131yla kombinliyorlar, sat\u0131yorlar. \u015eu an 40 sipari\u015f ald\u0131lar. Onlar\u0131 yeti\u015ftirmeye \u00e7al\u0131\u015f\u0131yorlar. Sergilere gidiyoruz. \u00c7ok b\u00fcy\u00fck ilgiyle kar\u015f\u0131la\u015f\u0131yoruz. K\u0131rkyama emek ve sab\u0131r i\u015fidir. K\u0131rkyama, k\u00fc\u00e7\u00fcc\u00fck par\u00e7alar\u0131 bir araya gelip sabr\u0131n ortaya d\u00f6k\u00fcld\u00fc\u011f\u00fc bir \u015feydir\u201d dedi. <\/p>\n<p>\u201c\u00c7ok \u00fcnl\u00fc bir ma\u011fazadan talep ald\u0131k\u201d<br \/>\nSergideki \u00f6d\u00fcll\u00fc i\u015fleri anlatan Kuru, \u201cBir tane Mersin il birincisi \u00e7ocuk yorgan\u0131m\u0131z var. Bir tane K\u00fclt\u00fcr Bakanl\u0131\u011f\u0131 sanat \u00f6d\u00fcl\u00fc alm\u0131\u015f bir \u00fcr\u00fcn\u00fcm\u00fcz var. Bir de K\u00fclt\u00fcr Bakanl\u0131\u011f\u0131 onur belgesi alm\u0131\u015f bir \u00fcr\u00fcn\u00fcm\u00fcz var. Bunlar hem Mersin\u2019in i\u011fne oyas\u0131n\u0131 hem k\u0131rkyamay\u0131 hem basit i\u011fne nak\u0131\u015flar\u0131n\u0131 birle\u015ftirerek ortaya \u00e7\u0131kard\u0131\u011f\u0131m\u0131z \u00fcr\u00fcnler\u201d dedi. Sergide sat\u0131\u015f da yap\u0131ld\u0131\u011f\u0131n\u0131 aktaran Kuru ayn\u0131 zamanda d\u0131\u015far\u0131dan da sipari\u015f almaya devam ettiklerini anlatarak, \u201cBir ressam\u0131m\u0131z\u0131n arac\u0131l\u0131\u011f\u0131yla \u00e7ok \u00fcnl\u00fc bir ma\u011fazadan talep ald\u0131k, oraya \u00e7al\u0131\u015f\u0131yoruz. Bu sayede \u00f6\u011frencilerimiz ekonomik \u00f6zg\u00fcrl\u00fc\u011f\u00fcne kavu\u015fmu\u015f oluyor. Aile b\u00fct\u00e7esine de katk\u0131 sa\u011flam\u0131\u015f oluyorlar\u201d <\/p>\n<p>U\u011fur: \u201cYapt\u0131\u011f\u0131m\u0131z i\u015flerle ailemize ekonomik olarak katk\u0131da bulunuyoruz\u201d<br \/>\nYakla\u015f\u0131k 4 y\u0131ld\u0131r Yenice Ya\u015far Baybo\u011fan Kad\u0131n At\u00f6lyesi\u2019nde K\u0131rkyama kursuna gitti\u011fini s\u00f6yleyen Serin U\u011fur, kanser tedavisi g\u00f6rd\u00fc\u011f\u00fcn\u00fc ve kursun kendisine terapi gibi geldi\u011fini anlatt\u0131. U\u011fur, \u201c\u00c7ok rahatl\u0131yorum. G\u00fczel \u015feyler \u00e7\u0131kar\u0131yoruz. Torunlara bir \u015feyler yap\u0131yoruz. Yorgan, battaniye yapt\u0131k el eme\u011fi g\u00f6z nuru. Bu y\u00fczden Vahap Ba\u015fkan\u0131m\u0131za \u00e7ok te\u015fekk\u00fcr ediyorum. Art\u0131 bir psikolog ihtiyac\u0131 hissetmeden el i\u015fi nak\u0131\u015flarla gidermeye \u00e7al\u0131\u015f\u0131yoruz. Gezilerimiz, sosyal faaliyetlerimiz oluyor, sergilerimiz oluyor. Bu bize inan\u0131lmaz iyi geliyor. Hocam\u0131z ve arkada\u015f ortam\u0131m\u0131z \u00e7ok iyi. Kursumuzdan \u00e7ok memnunuz\u201d dedi.  <\/p>\n<p>Yap\u0131lan sergilerle \u00fcr\u00fcnlerinin g\u00f6r\u00fcn\u00fcr olmas\u0131ndan dolay\u0131 \u00e7ok mutlu olduklar\u0131n\u0131 ifade eden U\u011fur, \u201cVatanda\u015f gelip be\u011fendi\u011fi, sordu\u011fu zaman onun verdi\u011fi mutluluk ayr\u0131 bir \u015fey zaten. Bu yapt\u0131\u011f\u0131m\u0131z i\u015flerle ailemize ekonomik olarak katk\u0131da bulunuyoruz. Bu bize ayr\u0131 bir haz veriyor. Hem para kazanm\u0131\u015f oluyoruz hem de sosyal y\u00f6nde kendimizi geli\u015ftirmi\u015f oluyoruz\u201d dedi.  <\/p>\n<p>Azimet: \u201c4 y\u0131ld\u0131r \u00e7ok g\u00fczel sergiler yap\u0131yoruz\u201d<br \/>\nUzun y\u0131llard\u0131r k\u0131rkyama i\u015fi yapt\u0131\u011f\u0131n\u0131 anlatan kursiyer Mehtap Azimet, \u201cBo\u015f zamanlar\u0131m\u0131 de\u011ferlendiriyorum. Evime maddi olarak yard\u0131mda bulunuyorum. \u0130stedi\u011fimiz her \u015feyi yapabiliyoruz. Akl\u0131n\u0131za gelebilecek her t\u00fcrl\u00fc kuma\u015f\u0131 de\u011ferlendiriyorum. Yorgan, yast\u0131k, \u00e7anta dikiyoruz. Belediye Ba\u015fkan\u0131m\u0131za te\u015fekk\u00fcr ediyoruz, bize bu imkanlar\u0131 sa\u011flad\u0131lar. 4 y\u0131ld\u0131r \u00e7ok g\u00fczel sergiler yap\u0131yoruz. Bunlardan geri d\u00f6n\u00fc\u015fler oluyor. Buradan da satabiliyoruz. Terapi k\u0131sm\u0131 ayr\u0131 bir \u015fey. Hep beraberiz, g\u00fczel arkada\u015fl\u0131klar\u0131m\u0131z, g\u00fczel an\u0131lar\u0131m\u0131z var\u201d diye konu\u015ftu.<\/p>\n<p>T\u00fckkan: \u201cKad\u0131nlar olarak g\u00fc\u00e7lenmemiz g\u00fczel, destek bulmam\u0131z daha da g\u00fczel\u201d<br \/>\nB\u00fcy\u00fck\u015fehir Belediyesi\u2019nin Etkinlik ve Sanat Merkezi\u2019ndeki farkl\u0131 bir\u00e7ok kursa kat\u0131ld\u0131\u011f\u0131n\u0131, sergileri ve etkinlikleri be\u011feniyle takip etti\u011fini anlatan vatanda\u015flardan Servet T\u00fcrkkan, \u201cEl eme\u011fi g\u00f6z nuru derler ya bir de sabr\u0131 da i\u00e7ine eklemi\u015fler, harika \u00fcr\u00fcnler \u00e7\u0131km\u0131\u015f. \u00d6d\u00fcll\u00fc \u00fcr\u00fcnler var. Belediyemiz bu i\u015fe ger\u00e7ekten \u00e7ok \u00f6nem veriyor. Belediye Ba\u015fkan\u0131m\u0131z\u0131n e\u015fi Meral Han\u0131m da bu konuda \u00e7ok duyarl\u0131. Kad\u0131nlar emeklerini hem sosyalle\u015fme ad\u0131na hem zamanlar\u0131n\u0131 de\u011ferlendirme ad\u0131na hem de b\u00f6yle g\u00fczel i\u015fler \u00e7\u0131kar\u0131p \u00fcretkenlik ad\u0131na harika \u015feyler yap\u0131yorlar. Kad\u0131nlar olarak g\u00fc\u00e7lenmemiz g\u00fczel, destek bulmam\u0131z daha da g\u00fczel\u201d ifadelerini kulland\u0131. <\/p>\n<p>\u00c7etin: \u201cBelediye\u2019de \u00e7ok g\u00fczel \u015feyler yap\u0131l\u0131yor\u201d<br \/>\nSergiyi gezdikten sonra workshopa da kat\u0131ld\u0131\u011f\u0131n\u0131 anlatan Kevser \u00c7etin, \u201c\u00c7ok be\u011fendim. Hocam\u0131z detayl\u0131 bir \u015fekilde anlatt\u0131. Bence b\u00fct\u00fcn ev han\u0131mlar\u0131 ya da \u00e7al\u0131\u015fan kad\u0131nlar olsun hem sosyalle\u015fmek hem stres atmak i\u00e7in kat\u0131lmalar\u0131 g\u00fczel olur. Belediyede \u00e7ok g\u00fczel \u015feyler yap\u0131l\u0131yor. K\u0131rkyama kursu cazip geldi. Evde makine olup olmamas\u0131 \u00e7ok \u00f6nemli de\u011fil. Bu \u00e7ok b\u00fcy\u00fck bir avantaj\u201d dedi. <\/p>\n<p>B\u00fcy\u00fck\u015fehir\u2019in kad\u0131n ve \u00e7ocuklar i\u00e7in \u00e7ok g\u00fczel etkinlikler yapt\u0131\u011f\u0131n\u0131 s\u00f6yleyen \u00c7etin, \u201cBa\u015fkan\u0131m\u0131z\u0131 bu konuda ger\u00e7ekten \u00e7ok tebrik ediyorum, \u00e7ok sayg\u0131 duyuyorum. Belediyecilikte son zamanlarda bence en g\u00fczel \u015feyler bunlar\u201d <\/p>\n<p>Sergiyi gezen Nilg\u00fcn Ak\u0131ngiray ise \u201c\u00c7ok be\u011fendim. K\u0131rkyama yapm\u0131\u015flar. Hepsi birbirinden g\u00fczel, ellerine sa\u011fl\u0131k\u201d dedi. K\u0131rkyama \u00f6\u011frenmek istedi\u011fini s\u00f6zlerine ekleyen Ak\u0131ngiray, \u201c\u00c7ok kursa gittim. El becerim de \u00e7oktur. Daha de\u011fi\u015fik \u015feyler \u00f6\u011frenmek istiyorum\u201d diye konu\u015ftu. <\/p>\n","protected":false},"excerpt":{"rendered":"<p>B\u00fcy\u00fck\u015fehir Belediyesi\u2019nin Yenice Ya\u015far Baybo\u011fan Kad\u0131n At\u00f6lyesi\u2019nde K\u0131rkyama Kursu\u2019na giden kad\u0131nlar \u2018K\u0131rkyama \u00c7ocuk Yorgan\u0131 Sergisi\u2019 a\u00e7t\u0131. Trafik Park Kad\u0131n ve \u00c7ocuk At\u00f6lyesi\u2019nde kurulan sergiyi gezen vatanda\u015flar ayn\u0131 zamanda kurs \u00f6\u011fretmeni &hellip; <a href=\"https:\/\/akdenizolaygazetesi.com\/?p=31939\" class=\"more-link\">Devam\u0131n\u0131 Oku&#8230;<\/a><\/p>\n","protected":false},"author":2,"featured_media":31940,"comment_status":"open","ping_status":"open","sticky":false,"template":"","format":"standard","meta":[],"categories":[1,2,3],"tags":[],"_links":{"self":[{"href":"https:\/\/akdenizolaygazetesi.com\/index.php?rest_route=\/wp\/v2\/posts\/31939"}],"collection":[{"href":"https:\/\/akdenizolaygazetesi.com\/index.php?rest_route=\/wp\/v2\/posts"}],"about":[{"href":"https:\/\/akdenizolaygazetesi.com\/index.php?rest_route=\/wp\/v2\/types\/post"}],"author":[{"embeddable":true,"href":"https:\/\/akdenizolaygazetesi.com\/index.php?rest_route=\/wp\/v2\/users\/2"}],"replies":[{"embeddable":true,"href":"https:\/\/akdenizolaygazetesi.com\/index.php?rest_route=%2Fwp%2Fv2%2Fcomments&post=31939"}],"version-history":[{"count":1,"href":"https:\/\/akdenizolaygazetesi.com\/index.php?rest_route=\/wp\/v2\/posts\/31939\/revisions"}],"predecessor-version":[{"id":31941,"href":"https:\/\/akdenizolaygazetesi.com\/index.php?rest_route=\/wp\/v2\/posts\/31939\/revisions\/31941"}],"wp:featuredmedia":[{"embeddable":true,"href":"https:\/\/akdenizolaygazetesi.com\/index.php?rest_route=\/wp\/v2\/media\/31940"}],"wp:attachment":[{"href":"https:\/\/akdenizolaygazetesi.com\/index.php?rest_route=%2Fwp%2Fv2%2Fmedia&parent=31939"}],"wp:term":[{"taxonomy":"category","embeddable":true,"href":"https:\/\/akdenizolaygazetesi.com\/index.php?rest_route=%2Fwp%2Fv2%2Fcategories&post=31939"},{"taxonomy":"post_tag","embeddable":true,"href":"https:\/\/akdenizolaygazetesi.com\/index.php?rest_route=%2Fwp%2Fv2%2Ftags&post=31939"}],"curies":[{"name":"wp","href":"https:\/\/api.w.org\/{rel}","templated":true}]}}