{"id":31942,"date":"2024-09-18T16:30:19","date_gmt":"2024-09-18T13:30:19","guid":{"rendered":"http:\/\/akdenizolaygazetesi.com\/?p=31942"},"modified":"2024-09-18T16:30:19","modified_gmt":"2024-09-18T13:30:19","slug":"chpli-kis-ekonomik-kriz-once-egitimi-vurdu","status":"publish","type":"post","link":"https:\/\/akdenizolaygazetesi.com\/?p=31942","title":{"rendered":"CHP&#8217;li K\u0131\u015f: &#8220;Ekonomik Kriz \u00d6nce E\u011fitimi Vurdu&#8221;"},"content":{"rendered":"<p>CHP Mersin Milletvekili G\u00fclcan K\u0131\u015f, e\u011fitim alan\u0131ndaki krizlerin ekonomik \u00e7alkant\u0131lar ve tasarruf tedbirleri nedeniyle giderek derinle\u015fti\u011fini vurgulad\u0131. K\u0131\u015f, \u00f6zellikle k\u0131rsal kesimlerdeki \u00f6\u011frencilerin e\u011fitim hakk\u0131n\u0131n ciddi \u015fekilde k\u0131s\u0131tland\u0131\u011f\u0131n\u0131 belirterek, k\u00f6y okullar\u0131n\u0131n kapanmas\u0131 ve ta\u015f\u0131mal\u0131 e\u011fitimin olumsuz etkilerine dikkat \u00e7ekti.<\/p>\n<p>Ta\u015f\u0131mal\u0131 e\u011fitim, e\u011fitimde f\u0131rsat e\u015fitli\u011fini sa\u011flamak amac\u0131yla ba\u015flat\u0131lm\u0131\u015f olsa da bug\u00fcn b\u00fcy\u00fck\u015fehirlerde ve toplu ta\u015f\u0131ma g\u00fczergahlar\u0131n\u0131n bulundu\u011fu b\u00f6lgelerde, tasarruf tedbirleri kapsam\u0131nda sona erdirildi. K\u0131\u015f, bu durumun g\u00fcvenlik, zaman y\u00f6netimi ve \u00f6\u011frencilere sa\u011flanan yiyecek hizmeti gibi temel sorunlar\u0131 beraberinde getirdi\u011fini ifade etti. &#8220;Ta\u015f\u0131mal\u0131 e\u011fitim, hem \u00f6\u011frenciler hem de aileler i\u00e7in b\u00fcy\u00fck bir belirsizlik kayna\u011f\u0131 haline geldi,&#8221; dedi.<\/p>\n<p>&#8220;Tasarruf Ad\u0131 Alt\u0131nda E\u011fitimi K\u0131s\u0131tlayarak Gelece\u011fi Karart\u0131yorsunuz!&#8221;<\/p>\n<p>K\u0131\u015f, son y\u0131llarda h\u00fck\u00fcmetin tasarruf tedbirleri ad\u0131 alt\u0131nda e\u011fitimde k\u0131s\u0131tlamalara gitmesini ele\u015ftirerek, k\u00f6y okullar\u0131n\u0131n kapat\u0131lmas\u0131 ve ta\u015f\u0131mal\u0131 e\u011fitim sistemine y\u00f6nelik al\u0131nan kararlar\u0131n \u00f6\u011frencilere ciddi zararlar verdi\u011fini belirtti. Milli E\u011fitim Bakanl\u0131\u011f\u0131 verilerine g\u00f6re, 2002-2003 d\u00f6neminde k\u00f6ylerde 32 bin 401 okul varken, bu say\u0131n\u0131n 2022-2023 d\u00f6neminde 8 bin 367&#8217;ye geriledi\u011fini kaydetti. Kapanan k\u00f6y okullar\u0131yla birlikte \u00f6\u011frencilerin ta\u015f\u0131mal\u0131 e\u011fitim sistemine zorunlu olarak y\u00f6nlendirildi\u011fini ve bu sistemde \u015fu anda 1 milyon 224 bin \u00f6\u011frencinin bulundu\u011funu s\u00f6yledi.<\/p>\n<p>&#8220;E\u011fitimde S\u00fcrekli De\u011fi\u015fen Politikalar ve \u0130stikrars\u0131zl\u0131k&#8221;<\/p>\n<p>K\u0131\u015f, AKP iktidar\u0131 d\u00f6neminde e\u011fitim politikalar\u0131ndaki belirsizlik ve istikrars\u0131zl\u0131\u011fa da de\u011findi. Son 22 y\u0131lda 9 Milli E\u011fitim Bakan\u0131&#8217;n\u0131n de\u011fi\u015ftirilmesi ve e\u011fitim sisteminin 18 kez revize edilmesinin, uzun vadeli planlamalar\u0131n eksikli\u011fini ve s\u00fcrekli de\u011fi\u015fen politikalar\u0131n olumsuz sonu\u00e7lar\u0131n\u0131 ortaya koydu\u011funu belirtti. &#8220;Bir \u00fclkede e\u011fitim politikalar\u0131n\u0131n her bakan de\u011fi\u015fiminde yeniden d\u00fczenlenmesi, o \u00fclkenin e\u011fitim sisteminde k\u00f6kl\u00fc ve s\u00fcrd\u00fcr\u00fclebilir reformlar\u0131n yap\u0131lamad\u0131\u011f\u0131n\u0131n g\u00f6stergesidir,&#8221; dedi.<\/p>\n<p>&#8220;Tasarrufu E\u011fitime De\u011fil, Saraya Y\u00f6nlendirin&#8221;<\/p>\n<p>K\u0131\u015f, ta\u015f\u0131mal\u0131 e\u011fitim g\u00fczergahlar\u0131n\u0131n toplu ta\u015f\u0131ma hizmeti sa\u011flanan yerlerde kald\u0131r\u0131lmas\u0131n\u0131 ele\u015ftirerek, bu karar\u0131n \u00f6\u011frenciler \u00fczerinde olumsuz etkiler yaratt\u0131\u011f\u0131n\u0131 belirtti. &#8220;Ama\u00e7 k\u00f6y okullar\u0131n\u0131n kap\u0131s\u0131na kilit vurmak, binlerce \u00f6\u011frenciyi okulundan etmekmi\u015f. Yetersiz beslenen \u00f6\u011frencilerin aileleri, servis paras\u0131n\u0131 nas\u0131l \u00f6deyecek? Hi\u00e7 d\u00fc\u015f\u00fcnen yok, Milli E\u011fitim Bakan\u0131 Yusuf Tekin&#8217;e bir kez daha sormak istiyorum tasarruf tedbirleri ad\u0131 alt\u0131nda ta\u015f\u0131mal\u0131 e\u011fitimi sonland\u0131rmaktaki as\u0131l amac\u0131n\u0131z nedir?&#8221; diye konu\u015ftu.<\/p>\n<p>&#8220;Atanmay\u0131 Bekleyen Gen\u00e7ler, Bo\u015f Kalan K\u00f6y Okullar\u0131&#8221;<\/p>\n<p>K\u0131\u015f, T\u00fcrkiye genelinde yakla\u015f\u0131k 1 milyon e\u011fitim fak\u00fcltesi mezununun atanmay\u0131 bekledi\u011fini, buna kar\u015f\u0131l\u0131k k\u00f6y okullar\u0131nda \u00f6\u011fretmen ve bina eksikli\u011fi ya\u015fand\u0131\u011f\u0131n\u0131 belirtti. K\u00f6y okullar\u0131n\u0131n at\u0131l durumda kalmas\u0131n\u0131n \u00f6nlenmesi i\u00e7in acilen yeniden in\u015fa edilmeleri ve atanmay\u0131 bekleyen gen\u00e7 \u00f6\u011fretmenlerin bu okullara yerle\u015ftirilmesi gerekti\u011fini s\u00f6yledi. &#8220;E\u011fitim sistemimizin gelece\u011fi i\u00e7in \u00f6ncelikli ad\u0131m, k\u00f6y okullar\u0131n\u0131 yeniden in\u015fa etmek ve gen\u00e7 \u00f6\u011fretmenlere f\u0131rsat sunmakt\u0131r,&#8221; dedi.<\/p>\n<p>&#8220;Kapanan K\u00f6y Okullar\u0131 Tar\u0131m\u0131 da Etkiliyor&#8221;<\/p>\n<p>K\u00f6y okullar\u0131n\u0131n kapanmas\u0131n\u0131n sadece e\u011fitimde de\u011fil, tar\u0131m, hayvanc\u0131l\u0131k ve bal\u0131k\u00e7\u0131l\u0131k gibi k\u0131rsal ekonomik faaliyetlerde de gerilemeye neden oldu\u011funu belirten K\u0131\u015f, k\u00f6ylerin ayakta kalmas\u0131n\u0131n okullar\u0131n yeniden in\u015fas\u0131yla m\u00fcmk\u00fcn olaca\u011f\u0131n\u0131 vurgulad\u0131. &#8220;Tar\u0131m ve k\u0131rsal kalk\u0131nman\u0131n g\u00fc\u00e7lenmesi, k\u00f6y okullar\u0131n\u0131n yeniden in\u015fas\u0131yla do\u011frudan ili\u015fkilidir,&#8221; diyerek, k\u0131rsal b\u00f6lgelerde e\u011fitim altyap\u0131s\u0131n\u0131n g\u00fc\u00e7lendirilmesi gerekti\u011fini ifade etti.<\/p>\n<p>K\u0131\u015f, h\u00fck\u00fcmete seslenerek bu yanl\u0131\u015f karardan d\u00f6n\u00fclmesi \u00e7a\u011fr\u0131s\u0131nda bulundu. &#8220;E\u011fitimde tasarruf yapmak yerine, saraydan, \u015fatafattan, l\u00fcks ara\u00e7 filolar\u0131ndan, yazl\u0131k, k\u0131\u015fl\u0131k, u\u00e7an saraylar\u0131n\u0131zdan tasarruf edin. Bu \u00fclkenin \u00e7ocuklar\u0131n\u0131n gelece\u011fi tasarruf tedbirlerine kurban edilemez,&#8221; diye konu\u015ftu.<\/p>\n","protected":false},"excerpt":{"rendered":"<p>CHP Mersin Milletvekili G\u00fclcan K\u0131\u015f, e\u011fitim alan\u0131ndaki krizlerin ekonomik \u00e7alkant\u0131lar ve tasarruf tedbirleri nedeniyle giderek derinle\u015fti\u011fini vurgulad\u0131. K\u0131\u015f, \u00f6zellikle k\u0131rsal kesimlerdeki \u00f6\u011frencilerin e\u011fitim hakk\u0131n\u0131n ciddi \u015fekilde k\u0131s\u0131tland\u0131\u011f\u0131n\u0131 belirterek, k\u00f6y okullar\u0131n\u0131n &hellip; <a href=\"https:\/\/akdenizolaygazetesi.com\/?p=31942\" class=\"more-link\">Devam\u0131n\u0131 Oku&#8230;<\/a><\/p>\n","protected":false},"author":2,"featured_media":31943,"comment_status":"open","ping_status":"open","sticky":false,"template":"","format":"standard","meta":[],"categories":[1,2,3],"tags":[],"_links":{"self":[{"href":"https:\/\/akdenizolaygazetesi.com\/index.php?rest_route=\/wp\/v2\/posts\/31942"}],"collection":[{"href":"https:\/\/akdenizolaygazetesi.com\/index.php?rest_route=\/wp\/v2\/posts"}],"about":[{"href":"https:\/\/akdenizolaygazetesi.com\/index.php?rest_route=\/wp\/v2\/types\/post"}],"author":[{"embeddable":true,"href":"https:\/\/akdenizolaygazetesi.com\/index.php?rest_route=\/wp\/v2\/users\/2"}],"replies":[{"embeddable":true,"href":"https:\/\/akdenizolaygazetesi.com\/index.php?rest_route=%2Fwp%2Fv2%2Fcomments&post=31942"}],"version-history":[{"count":1,"href":"https:\/\/akdenizolaygazetesi.com\/index.php?rest_route=\/wp\/v2\/posts\/31942\/revisions"}],"predecessor-version":[{"id":31944,"href":"https:\/\/akdenizolaygazetesi.com\/index.php?rest_route=\/wp\/v2\/posts\/31942\/revisions\/31944"}],"wp:featuredmedia":[{"embeddable":true,"href":"https:\/\/akdenizolaygazetesi.com\/index.php?rest_route=\/wp\/v2\/media\/31943"}],"wp:attachment":[{"href":"https:\/\/akdenizolaygazetesi.com\/index.php?rest_route=%2Fwp%2Fv2%2Fmedia&parent=31942"}],"wp:term":[{"taxonomy":"category","embeddable":true,"href":"https:\/\/akdenizolaygazetesi.com\/index.php?rest_route=%2Fwp%2Fv2%2Fcategories&post=31942"},{"taxonomy":"post_tag","embeddable":true,"href":"https:\/\/akdenizolaygazetesi.com\/index.php?rest_route=%2Fwp%2Fv2%2Ftags&post=31942"}],"curies":[{"name":"wp","href":"https:\/\/api.w.org\/{rel}","templated":true}]}}