{"id":31945,"date":"2024-09-18T16:31:39","date_gmt":"2024-09-18T13:31:39","guid":{"rendered":"http:\/\/akdenizolaygazetesi.com\/?p=31945"},"modified":"2024-09-18T16:31:39","modified_gmt":"2024-09-18T13:31:39","slug":"chpli-yilmazdan-hudapara-tepki-cumhuriyet-dusmanlarinin-temel-hedefi-laikliktir","status":"publish","type":"post","link":"https:\/\/akdenizolaygazetesi.com\/?p=31945","title":{"rendered":"CHP\u2019li Y\u0131lmaz\u2019dan H\u00dcDAPAR&#8217;a tepki: CUMHUR\u0130YET D\u00dc\u015eMANLARININ TEMEL HEDEF\u0130 LA\u0130KL\u0130KT\u0130R"},"content":{"rendered":"<p>CHP&#8217;li Y\u0131lmaz&#8217;dan H\u00dcDAPAR&#8217;a tepki:<\/p>\n<p>CUMHUR\u0130YET D\u00dc\u015eMANLARININ TEMEL HEDEF\u0130 LA\u0130KL\u0130KT\u0130R<\/p>\n<p>Cumhuriyet Halk Partisi Mezitli \u0130l\u00e7e Ba\u015fkan\u0131 Av. Ula\u015f Y\u0131lmaz, &#8220;Cumhuriyet d\u00fc\u015fmanlar\u0131n\u0131n temel hedefi laikliktir&#8221; s\u00f6zleri ile Anayasa&#8217;n\u0131n 4. maddesinin kald\u0131r\u0131lmas\u0131na y\u00f6nelik a\u00e7\u0131klamalar\u0131na tepki g\u00f6sterdi\u011fi a\u00e7\u0131klamas\u0131nda; &#8220;Cumhuriyetin nitelikleri ve 3&#8217;\u00fcnc\u00fc maddesi h\u00fck\u00fcmleri de\u011fi\u015ftirilemez ve de\u011fi\u015ftirilmesi teklif edilemez&#8221; vurgusu yapt\u0131.<\/p>\n<p>Cumhuriyet Halk Partisi Mezitli \u0130l\u00e7e Ba\u015fkan\u0131 Av. Ula\u015f Y\u0131lmaz, H\u00dcDAPAR Genel Ba\u015fkan\u0131 Zekeriya Yap\u0131c\u0131o\u011flu&#8217;nun Anayasa&#8217;n\u0131n 4. maddesinin kald\u0131r\u0131lmas\u0131na y\u00f6nelik a\u00e7\u0131klamalar\u0131na tepki g\u00f6sterdi.<br \/>\n&#8220;Biz, Anayasan\u0131n 4&#8217;\u00fcnc\u00fc maddesi olmas\u0131n diyoruz. &#8220;4&#8217;\u00fcnc\u00fc madde gelecek nesillerin iradesine ipotek koymakt\u0131r&#8221; a\u00e7\u0131klamas\u0131 ile 4. Maddenin kald\u0131r\u0131lmas\u0131n\u0131 tart\u0131\u015fmaya a\u00e7man\u0131n esas amac\u0131n\u0131n ilk 3 maddenin de\u011fi\u015ftirilmesi oldu\u011funa i\u015faret eden Ba\u015fkan Av. Y\u0131lmaz, &#8220;Mevcut anayasan\u0131n uygulanmas\u0131nda ya\u015fanan aksakl\u0131klara i\u015faret ederek, &#8220;Yeni bir anayasa yapman\u0131n temel nedeni ne?&#8221; diye sordu.<\/p>\n<p>ANAYASA&#8217;NIN \u0130LK D\u00d6RT MADDES\u0130<br \/>\nBa\u015fkan Av. Y\u0131lmaz, a\u00e7\u0131klamas\u0131nda anayasan\u0131n ilk d\u00f6rt maddesini payla\u015ft\u0131: &#8220;MADDE 1- T\u00fcrkiye Devleti bir Cumhuriyettir. MADDE 2- T\u00fcrkiye Cumhuriyeti, toplumun huzuru, mill\u00ee dayan\u0131\u015fma ve adalet anlay\u0131\u015f\u0131 i\u00e7inde, insan haklar\u0131na sayg\u0131l\u0131, Atat\u00fcrk milliyet\u00e7ili\u011fine ba\u011fl\u0131, ba\u015flang\u0131\u00e7ta belirtilen temel ilkelere dayanan, demokratik, l\u00e2ik ve sosyal bir hukuk Devletidir. MADDE 3- T\u00fcrkiye Devleti, \u00fclkesi ve milletiyle b\u00f6l\u00fcnmez bir b\u00fct\u00fcnd\u00fcr. Dili T\u00fcrk\u00e7edir. Bayra\u011f\u0131, \u015fekli kanununda belirtilen, beyaz ay y\u0131ld\u0131zl\u0131 al bayrakt\u0131r. Mill\u00ee mar\u015f\u0131, \u0130stiklal Mar\u015f\u0131&#8217;d\u0131r. Ba\u015fkenti Ankara&#8217;d\u0131r. MADDE 4- Anayasan\u0131n 1 inci maddesindeki Devletin \u015feklinin Cumhuriyet oldu\u011fu hakk\u0131ndaki h\u00fck\u00fcm ile 2&#8217;nci maddesindeki Cumhuriyetin nitelikleri ve 3&#8217;\u00fcnc\u00fc maddesi h\u00fck\u00fcmleri de\u011fi\u015ftirilemez ve de\u011fi\u015ftirilmesi teklif edilemez.<\/p>\n<p>CUMHUR\u0130YET D\u00dc\u015eMANLARININ TEMEL HEDEF\u0130 LA\u0130KL\u0130KT\u0130R<br \/>\nH\u00dcDAPAR&#8217;\u0131n halk\u0131n iradesine, yurtta\u015f\u0131n \u00f6zg\u00fcrl\u00fc\u011f\u00fcne ve modernle\u015fmeye dayal\u0131 \u00e7a\u011fda\u015f topluma kar\u015f\u0131 oldu\u011funu ifade eden Av. Ula\u015f Y\u0131lmaz, &#8220;\u0130lk d\u00f6rt madde k\u0131rm\u0131z\u0131\u00e7izgimizdir. Cumhuriyet d\u00fc\u015fmanlar\u0131n\u0131n temel hedefi laikliktir.  Laiklik, cumhuriyetin, bilimselli\u011fin, demokrasinin, i\u00e7 bar\u0131\u015f\u0131n, insan haklar\u0131n\u0131n ve ulusal b\u00fct\u00fcnl\u00fc\u011f\u00fcn temel ta\u015f\u0131d\u0131r. \u0130nsan haklar\u0131n\u0131n, kad\u0131n-erkek e\u015fitli\u011finin, \u00e7a\u011fda\u015fl\u0131\u011f\u0131n ve modernle\u015fmenin g\u00fcvencesidir. B\u00fct\u00fcn bu \u00f6zellikleriyle anayasam\u0131z\u0131n de\u011fi\u015ftirilemez ve vazge\u00e7ilemez h\u00fckm\u00fcd\u00fcr. Laik demokratik cumhuriyetini korumaya devam edece\u011fiz. Cumhuriyet Halk Partisi, Gazi Mustafa Kemal Atat\u00fcrk \u00f6nderli\u011finde olu\u015fturulan ve d\u00fcnyada ba\u015fka \u00f6rne\u011fi olmayan \u00e7a\u011fda\u015f T\u00fcrkiye modelinin g\u00fcvencesidir dedi.<\/p>\n","protected":false},"excerpt":{"rendered":"<p>CHP&#8217;li Y\u0131lmaz&#8217;dan H\u00dcDAPAR&#8217;a tepki: CUMHUR\u0130YET D\u00dc\u015eMANLARININ TEMEL HEDEF\u0130 LA\u0130KL\u0130KT\u0130R Cumhuriyet Halk Partisi Mezitli \u0130l\u00e7e Ba\u015fkan\u0131 Av. Ula\u015f Y\u0131lmaz, &#8220;Cumhuriyet d\u00fc\u015fmanlar\u0131n\u0131n temel hedefi laikliktir&#8221; s\u00f6zleri ile Anayasa&#8217;n\u0131n 4. maddesinin kald\u0131r\u0131lmas\u0131na y\u00f6nelik &hellip; <a href=\"https:\/\/akdenizolaygazetesi.com\/?p=31945\" class=\"more-link\">Devam\u0131n\u0131 Oku&#8230;<\/a><\/p>\n","protected":false},"author":2,"featured_media":31946,"comment_status":"open","ping_status":"open","sticky":false,"template":"","format":"standard","meta":[],"categories":[1,2,3],"tags":[],"_links":{"self":[{"href":"https:\/\/akdenizolaygazetesi.com\/index.php?rest_route=\/wp\/v2\/posts\/31945"}],"collection":[{"href":"https:\/\/akdenizolaygazetesi.com\/index.php?rest_route=\/wp\/v2\/posts"}],"about":[{"href":"https:\/\/akdenizolaygazetesi.com\/index.php?rest_route=\/wp\/v2\/types\/post"}],"author":[{"embeddable":true,"href":"https:\/\/akdenizolaygazetesi.com\/index.php?rest_route=\/wp\/v2\/users\/2"}],"replies":[{"embeddable":true,"href":"https:\/\/akdenizolaygazetesi.com\/index.php?rest_route=%2Fwp%2Fv2%2Fcomments&post=31945"}],"version-history":[{"count":1,"href":"https:\/\/akdenizolaygazetesi.com\/index.php?rest_route=\/wp\/v2\/posts\/31945\/revisions"}],"predecessor-version":[{"id":31947,"href":"https:\/\/akdenizolaygazetesi.com\/index.php?rest_route=\/wp\/v2\/posts\/31945\/revisions\/31947"}],"wp:featuredmedia":[{"embeddable":true,"href":"https:\/\/akdenizolaygazetesi.com\/index.php?rest_route=\/wp\/v2\/media\/31946"}],"wp:attachment":[{"href":"https:\/\/akdenizolaygazetesi.com\/index.php?rest_route=%2Fwp%2Fv2%2Fmedia&parent=31945"}],"wp:term":[{"taxonomy":"category","embeddable":true,"href":"https:\/\/akdenizolaygazetesi.com\/index.php?rest_route=%2Fwp%2Fv2%2Fcategories&post=31945"},{"taxonomy":"post_tag","embeddable":true,"href":"https:\/\/akdenizolaygazetesi.com\/index.php?rest_route=%2Fwp%2Fv2%2Ftags&post=31945"}],"curies":[{"name":"wp","href":"https:\/\/api.w.org\/{rel}","templated":true}]}}