{"id":31948,"date":"2024-09-18T16:32:53","date_gmt":"2024-09-18T13:32:53","guid":{"rendered":"http:\/\/akdenizolaygazetesi.com\/?p=31948"},"modified":"2024-09-18T16:32:53","modified_gmt":"2024-09-18T13:32:53","slug":"deva-partili-ekmen-icisleri-bakani-yerlikayaya-mevsimlik-tarim-iscilerinin-guvenligini-sordu","status":"publish","type":"post","link":"https:\/\/akdenizolaygazetesi.com\/?p=31948","title":{"rendered":"DEVA Partili Ekmen, \u0130\u00e7i\u015fleri Bakan\u0131 Yerlikaya\u2019ya mevsimlik tar\u0131m i\u015f\u00e7ilerinin g\u00fcvenli\u011fini sordu"},"content":{"rendered":"<p>DEVA Partisi Genel Ba\u015fkan Yard\u0131mc\u0131s\u0131 Mehmet Emin Ekmen, Mevsim Tar\u0131m \u0130\u015f\u00e7ili\u011fi \u0130zleme ve De\u011ferlendirme Kurulu Genelgesi kapsam\u0131nda \u0130\u00e7i\u015fleri Bakan\u0131 Ali Yerlikaya\u2019ya sorular y\u00f6neltti. \u0130\u00e7i\u015fleri Bakanl\u0131\u011f\u0131n\u0131n genelge kapsam\u0131nda y\u00fcr\u00fctt\u00fc\u011f\u00fc \u00e7al\u0131\u015fmalar\u0131 soran Ekmen, \u201cMevsimlik tar\u0131m i\u015f\u00e7ilerinin bulundu\u011fu b\u00f6lgelerde asayi\u015fin sa\u011flanmas\u0131 ad\u0131na Bakanl\u0131\u011f\u0131n\u0131zca y\u00fcr\u00fct\u00fclen denetimler nelerdir?\u201d dedi.<\/p>\n<p>DEVA Partisi Genel Ba\u015fkan Yard\u0131mc\u0131s\u0131 ve Mersin Milletvekili Mehmet Emin Ekmen, Mevsim Tar\u0131m \u0130\u015f\u00e7ili\u011fi \u0130zleme ve De\u011ferlendirme Kurulu Genelgesi\u2019ni T\u00fcrkiye B\u00fcy\u00fck Millet Meclisi (TBMM) g\u00fcndeminde tutmaya devam ediyor. Genelge kapsam\u0131na giren bakanlara sorular y\u00f6nelten Ekmen, \u0130\u00e7i\u015f\u00e7ileri Bakan\u0131 Ali Yerlikaya\u2019n\u0131n yan\u0131tlamas\u0131 istemiyle TBMM Ba\u015fkanl\u0131\u011f\u0131\u2019na soru \u00f6nergesi verdi. Ekmen, \u0130\u00e7i\u015fleri Bakanl\u0131\u011f\u0131\u2019n\u0131n s\u00f6z konusu genelge konusunda y\u00fcr\u00fctt\u00fc\u011f\u00fc \u00e7al\u0131\u015fmalar\u0131n son durumunu sordu.<\/p>\n<p>Ge\u00e7mi\u015fte baz\u0131 ad\u0131mlar at\u0131ld\u0131 <\/p>\n<p>Ekmen, mevsimlik tar\u0131m i\u015f\u00e7ilerinin \u00e7al\u0131\u015fma ko\u015fullar\u0131n\u0131n b\u00fct\u00fcnc\u00fcl bir \u015fekilde ele al\u0131nmas\u0131 noktas\u0131nda ge\u00e7mi\u015fte baz\u0131 ad\u0131mlar\u0131n at\u0131ld\u0131\u011f\u0131n\u0131 hat\u0131rlatarak, \u201c2010\/6 ve 2017\/6 Ba\u015fbakanl\u0131k genelgeleri ile d\u00fczenlenmi\u015f ve bu d\u00fczenlemeler Cumhurba\u015fkan\u0131 Recep Tayyip Erdo\u011fan\u2019\u0131n imzas\u0131yla 27 Nisan tarihinde yay\u0131nlanan 2024\/5 say\u0131l\u0131 Cumhurba\u015fkanl\u0131\u011f\u0131 Genelgesi ile yeni sistemde g\u00fcncellenmi\u015ftir. Bu genelge ile mevsimlik i\u015f\u00e7ilerin seyahat, e\u011fitim, sa\u011fl\u0131k, ya\u015fam \u015fartlar\u0131 gibi bir\u00e7ok konudaki sorunlar\u0131na ciddi \u00e7\u00f6z\u00fcmler getirilmi\u015ftir\u201d ifadelerini kulland\u0131.<\/p>\n<p>Kamuoyunda ciddi soru i\u015faretleri var<\/p>\n<p>S\u00f6z konusu genelgenin uygulanmad\u0131\u011f\u0131 konusunda ele\u015ftirilerin oldu\u011funu s\u00f6yleyen Ekmen, \u015f\u00f6yle devam etti: <\/p>\n<p>\u201cGenelgede yer alan ge\u00e7ici yerle\u015fim alanlar\u0131, sa\u011fl\u0131k hizmetleri, e\u011fitim hizmetleri, ula\u015f\u0131m ve g\u00fcvenlik hizmetleri, istihdam ve sosyal g\u00fcvenlik hizmetleri, sosyal hizmetler ve mevsimlik tar\u0131m i\u015f\u00e7ileri bilgi sistemi gibi ba\u015fl\u0131klar, mevsimlik i\u015f\u00e7ilerin ya\u015fam standartlar\u0131n\u0131 iyile\u015ftirmeye y\u00f6nelik geni\u015f kapsaml\u0131 d\u00fczenlemeler i\u00e7ermektedir. Ancak, bu d\u00fczenlemelerin sahada ne \u00f6l\u00e7\u00fcde uyguland\u0131\u011f\u0131 ve mevsimlik i\u015f\u00e7ilerin bu haklardan yeterince yararlan\u0131p yararlanmad\u0131\u011f\u0131 konusunda kamuoyunda ciddi soru i\u015faretleri bulunmaktad\u0131r.\u201d<\/p>\n<p>DEVA Partili Ekmen Bakan Yerlikaya\u2019ya 8 soru y\u00f6neltti<\/p>\n<p>Soru \u00f6nergesinde Ekmen, \u0130\u00e7i\u015fleri Bakan\u0131 Ali Yerlikaya\u2019ya bakanl\u0131\u011f\u0131n alan\u0131na giren konularla ilgili \u015fu sorular\u0131 y\u00f6neltti:<\/p>\n<p>1. Genelgenin 4. Maddesi gere\u011fince, mevsimlik tar\u0131m i\u015f\u00e7ilerinin g\u00fcvenli bir \u015fekilde \u00e7al\u0131\u015facaklar\u0131 alanlara ta\u015f\u0131nmas\u0131 ve bu alanlarda g\u00fcvenli\u011fin sa\u011flanmas\u0131 noktas\u0131nda Bakanl\u0131\u011f\u0131n\u0131zca hangi d\u00fczenlemeler yap\u0131lm\u0131\u015ft\u0131r?<\/p>\n<p>2. Mevsimlik tar\u0131m i\u015f\u00e7ilerinin \u00e7al\u0131\u015facaklar\u0131 alanlara g\u00fcvenli bir \u015fekilde ula\u015f\u0131m\u0131n\u0131 sa\u011flamak i\u00e7in Bakanl\u0131\u011f\u0131n\u0131z\u0131n Ula\u015ft\u0131rma Bakanl\u0131\u011f\u0131 ile koordineli olarak yapt\u0131\u011f\u0131 \u00e7al\u0131\u015fmalar nelerdir?<\/p>\n<p>3. Mevsimlik tar\u0131m i\u015f\u00e7ilerinin bulundu\u011fu b\u00f6lgelerde asayi\u015fin sa\u011flanmas\u0131 ad\u0131na Bakanl\u0131\u011f\u0131n\u0131zca y\u00fcr\u00fct\u00fclen denetimler nelerdir? Bu denetimlerde kar\u015f\u0131la\u015f\u0131lan zorluklar ve al\u0131nan \u00f6nlemler nelerdir?<\/p>\n<p>4. Genelgenin 7. Maddesi gere\u011fince, Emniyet Genel M\u00fcd\u00fcrl\u00fc\u011f\u00fc ve Jandarma Komutanl\u0131\u011f\u0131 taraf\u0131ndan e-MET\u0130P projesine veri aktar\u0131m\u0131 yap\u0131lm\u0131\u015f m\u0131d\u0131r? Yap\u0131lm\u0131\u015fsa, \u015fu ana kadar hangi illerden bu veriler y\u00fcklenmi\u015ftir?<\/p>\n<p>5. Tar\u0131m ve Orman Bakanl\u0131\u011f\u0131 ta\u015fra te\u015fkilatlar\u0131, muhtarlar, ziraat odalar\u0131 birlikleri ve i\u015fverenler taraf\u0131ndan tespit edilen\/\u00e7al\u0131\u015fan tar\u0131m i\u015f\u00e7ilerinin kolluk kuvvetlerine bildirilmesi konusunda Bakanl\u0131\u011f\u0131n\u0131zca ne t\u00fcr \u00e7al\u0131\u015fmalar yap\u0131lm\u0131\u015ft\u0131r?<\/p>\n<p>6. Genelgenin 13. Maddesi ile olu\u015fturulan Mevsim Tar\u0131m \u0130\u015f\u00e7ili\u011fi \u0130zleme ve De\u011ferlendirme Kurulu ilk toplant\u0131s\u0131na kurumunuzu temsilen kat\u0131lacak Bakan Yard\u0131mc\u0131s\u0131 belirlenmi\u015f midir? Kurul ilk toplant\u0131s\u0131n\u0131 yapm\u0131\u015f m\u0131d\u0131r? Yapm\u0131\u015f ise al\u0131nan izleme ve de\u011ferlendirme kararlar\u0131ndan Bakanl\u0131\u011f\u0131n\u0131z\u0131 ilgilendiren kararlar nelerdir?<\/p>\n<p>7. Genelgenin 12. Maddesi ile olu\u015fturulmas\u0131 gereken Mevsim Tar\u0131m \u0130\u015f\u00e7ili\u011fi \u0130zleme Kurullar\u0131na Bakanl\u0131\u011f\u0131n\u0131z \u015fu ana kadar hangi il ve il\u00e7elerde \u00fcye vermi\u015ftir? \u00dcye verilen kurullar\u0131n \u00e7al\u0131\u015fmalar\u0131 nelerdir?<\/p>\n<p>8. Genelge bakanl\u0131k yetkililerinizce incelenip genelgeye g\u00f6re bakanl\u0131\u011f\u0131n\u0131z\u0131 ilgilendiren di\u011fer konularda hangi ad\u0131mlar at\u0131lm\u0131\u015ft\u0131r?<\/p>\n","protected":false},"excerpt":{"rendered":"<p>DEVA Partisi Genel Ba\u015fkan Yard\u0131mc\u0131s\u0131 Mehmet Emin Ekmen, Mevsim Tar\u0131m \u0130\u015f\u00e7ili\u011fi \u0130zleme ve De\u011ferlendirme Kurulu Genelgesi kapsam\u0131nda \u0130\u00e7i\u015fleri Bakan\u0131 Ali Yerlikaya\u2019ya sorular y\u00f6neltti. \u0130\u00e7i\u015fleri Bakanl\u0131\u011f\u0131n\u0131n genelge kapsam\u0131nda y\u00fcr\u00fctt\u00fc\u011f\u00fc \u00e7al\u0131\u015fmalar\u0131 soran &hellip; <a href=\"https:\/\/akdenizolaygazetesi.com\/?p=31948\" class=\"more-link\">Devam\u0131n\u0131 Oku&#8230;<\/a><\/p>\n","protected":false},"author":2,"featured_media":31099,"comment_status":"open","ping_status":"open","sticky":false,"template":"","format":"standard","meta":[],"categories":[1,2,3],"tags":[],"_links":{"self":[{"href":"https:\/\/akdenizolaygazetesi.com\/index.php?rest_route=\/wp\/v2\/posts\/31948"}],"collection":[{"href":"https:\/\/akdenizolaygazetesi.com\/index.php?rest_route=\/wp\/v2\/posts"}],"about":[{"href":"https:\/\/akdenizolaygazetesi.com\/index.php?rest_route=\/wp\/v2\/types\/post"}],"author":[{"embeddable":true,"href":"https:\/\/akdenizolaygazetesi.com\/index.php?rest_route=\/wp\/v2\/users\/2"}],"replies":[{"embeddable":true,"href":"https:\/\/akdenizolaygazetesi.com\/index.php?rest_route=%2Fwp%2Fv2%2Fcomments&post=31948"}],"version-history":[{"count":1,"href":"https:\/\/akdenizolaygazetesi.com\/index.php?rest_route=\/wp\/v2\/posts\/31948\/revisions"}],"predecessor-version":[{"id":31949,"href":"https:\/\/akdenizolaygazetesi.com\/index.php?rest_route=\/wp\/v2\/posts\/31948\/revisions\/31949"}],"wp:featuredmedia":[{"embeddable":true,"href":"https:\/\/akdenizolaygazetesi.com\/index.php?rest_route=\/wp\/v2\/media\/31099"}],"wp:attachment":[{"href":"https:\/\/akdenizolaygazetesi.com\/index.php?rest_route=%2Fwp%2Fv2%2Fmedia&parent=31948"}],"wp:term":[{"taxonomy":"category","embeddable":true,"href":"https:\/\/akdenizolaygazetesi.com\/index.php?rest_route=%2Fwp%2Fv2%2Fcategories&post=31948"},{"taxonomy":"post_tag","embeddable":true,"href":"https:\/\/akdenizolaygazetesi.com\/index.php?rest_route=%2Fwp%2Fv2%2Ftags&post=31948"}],"curies":[{"name":"wp","href":"https:\/\/api.w.org\/{rel}","templated":true}]}}