{"id":31953,"date":"2024-09-19T14:44:24","date_gmt":"2024-09-19T11:44:24","guid":{"rendered":"http:\/\/akdenizolaygazetesi.com\/?p=31953"},"modified":"2024-09-19T14:44:24","modified_gmt":"2024-09-19T11:44:24","slug":"baskan-secerden-19-eylul-gaziler-gunu-mesaji","status":"publish","type":"post","link":"https:\/\/akdenizolaygazetesi.com\/?p=31953","title":{"rendered":"BA\u015eKAN SE\u00c7ER&#8217;DEN 19 EYL\u00dcL GAZ\u0130LER G\u00dcN\u00dc MESAJI"},"content":{"rendered":"<p>Mersin B\u00fcy\u00fck\u015fehir Belediye Ba\u015fkan\u0131 Vahap Se\u00e7er, 19 Eyl\u00fcl Gaziler G\u00fcn\u00fc dolay\u0131s\u0131yla bir mesaj yay\u0131nlad\u0131.<\/p>\n<p>Ba\u015fkan Se\u00e7er mesaj\u0131nda \u015fu ifadelere yer verdi:<\/p>\n<p>&#8220;Ulusumuz, Atat\u00fcrk&#8217;\u00fcn \u00e7a\u011fda\u015f ya\u015fam hedefine her zaman sahip \u00e7\u0131km\u0131\u015f; t\u00fcm ku\u015faklar bu hedefin ger\u00e7ekle\u015fmesi ve T\u00fcrkiye Cumhuriyeti&#8217;nin sonsuza dek varl\u0131\u011f\u0131n\u0131 s\u00fcrd\u00fcrmesi yolunda O&#8217;nun ilke ve devrimlerinin izleyicisi olmu\u015ftur.<\/p>\n<p>Bizler de Mersin B\u00fcy\u00fck\u015fehir Belediyesi olarak \u015eehit aileleri ve Gazilerimizin yan\u0131nda olabilmek i\u00e7in, \u015eehit Aileleri ve Gazi Hizmetleri \u015eube M\u00fcd\u00fcrl\u00fc\u011f\u00fc kurarak bu konudaki hassasiyetimizi kurumsal anlamda ortaya koyduk.<\/p>\n<p>B\u00fcy\u00fck Atat\u00fcrk&#8217;\u00fcn, \u015fehit ve gazilerimizin bizlere b\u0131rakt\u0131\u011f\u0131 emaneti geli\u015ftirerek gelece\u011fe ta\u015f\u0131mak, ge\u00e7mi\u015fimize oldu\u011fu kadar gelece\u011fimize kar\u015f\u0131 da yurt topraklar\u0131n\u0131 korumak ve savunmak i\u00e7in en g\u00fc\u00e7 ko\u015fullar alt\u0131nda canlar\u0131n\u0131 ortaya koymaktan \u00e7ekinmeyen \u015fehit ve gazilerimiz k\u0131van\u00e7 kayna\u011f\u0131m\u0131zd\u0131r.<\/p>\n<p>Onlar, birlik ve dirli\u011fimizin ve devletimizin varl\u0131\u011f\u0131n\u0131n g\u00fcvencesi olarak, sonsuza kadar ulusumuzun g\u00f6nl\u00fcnde ya\u015fayacakt\u0131r.<\/p>\n<p>Gazilerimize ve \u015fehitlerimize sayg\u0131 duymak, gazilerimize  daha iyi ya\u015fam olanaklar\u0131 sunmak toplumsal bir \u00f6devdir.<\/p>\n<p>Y\u00fcce Atat\u00fcrk&#8217;e Mare\u015fal r\u00fctbesi ve Gazi unvan\u0131 verili\u015finin y\u0131ld\u00f6n\u00fcm\u00fcn\u00fc kutluyor, ba\u015fta y\u00fcce Atat\u00fcrk olmak \u00fczere, t\u00fcm gazilerimizi ve \u015fehitlerimizi sayg\u0131yla an\u0131yorum.&#8221;<\/p>\n","protected":false},"excerpt":{"rendered":"<p>Mersin B\u00fcy\u00fck\u015fehir Belediye Ba\u015fkan\u0131 Vahap Se\u00e7er, 19 Eyl\u00fcl Gaziler G\u00fcn\u00fc dolay\u0131s\u0131yla bir mesaj yay\u0131nlad\u0131. Ba\u015fkan Se\u00e7er mesaj\u0131nda \u015fu ifadelere yer verdi: &#8220;Ulusumuz, Atat\u00fcrk&#8217;\u00fcn \u00e7a\u011fda\u015f ya\u015fam hedefine her zaman sahip \u00e7\u0131km\u0131\u015f; &hellip; <a href=\"https:\/\/akdenizolaygazetesi.com\/?p=31953\" class=\"more-link\">Devam\u0131n\u0131 Oku&#8230;<\/a><\/p>\n","protected":false},"author":2,"featured_media":31954,"comment_status":"open","ping_status":"open","sticky":false,"template":"","format":"standard","meta":[],"categories":[1,2,3],"tags":[],"_links":{"self":[{"href":"https:\/\/akdenizolaygazetesi.com\/index.php?rest_route=\/wp\/v2\/posts\/31953"}],"collection":[{"href":"https:\/\/akdenizolaygazetesi.com\/index.php?rest_route=\/wp\/v2\/posts"}],"about":[{"href":"https:\/\/akdenizolaygazetesi.com\/index.php?rest_route=\/wp\/v2\/types\/post"}],"author":[{"embeddable":true,"href":"https:\/\/akdenizolaygazetesi.com\/index.php?rest_route=\/wp\/v2\/users\/2"}],"replies":[{"embeddable":true,"href":"https:\/\/akdenizolaygazetesi.com\/index.php?rest_route=%2Fwp%2Fv2%2Fcomments&post=31953"}],"version-history":[{"count":1,"href":"https:\/\/akdenizolaygazetesi.com\/index.php?rest_route=\/wp\/v2\/posts\/31953\/revisions"}],"predecessor-version":[{"id":31955,"href":"https:\/\/akdenizolaygazetesi.com\/index.php?rest_route=\/wp\/v2\/posts\/31953\/revisions\/31955"}],"wp:featuredmedia":[{"embeddable":true,"href":"https:\/\/akdenizolaygazetesi.com\/index.php?rest_route=\/wp\/v2\/media\/31954"}],"wp:attachment":[{"href":"https:\/\/akdenizolaygazetesi.com\/index.php?rest_route=%2Fwp%2Fv2%2Fmedia&parent=31953"}],"wp:term":[{"taxonomy":"category","embeddable":true,"href":"https:\/\/akdenizolaygazetesi.com\/index.php?rest_route=%2Fwp%2Fv2%2Fcategories&post=31953"},{"taxonomy":"post_tag","embeddable":true,"href":"https:\/\/akdenizolaygazetesi.com\/index.php?rest_route=%2Fwp%2Fv2%2Ftags&post=31953"}],"curies":[{"name":"wp","href":"https:\/\/api.w.org\/{rel}","templated":true}]}}