{"id":31997,"date":"2024-09-20T15:04:07","date_gmt":"2024-09-20T12:04:07","guid":{"rendered":"http:\/\/akdenizolaygazetesi.com\/?p=31997"},"modified":"2024-09-20T15:04:07","modified_gmt":"2024-09-20T12:04:07","slug":"chpli-gulcan-kis-mebde-krizler-bitmiyor","status":"publish","type":"post","link":"https:\/\/akdenizolaygazetesi.com\/?p=31997","title":{"rendered":"CHP\u2019li G\u00fclcan K\u0131\u015f: MEB\u2019de Krizler Bitmiyor!"},"content":{"rendered":"<p>CHP&#8217;li G\u00fclcan K\u0131\u015f: MEB&#8217;de Krizler Bitmiyor! <\/p>\n<p>CHP Mersin Milletvekili G\u00fclcan K\u0131\u015f, Milli E\u011fitim Bakanl\u0131\u011f\u0131&#8217;nda ya\u015fanan krizlerin her ge\u00e7en g\u00fcn derinle\u015fti\u011fini ve \u00e7\u00f6z\u00fcm \u00fcretilmedi\u011fini vurgulayarak, e\u011fitim sisteminin b\u00fcy\u00fck bir \u00e7\u0131kmazda oldu\u011funa dikkat \u00e7ekti.<\/p>\n<p>G\u00fclcan K\u0131\u015f: Okullarda Temizlik Krizi Velilere Y\u00fcklenemez!<\/p>\n<p>CHP Mersin Milletvekili G\u00fclcan K\u0131\u015f, yeni e\u011fitim-\u00f6\u011fretim y\u0131l\u0131n\u0131n ba\u015flamas\u0131yla birlikte okullarda ya\u015fanan temizlik krizine dikkat \u00e7ekti. \u0130ktidar\u0131n &#8220;tasarruf tedbirleri&#8221; ad\u0131 alt\u0131nda devreye soktu\u011fu \u0130\u015fg\u00fcc\u00fc Uyum Program\u0131 (\u0130UP), okullarda temizlik g\u00f6revlilerinin haftada yaln\u0131zca 3 g\u00fcn \u00e7al\u0131\u015fmas\u0131n\u0131 \u00f6ng\u00f6r\u00fcyor. Kalan 2 g\u00fcn ise temizlik i\u015flerinin velilerin s\u0131rt\u0131na y\u00fcklenmesi, e\u011fitim sisteminde b\u00fcy\u00fck bir hijyen sorununa neden olacak.<\/p>\n<p>&#8220;Hijyenin Sa\u011flanamad\u0131\u011f\u0131 Bir Okulda E\u011fitim G\u00fcvenli Olamaz!&#8221;<\/p>\n<p>G\u00fclcan K\u0131\u015f, okullar\u0131n temizli\u011fi gibi temel bir ihtiyac\u0131n bile kar\u015f\u0131lanamaz hale gelmesinin kabul edilemez oldu\u011funu vurgulayarak, &#8220;Okullar\u0131n hijyenik ve g\u00fcvenli bir ortam sunmas\u0131, \u00e7ocuklar\u0131m\u0131z\u0131n sa\u011fl\u0131kl\u0131 bir \u015fekilde e\u011fitim alabilmesi i\u00e7in vazge\u00e7ilmezdir. Ancak, \u0130UP ile g\u00f6revlendirilen temizlik personelleri haftada sadece 3 g\u00fcn \u00e7al\u0131\u015facak. Bu, 2 g\u00fcn boyunca tuvaletlerin, s\u0131n\u0131flar\u0131n, koridorlar\u0131n temizlenmemesi anlam\u0131na geliyor. Hijyenin sa\u011flanamad\u0131\u011f\u0131 bir okulda e\u011fitim g\u00fcvenli olamaz!&#8221; dedi.<\/p>\n<p>&#8220;Velilere Yeni Bir Y\u00fck!&#8221;<\/p>\n<p>\u0130UP&#8217;nin, okullar\u0131n temizlik sorununu \u00e7\u00f6zmek yerine velilere yeni bir y\u00fck getirdi\u011fini belirten K\u0131\u015f, &#8220;Temizlik g\u00f6revlilerinin haftada yaln\u0131zca 3 g\u00fcn \u00e7al\u0131\u015fmas\u0131, geri kalan g\u00fcnlerde velilerden okul temizli\u011fine katk\u0131 beklenmesi demektir. Zaten ekonomik zorluklar alt\u0131nda ezilen velilere bu y\u00fck\u00fc bindirmek, devletin temel sorumluluklar\u0131n\u0131 yerine getiremedi\u011finin bir g\u00f6stergesidir. \u00c7ocuklar\u0131m\u0131z\u0131n sa\u011fl\u0131\u011f\u0131 ve e\u011fitimi asla tasarruf tedbirlerine kurban edilemez!&#8221; \u015feklinde konu\u015ftu.<\/p>\n<p>&#8220;TYP Yerine \u0130UP: Sorunlar Derinle\u015fiyor&#8221;<\/p>\n<p>Toplum Yarar\u0131na Program (TYP) ile okullarda sa\u011flanan temizlik personeli ihtiyac\u0131n\u0131n siyasi rant u\u011fruna i\u015flevsiz hale getirildi\u011fini dile getiren G\u00fclcan K\u0131\u015f, \u0130UP&#8217;nin de bu hatay\u0131 tekrarlad\u0131\u011f\u0131n\u0131 ifade etti. &#8220;TYP, y\u0131llard\u0131r okullar\u0131n temizlik ihtiya\u00e7lar\u0131n\u0131 kar\u015f\u0131lamada kullan\u0131l\u0131yordu. Ancak iktidar\u0131n ekonomik kriz bahanesiyle uygulad\u0131\u011f\u0131 \u0130UP, okullarda ciddi bir hijyen krizine yol a\u00e7acak. Bu program\u0131n amac\u0131, okullarda hijyen sa\u011flamaktan \u00e7ok, istihdam yaratmak gibi g\u00f6r\u00fcn\u00fcyor. E\u011fitimdeki bu plans\u0131zl\u0131k ve \u00e7\u00f6z\u00fcm \u00fcretme eksikli\u011fi, her zaman oldu\u011fu gibi \u00e7ocuklar\u0131m\u0131z\u0131 ve velileri ma\u011fdur etmeye devam edecek&#8221; dedi.<\/p>\n<p>&#8220;MEB Sorumlulu\u011fu \u00dcstlenmeli!&#8221;<\/p>\n<p>Milli E\u011fitim Bakanl\u0131\u011f\u0131&#8217;n\u0131n okullardaki hijyen krizini bir an \u00f6nce \u00e7\u00f6zmesi gerekti\u011fini s\u00f6yleyen K\u0131\u015f, &#8220;Bu y\u0131l\u0131n ilk g\u00fcn\u00fcnden itibaren ya\u015fanacak temizlik sorununun sorumlusu MEB&#8217;dir. Temizlik g\u00f6revlisi say\u0131s\u0131n\u0131n art\u0131r\u0131lmas\u0131 ve haftan\u0131n her g\u00fcn\u00fc okullarda \u00e7al\u0131\u015facak \u015fekilde planlamalar yap\u0131lmas\u0131 \u015fartt\u0131r. \u00c7ocuklar\u0131m\u0131z\u0131n sa\u011fl\u0131\u011f\u0131 ve e\u011fitim hakk\u0131, siyasi hesaplara ve ekonomik kriz bahanelerine kurban edilemez. Bakanl\u0131k, bu konuda h\u0131zl\u0131ca ad\u0131m atmal\u0131d\u0131r&#8221; diye ekledi.<\/p>\n","protected":false},"excerpt":{"rendered":"<p>CHP&#8217;li G\u00fclcan K\u0131\u015f: MEB&#8217;de Krizler Bitmiyor! CHP Mersin Milletvekili G\u00fclcan K\u0131\u015f, Milli E\u011fitim Bakanl\u0131\u011f\u0131&#8217;nda ya\u015fanan krizlerin her ge\u00e7en g\u00fcn derinle\u015fti\u011fini ve \u00e7\u00f6z\u00fcm \u00fcretilmedi\u011fini vurgulayarak, e\u011fitim sisteminin b\u00fcy\u00fck bir \u00e7\u0131kmazda oldu\u011funa &hellip; <a href=\"https:\/\/akdenizolaygazetesi.com\/?p=31997\" class=\"more-link\">Devam\u0131n\u0131 Oku&#8230;<\/a><\/p>\n","protected":false},"author":2,"featured_media":31998,"comment_status":"open","ping_status":"open","sticky":false,"template":"","format":"standard","meta":[],"categories":[1,2,3],"tags":[],"_links":{"self":[{"href":"https:\/\/akdenizolaygazetesi.com\/index.php?rest_route=\/wp\/v2\/posts\/31997"}],"collection":[{"href":"https:\/\/akdenizolaygazetesi.com\/index.php?rest_route=\/wp\/v2\/posts"}],"about":[{"href":"https:\/\/akdenizolaygazetesi.com\/index.php?rest_route=\/wp\/v2\/types\/post"}],"author":[{"embeddable":true,"href":"https:\/\/akdenizolaygazetesi.com\/index.php?rest_route=\/wp\/v2\/users\/2"}],"replies":[{"embeddable":true,"href":"https:\/\/akdenizolaygazetesi.com\/index.php?rest_route=%2Fwp%2Fv2%2Fcomments&post=31997"}],"version-history":[{"count":1,"href":"https:\/\/akdenizolaygazetesi.com\/index.php?rest_route=\/wp\/v2\/posts\/31997\/revisions"}],"predecessor-version":[{"id":31999,"href":"https:\/\/akdenizolaygazetesi.com\/index.php?rest_route=\/wp\/v2\/posts\/31997\/revisions\/31999"}],"wp:featuredmedia":[{"embeddable":true,"href":"https:\/\/akdenizolaygazetesi.com\/index.php?rest_route=\/wp\/v2\/media\/31998"}],"wp:attachment":[{"href":"https:\/\/akdenizolaygazetesi.com\/index.php?rest_route=%2Fwp%2Fv2%2Fmedia&parent=31997"}],"wp:term":[{"taxonomy":"category","embeddable":true,"href":"https:\/\/akdenizolaygazetesi.com\/index.php?rest_route=%2Fwp%2Fv2%2Fcategories&post=31997"},{"taxonomy":"post_tag","embeddable":true,"href":"https:\/\/akdenizolaygazetesi.com\/index.php?rest_route=%2Fwp%2Fv2%2Ftags&post=31997"}],"curies":[{"name":"wp","href":"https:\/\/api.w.org\/{rel}","templated":true}]}}