{"id":32000,"date":"2024-09-20T15:07:11","date_gmt":"2024-09-20T12:07:11","guid":{"rendered":"http:\/\/akdenizolaygazetesi.com\/?p=32000"},"modified":"2024-09-20T15:07:11","modified_gmt":"2024-09-20T12:07:11","slug":"akdeniz-belediyesi-baris-ve-kultur-festivali-basliyor","status":"publish","type":"post","link":"https:\/\/akdenizolaygazetesi.com\/?p=32000","title":{"rendered":"AKDEN\u0130Z BELED\u0130YES\u0130 BARI\u015e VE K\u00dcLT\u00dcR FEST\u0130VAL\u0130 BA\u015eLIYOR"},"content":{"rendered":"<p>Akdeniz Belediyesi\u2019nin, kentte bu y\u0131l ilk kez d\u00fczenleyece\u011fi \u201cAkdeniz Bar\u0131\u015f ve K\u00fclt\u00fcr Festivali\u201d, 21-22 Eyl\u00fcl Cumartesi ve Pazar g\u00fcnleri ger\u00e7ekle\u015fecek. E\u015f Ba\u015fkanlar Ho\u015fyar Sar\u0131y\u0131ld\u0131z ve Nuriye Arslan, hafta sonu \u00e7e\u015fitli etkinlikler ve konserlerle dolu dolu ge\u00e7ecek festivale t\u00fcm Mersinlileri davet etti.<br \/>\nAkdeniz Belediyesi, Esenli \u00dcz\u00fcm \u015eenli\u011fi ve Ba\u011flarba\u015f\u0131 \u0130ncir Festivali\u2019nin ard\u0131ndan bir ba\u015fka k\u00fclt\u00fcrel etkinli\u011fe daha imza at\u0131yor. D\u00fcnya Bar\u0131\u015f G\u00fcn\u00fc kapsam\u0131nda d\u00fczenlenecek 1\u2019inci Akdeniz Bar\u0131\u015f ve K\u00fclt\u00fcr Festivali ile Mersinliler, \u00e7e\u015fitli etkinlikler ve konserlerle dolu dolu 2 g\u00fcn ya\u015fayacak.<br \/>\nK\u00fclt\u00fcr ve Sosyal \u0130\u015fler M\u00fcd\u00fcrl\u00fc\u011f\u00fc koordinesinde T\u0131rm\u0131l Miting Alan\u0131\u2019nda organize edilecek festivalde, yerel sanat\u00e7\u0131lar\u0131n konserleri, tiyatro g\u00f6sterileri, halk oyunlar\u0131 ve dans g\u00f6sterileri, \u00e7ocuklar i\u00e7in renkli oyun ve yar\u0131\u015fmalar yer alacak. Festivalin ikinci g\u00fcn\u00fcnde ise sesi ve yorumuyla her kesimin sevdi\u011fi ve b\u00fcy\u00fck be\u011feniyle dinledi\u011fi \u00fcnl\u00fc sanat\u00e7\u0131 Rojda sahne al\u0131p \u015fark\u0131lar\u0131n\u0131 seslendirecek.<br \/>\nFestival; diller, renkler ve k\u00fclt\u00fcrler bulu\u015fmas\u0131 havas\u0131nda ge\u00e7ecek<br \/>\nAkdeniz Belediyesi E\u015f Ba\u015fkanlar\u0131 Ho\u015fyar Sar\u0131y\u0131ld\u0131z ve Nuriye Arslan, yapt\u0131klar\u0131 ortak a\u00e7\u0131klamada; t\u00fcm Mersinlileri 21 ve 22 Eyl\u00fcl Cumartesi ve Pazar g\u00fcn\u00fc d\u00fczenlenecek olan 1\u2019inci Akdeniz Bar\u0131\u015f ve K\u00fclt\u00fcr Festivali\u2019ne davet etti. E\u015f Ba\u015fkanlar\u0131n ortak a\u00e7\u0131klamas\u0131 \u015f\u00f6yle;<br \/>\n\u201cFarkl\u0131 dillerin, dinlerin, k\u00fclt\u00fcr ve mezheplerin y\u00fczlerce y\u0131ld\u0131r bir arada ve karde\u015f\u00e7e ya\u015fad\u0131\u011f\u0131, \u00fclkemizin t\u00fcm farkl\u0131l\u0131klar\u0131n\u0131 ya\u015fatan, T\u00fcrkiye\u2019nin bir mozai\u011fi olan kentimizde ve b\u00fct\u00fcn renkleri i\u00e7inde bar\u0131nd\u0131ran Akdeniz\u2019de b\u00f6ylesi bir festivali ger\u00e7ekle\u015ftirmekten sevin\u00e7 ve mutluluk duyuyoruz.<br \/>\nBir renkler bulu\u015fmas\u0131 havas\u0131nda ger\u00e7ekle\u015fecek festivalimizde kentimizin sahip oldu\u011fu t\u00fcm dilleri ve k\u00fclt\u00fcrleri yans\u0131tacak etkinlikler, m\u00fczik dinletileri, \u00e7ocuk oyun alanlar\u0131 ve onlar i\u00e7in \u00e7e\u015fitli ikramlar yer alacak. 1 Eyl\u00fcl D\u00fcnya Bar\u0131\u015f G\u00fcn\u00fc kapsam\u0131nda d\u00fczenleyece\u011fimiz festivalimiz; bar\u0131\u015f\u0131n, karde\u015fli\u011fin ve k\u00fclt\u00fcrler bulu\u015fmas\u0131n\u0131n sembol\u00fc olacakt\u0131r.<br \/>\n\u00c7ocuklar\u0131m\u0131z\u0131n g\u00f6n\u00fcllerince e\u011flenip oyunlar oynayabilece\u011fi, yerel ve ulusal sanat\u00e7\u0131lar\u0131m\u0131z\u0131n konser verece\u011fi, ailece, omuz omuza halaylar \u00e7ekebilece\u011fimiz, karde\u015fli\u011fin ve bar\u0131\u015f\u0131n simgesi olacak olan festivalimize de\u011ferli halk\u0131m\u0131z davetlidir. T\u00fcm Mersinlileri, Cumartesi ve Pazar g\u00fcn\u00fc, \u00d6zg\u00fcrl\u00fck Mahallemizde bulunan T\u0131rm\u0131l G\u00f6steri Alan\u0131\u2019na bekliyoruz.\u201d <\/p>\n","protected":false},"excerpt":{"rendered":"<p>Akdeniz Belediyesi\u2019nin, kentte bu y\u0131l ilk kez d\u00fczenleyece\u011fi \u201cAkdeniz Bar\u0131\u015f ve K\u00fclt\u00fcr Festivali\u201d, 21-22 Eyl\u00fcl Cumartesi ve Pazar g\u00fcnleri ger\u00e7ekle\u015fecek. E\u015f Ba\u015fkanlar Ho\u015fyar Sar\u0131y\u0131ld\u0131z ve Nuriye Arslan, hafta sonu \u00e7e\u015fitli &hellip; <a href=\"https:\/\/akdenizolaygazetesi.com\/?p=32000\" class=\"more-link\">Devam\u0131n\u0131 Oku&#8230;<\/a><\/p>\n","protected":false},"author":2,"featured_media":32003,"comment_status":"open","ping_status":"open","sticky":false,"template":"","format":"standard","meta":[],"categories":[1,2,3],"tags":[],"_links":{"self":[{"href":"https:\/\/akdenizolaygazetesi.com\/index.php?rest_route=\/wp\/v2\/posts\/32000"}],"collection":[{"href":"https:\/\/akdenizolaygazetesi.com\/index.php?rest_route=\/wp\/v2\/posts"}],"about":[{"href":"https:\/\/akdenizolaygazetesi.com\/index.php?rest_route=\/wp\/v2\/types\/post"}],"author":[{"embeddable":true,"href":"https:\/\/akdenizolaygazetesi.com\/index.php?rest_route=\/wp\/v2\/users\/2"}],"replies":[{"embeddable":true,"href":"https:\/\/akdenizolaygazetesi.com\/index.php?rest_route=%2Fwp%2Fv2%2Fcomments&post=32000"}],"version-history":[{"count":1,"href":"https:\/\/akdenizolaygazetesi.com\/index.php?rest_route=\/wp\/v2\/posts\/32000\/revisions"}],"predecessor-version":[{"id":32004,"href":"https:\/\/akdenizolaygazetesi.com\/index.php?rest_route=\/wp\/v2\/posts\/32000\/revisions\/32004"}],"wp:featuredmedia":[{"embeddable":true,"href":"https:\/\/akdenizolaygazetesi.com\/index.php?rest_route=\/wp\/v2\/media\/32003"}],"wp:attachment":[{"href":"https:\/\/akdenizolaygazetesi.com\/index.php?rest_route=%2Fwp%2Fv2%2Fmedia&parent=32000"}],"wp:term":[{"taxonomy":"category","embeddable":true,"href":"https:\/\/akdenizolaygazetesi.com\/index.php?rest_route=%2Fwp%2Fv2%2Fcategories&post=32000"},{"taxonomy":"post_tag","embeddable":true,"href":"https:\/\/akdenizolaygazetesi.com\/index.php?rest_route=%2Fwp%2Fv2%2Ftags&post=32000"}],"curies":[{"name":"wp","href":"https:\/\/api.w.org\/{rel}","templated":true}]}}