{"id":32005,"date":"2024-09-20T15:08:22","date_gmt":"2024-09-20T12:08:22","guid":{"rendered":"http:\/\/akdenizolaygazetesi.com\/?p=32005"},"modified":"2024-09-20T15:08:22","modified_gmt":"2024-09-20T12:08:22","slug":"yenisehir-belediyesinden-bisikletli-yasama-tam-destek","status":"publish","type":"post","link":"https:\/\/akdenizolaygazetesi.com\/?p=32005","title":{"rendered":"Yeni\u015fehir Belediyesinden bisikletli ya\u015fama tam destek"},"content":{"rendered":"<p>Mersin Yeni\u015fehir Belediyesinin deste\u011fiyle Mersin Bisiklet Derne\u011fi (MERB\u0130SDER) taraf\u0131ndan d\u00fczenlenen 11. Uluslararas\u0131 Bisiklet Festivali kapsam\u0131nda Yeni\u015fehir Belediyesi Remziye G\u00fcnay Ery\u0131lmaz Bisiklet E\u011fitim Park\u0131\u2019nda bir araya gelen bisikletliler, Avrupa Hareketlilik Haftas\u0131\u2019n\u0131 kutlad\u0131. Bisikletlilerle parkta bulu\u015fan Yeni\u015fehir Belediye Ba\u015fkan\u0131 Abdullah \u00d6zyi\u011fit, sa\u011fl\u0131kl\u0131 hareketlili\u011fe ve \u00e7evreci yakla\u015f\u0131mla yapt\u0131klar\u0131 \u00e7al\u0131\u015fmalara dikkat \u00e7ekti.<br \/>\nMersin Yeni\u015fehir Belediyesi taraf\u0131ndan ge\u00e7ti\u011fimiz y\u0131l Fuat Morel Mahallesi\u2019nde olu\u015fturulan 5 bin metrekarelik Remziye G\u00fcnay Ery\u0131lmaz Bisiklet E\u011fitim Park\u0131, Avrupa Hareketlilik Haftas\u0131\u2019nda bisikletlilerin bulu\u015fma noktas\u0131 oldu. T\u00fcrkiye&#8217;nin yan\u0131 s\u0131ra \u0130ran, Irak ve Azerbaycan\u2019dan gelen bisikletlilerin kat\u0131l\u0131m\u0131yla bu y\u0131l Avrupa Hareketlilik Haftas\u0131\u2019nda ger\u00e7ekle\u015fen 11. Uluslararas\u0131 Bisiklet Festivali kapsam\u0131nda Yeni\u015fehir\u2019de bir araya gelen bisikletliler, pedallar\u0131n\u0131 sa\u011fl\u0131kl\u0131 ve \u00e7evreci hareketlilik i\u00e7in \u00e7evirdi. Yeni\u015fehir Belediye Ba\u015fkan\u0131 Abdullah \u00d6zyi\u011fit de kente gelen bisikletlilerle bulu\u015ftu.<br \/>\n\u201cT\u00fcm \u00e7al\u0131\u015fmalar\u0131m\u0131zda \u00e7evreci bir yakla\u015f\u0131m\u0131 benimsedik\u201d<br \/>\nYeni\u015fehir\u2019de sa\u011fl\u0131kl\u0131 hareketlilik i\u00e7in \u00e7al\u0131\u015fmaya devam edeceklerini ifade eden Ba\u015fkan \u00d6zyi\u011fit, \u201cAvrupa Hareketlilik Haftas\u0131\u2019nda Yeni\u015fehir\u2019de bisikletli dostlar\u0131m\u0131zla birlikteyiz. \u0130ran, Irak ve Azerbaycan\u2019dan gelen bisikletliler var. Bisiklet sporu d\u00fcnyan\u0131n en g\u00fczel sporlar\u0131ndan biri. Son derece \u00e7evreci ve sa\u011fl\u0131kl\u0131 bir spor. Yeni\u015fehir Belediyesi olarak g\u00f6reve geldi\u011fimiz g\u00fcnden beri t\u00fcm \u00e7al\u0131\u015fmalar\u0131m\u0131zda \u00e7evreci bir yakla\u015f\u0131m\u0131 benimsedik. Y\u00f6netim anlay\u0131\u015f\u0131m\u0131z\u0131 olu\u015fturdu\u011fumuz 6 temel ilkemizden biri de hareket ilkesiydi. Hareket sporu ve sanat\u0131 kapsayan bir ilkemiz. Yeni\u015fehir\u2019de sa\u011fl\u0131kl\u0131 hareketlilik i\u00e7in \u00e7al\u0131\u015fmaya devam edece\u011fiz.\u201d diye konu\u015ftu.<br \/>\nMersin Bisiklet Derne\u011fi Ba\u015fkan\u0131 S\u00fcleyman Uygun ise \u201cBa\u015fkan\u0131m\u0131z Say\u0131n Abdullah \u00d6zyi\u011fit, 11. Uluslararas\u0131 Bisiklet Festivali&#8217;nde de bizimle birlikte. Bisikletli ya\u015fama ve festivalimize verdi\u011fi desteklerden dolay\u0131 mutluyuz. Mersin\u2019e kazand\u0131rd\u0131\u011f\u0131 Bisiklet E\u011fitim Park\u0131 i\u00e7in de kendilerine te\u015fekk\u00fcr ediyoruz.\u201d dedi. <\/p>\n","protected":false},"excerpt":{"rendered":"<p>Mersin Yeni\u015fehir Belediyesinin deste\u011fiyle Mersin Bisiklet Derne\u011fi (MERB\u0130SDER) taraf\u0131ndan d\u00fczenlenen 11. Uluslararas\u0131 Bisiklet Festivali kapsam\u0131nda Yeni\u015fehir Belediyesi Remziye G\u00fcnay Ery\u0131lmaz Bisiklet E\u011fitim Park\u0131\u2019nda bir araya gelen bisikletliler, Avrupa Hareketlilik Haftas\u0131\u2019n\u0131 &hellip; <a href=\"https:\/\/akdenizolaygazetesi.com\/?p=32005\" class=\"more-link\">Devam\u0131n\u0131 Oku&#8230;<\/a><\/p>\n","protected":false},"author":2,"featured_media":32006,"comment_status":"open","ping_status":"open","sticky":false,"template":"","format":"standard","meta":[],"categories":[1,2,3],"tags":[],"_links":{"self":[{"href":"https:\/\/akdenizolaygazetesi.com\/index.php?rest_route=\/wp\/v2\/posts\/32005"}],"collection":[{"href":"https:\/\/akdenizolaygazetesi.com\/index.php?rest_route=\/wp\/v2\/posts"}],"about":[{"href":"https:\/\/akdenizolaygazetesi.com\/index.php?rest_route=\/wp\/v2\/types\/post"}],"author":[{"embeddable":true,"href":"https:\/\/akdenizolaygazetesi.com\/index.php?rest_route=\/wp\/v2\/users\/2"}],"replies":[{"embeddable":true,"href":"https:\/\/akdenizolaygazetesi.com\/index.php?rest_route=%2Fwp%2Fv2%2Fcomments&post=32005"}],"version-history":[{"count":1,"href":"https:\/\/akdenizolaygazetesi.com\/index.php?rest_route=\/wp\/v2\/posts\/32005\/revisions"}],"predecessor-version":[{"id":32007,"href":"https:\/\/akdenizolaygazetesi.com\/index.php?rest_route=\/wp\/v2\/posts\/32005\/revisions\/32007"}],"wp:featuredmedia":[{"embeddable":true,"href":"https:\/\/akdenizolaygazetesi.com\/index.php?rest_route=\/wp\/v2\/media\/32006"}],"wp:attachment":[{"href":"https:\/\/akdenizolaygazetesi.com\/index.php?rest_route=%2Fwp%2Fv2%2Fmedia&parent=32005"}],"wp:term":[{"taxonomy":"category","embeddable":true,"href":"https:\/\/akdenizolaygazetesi.com\/index.php?rest_route=%2Fwp%2Fv2%2Fcategories&post=32005"},{"taxonomy":"post_tag","embeddable":true,"href":"https:\/\/akdenizolaygazetesi.com\/index.php?rest_route=%2Fwp%2Fv2%2Ftags&post=32005"}],"curies":[{"name":"wp","href":"https:\/\/api.w.org\/{rel}","templated":true}]}}