{"id":32008,"date":"2024-09-23T15:28:37","date_gmt":"2024-09-23T12:28:37","guid":{"rendered":"http:\/\/akdenizolaygazetesi.com\/?p=32008"},"modified":"2024-09-23T15:28:37","modified_gmt":"2024-09-23T12:28:37","slug":"38-uluslararasi-mersin-bric-festivali-odul-toreni-ile-son-buldu","status":"publish","type":"post","link":"https:\/\/akdenizolaygazetesi.com\/?p=32008","title":{"rendered":"&#8217;38. ULUSLARARASI MERS\u0130N BR\u0130\u00c7 FEST\u0130VAL\u0130&#8217; \u00d6D\u00dcL T\u00d6REN\u0130 \u0130LE SON BULDU"},"content":{"rendered":"<p>Mersin B\u00fcy\u00fck\u015fehir Belediyesi\u2019nin Mersin Bri\u00e7 Spor Kul\u00fcb\u00fc i\u015f birli\u011finde bu y\u0131l 38.\u2019sini d\u00fczenledi\u011fi \u2018Uluslararas\u0131 Mersin Bri\u00e7 Festivali\u2019 \u00f6d\u00fcl t\u00f6reni ile son buldu. Yurt i\u00e7inden ve yurt d\u0131\u015f\u0131ndan 300 sporcunun kat\u0131ld\u0131\u011f\u0131 ve 5 g\u00fcn s\u00fcren m\u00fccadelelerde dereceye giren sporculara \u00f6d\u00fclleri takdim edildi.  <\/p>\n<p>Swiss ve a\u00e7\u0131k ikili kategorilerinde ger\u00e7ekle\u015ftirilen turnuvada dereceye giren sporcular \u00f6d\u00fcllerini; Mersin B\u00fcy\u00fck\u015fehir Belediyesi Gen\u00e7lik ve Spor Hizmetleri Dairesi Ba\u015fkan\u0131 Emrullah Ta\u015fk\u0131n, Gen\u00e7lik, Avrupa Bri\u00e7 Federasyonu T\u00fcrkiye Koordinat\u00f6r\u00fc Tuba Akarcal\u0131o\u011flu ve Spor Hizmetleri \u015eube M\u00fcd\u00fcr\u00fc B\u00fcnyamin G\u00f6kayaz&#8217;\u0131n elinden ald\u0131. <\/p>\n<p>Her y\u0131l bri\u00e7 tutkunlar\u0131n\u0131 bir araya getiren ve T\u00fcrkiye\u2019nin en uzun soluklu organizasyonlar\u0131ndan birine ev sahipli\u011fi yapan Mersin B\u00fcy\u00fck\u015fehir Belediyesi\u2019nin bu y\u0131l 38.\u2019sini d\u00fczenledi\u011fi \u2018Uluslararas\u0131 Mersin Bri\u00e7 Festivali\u2019 \u00f6d\u00fcl t\u00f6reni ile son buldu.  <\/p>\n<p>Gen\u00e7lik ve Spor Hizmetleri Dairesi Ba\u015fkanl\u0131\u011f\u0131 ile Mersin Bri\u00e7 Spor Kul\u00fcb\u00fc i\u015f birli\u011finde ger\u00e7ekle\u015ftirilen festivale \u00fclkemizden 18 farkl\u0131 ilden, yurt d\u0131\u015f\u0131ndan ise; Ukrayna, Bulgaristan, Fransa, L\u00fcbnan ve M\u0131s\u0131r olmak \u00fczere toplam 300 sporcu kat\u0131ld\u0131. Atat\u00fcrk K\u00fclt\u00fcr Merkezi\u2019nde 5 g\u00fcn boyunca s\u00fcren m\u00fccadelelerde sporcular stratejik d\u00fc\u015f\u00fcnme becerilerini test ederken, festivalde rekabet dolu anlar ya\u015fand\u0131. <\/p>\n<p>Turnuvada dereceye girenler \u00f6d\u00fcllerini; Mersin B\u00fcy\u00fck\u015fehir Belediyesi Gen\u00e7lik ve Spor Hizmetleri Dairesi Ba\u015fkan\u0131 Emrullah Ta\u015fk\u0131n, Gen\u00e7lik, Avrupa Bri\u00e7 Federasyonu T\u00fcrkiye Koordinat\u00f6r\u00fc Tuba Akarcal\u0131o\u011flu ve Spor Hizmetleri \u015eube M\u00fcd\u00fcr\u00fc B\u00fcnyamin G\u00f6kayaz\u2019\u0131n elinden ald\u0131. Swiss ve a\u00e7\u0131k ikili kategorilerinde ger\u00e7ekle\u015ftirilen turnuvada dereceye giren sporculara kupa, madalya ve para \u00f6d\u00fcl\u00fc takdim edildi.  <\/p>\n<p>Dereceye giren sporculara \u00f6d\u00fclleri takdim edildi<br \/>\nSwiss tak\u0131mlarda A grubu birincileri; Sinan Tatl\u0131c\u0131o\u011flu, \u0130hsan \u00d6zcan Pehlivan, Selim \u00c7elenk ve Orhan Veli Do\u011fan olurken; B grubu birincileri; Kaz\u0131m Tevfik G\u00fcrkan, Cengiz \u015eeker, Mustafa Akhun ve Bircan \u00d6zt\u00fcrk oldu. C grubunda ise; Ne\u015fat Kalemci, Oktay G\u00fcne\u015f, Mustafa Aksoy ve \u00d6mer Erdo\u011fan birinci oldu. <\/p>\n<p>A\u00e7\u0131k ikili turnuvas\u0131nda A final birincileri; Ilko Popov ve Radoslav Radev, B final birincileri; Alaattin Erdo\u011fan ve Nejat \u00d6zdo\u011fan olurken, Gen\u00e7 kategorisinde yar\u0131\u015fan Tuana Altun ve Toygar Altun birinci oldu. Kad\u0131nlar kategorisinde Esma Lale F\u0131rato\u011flu ve Ferah Alt\u00fcrk birinci olurken, Seny\u00f6r kategorisinde Mehmet Osman Meto ile Ay\u015fin Canano\u011flu, son olarak da Mix kategorisinde yar\u0131\u015fan Duran Ba\u011fl\u0131 ve Saibe Nazan Aba\u00e7 birinci oldu.                                                                                                                                <\/p>\n<p>Ta\u015fk\u0131n: \u201cUluslararas\u0131 spor organizasyonlar\u0131na ev sahipli\u011fi yapmaya devam edece\u011fiz\u201d<br \/>\nGen\u00e7lik ve Spor Hizmetleri Dairesi Ba\u015fkan\u0131 Emrullah Ta\u015fk\u0131n, B\u00fcy\u00fck\u015fehir Belediyesi\u2019nin uluslararas\u0131 spor organizasyonlar\u0131na ev sahipli\u011fi yapmaya devam edece\u011fini vurgulayarak, \u201cBri\u00e7 festivalimizi tamamlad\u0131k. \u00d6n\u00fcm\u00fczdeki hafta da Uluslararas\u0131 Kilikya Ultra Maratonu var. Festivalimiz bu y\u0131l 38. kez yap\u0131ld\u0131. Gayet g\u00fczel bir organizasyon oldu. 5 farkl\u0131 yabanc\u0131 \u00fclkeden sporcular vard\u0131. Onun d\u0131\u015f\u0131nda \u00fclkemizin pek \u00e7ok de\u011fi\u015fik \u015fehirlerinden gelen oyuncular vard\u0131. Turnuvam\u0131z, \u00e7ok g\u00fczel, sorunsuz bir \u015fekilde bitti. Festivale kat\u0131lan t\u00fcm sporculara Mersin B\u00fcy\u00fck\u015fehir Belediyesi ad\u0131na te\u015fekk\u00fcr ediyorum. Ayn\u0131 zamanda da kendilerini tebrik ediyorum\u201d ifadelerine yer verdi. <\/p>\n<p>Kerem: \u201cB\u00fcy\u00fck\u015fehir\u2019in spora olan katk\u0131lar\u0131n\u0131 hayranl\u0131kla izliyoruz\u201d                                                                               Mersin Bri\u00e7 Spor Kul\u00fcb\u00fc Ba\u015fkan\u0131 \u0130brahim Ethem Kerem, turnuvaya destek veren B\u00fcy\u00fck\u015fehir Belediyesi\u2019ne te\u015fekk\u00fcr ederek, \u201cMersin B\u00fcy\u00fck\u015fehir Belediyesi\u2019nin inan\u0131lmaz destekleri oldu. Mersin Bri\u00e7 Spor Kul\u00fcb\u00fc olarak bri\u00e7 festivali ilk olarak Soli\u2019de 38 y\u0131l \u00f6nce 12 masa ile ba\u015flad\u0131. Sonras\u0131nda 100\u2019l\u00fc masalara ula\u015ft\u0131. \u0130leriki d\u00f6nemlerde bu destekler sayesinde bu say\u0131n\u0131n daha da artaca\u011f\u0131na inan\u0131yoruz. Bir Mersinli olarak B\u00fcy\u00fck\u015fehir\u2019in spora olan katk\u0131lar\u0131n\u0131 hayranl\u0131kla izliyorum ve tebrik ediyorum\u201d diye konu\u015ftu. <\/p>\n<p>Akarcal\u0131o\u011flu: \u201cBu festival, 38 y\u0131ld\u0131r kesintisiz devam eden \u00e7ok ba\u015far\u0131l\u0131 bir organizasyon\u201d<br \/>\nAvrupa Bri\u00e7 Federasyonu T\u00fcrkiye Koordinat\u00f6r\u00fc Tuba Akarcal\u0131o\u011flu, B\u00fcy\u00fck\u015fehir Belediyesi\u2019nin spora olan destekleriyle ilgili; \u201cBunun \u00fclkemizdeki b\u00fct\u00fcn belediyelere \u00f6rnek olmas\u0131n\u0131 diliyoruz. Spor bran\u015flar\u0131nda, \u00f6zellikle ak\u0131l sporlar\u0131nda yerel y\u00f6netimlerin deste\u011fi \u00e7ok \u00f6nemli ve buna ihtiya\u00e7 var. Uluslararas\u0131 Mersin Bri\u00e7 festivali, 38 y\u0131ld\u0131r kesintisiz devam eden ve ba\u015far\u0131 \u00e7izgisini koruyup \u00e7\u0131tay\u0131 hep yukar\u0131 \u00e7ekmesi ile \u00f6ne \u00e7\u0131kan \u00e7ok ba\u015far\u0131l\u0131 bir organizasyon. Ba\u015far\u0131da s\u00fcrd\u00fcr\u00fclebilirli\u011fi en \u00f6nemli kriter olarak g\u00f6r\u00fcyorum. O nedenle t\u00fcm camiam\u0131za \u00f6rnek olacak bir ba\u015far\u0131 hik\u00e2yesi bu\u201d dedi.<\/p>\n<p>Sporcular, 5 g\u00fcn boyunca stratejik d\u00fc\u015f\u00fcnme becerilerini test etti<br \/>\nKad\u0131nlar kategorisi birincilerinden Ferah Alt\u00fcrk, turnuvan\u0131n kendisi i\u00e7in \u00e7ok g\u00fczel ge\u00e7ti\u011fini belirterek, \u201c\u00c7ok zevkliydi. Bri\u00e7 harika bir spor ve herkese tavsiye ediyorum. \u2018Ya\u015f\u0131m ge\u00e7 oldu veya \u00fcniversite okuyorum\u2019 demeyin. Bu insan\u0131n hayat\u0131nda olmas\u0131 gereken bir spor ve ileriki ya\u015flarda \u00e7ok faydas\u0131n\u0131 g\u00f6r\u00fcyorsunuz\u201d dedi. <\/p>\n<p>Swiss kategorisinde A-1 birincilerinden Selim \u00c7elenk, uzun zamandan beri turnuvalara kat\u0131ld\u0131klar\u0131n\u0131 belirterek, \u201cBuraya Hatay\u2019dan geldik. Buras\u0131 bizim karde\u015f kul\u00fcb\u00fcm\u00fcz. 20 y\u0131ld\u0131r gelmeye \u00e7al\u0131\u015f\u0131yoruz. Burada \u00e7ok dostumuz ve arkada\u015f\u0131m\u0131z var. \u00c7ok keyifli bir organizasyon oldu\u201d diye konu\u015ftu. <\/p>\n","protected":false},"excerpt":{"rendered":"<p>Mersin B\u00fcy\u00fck\u015fehir Belediyesi\u2019nin Mersin Bri\u00e7 Spor Kul\u00fcb\u00fc i\u015f birli\u011finde bu y\u0131l 38.\u2019sini d\u00fczenledi\u011fi \u2018Uluslararas\u0131 Mersin Bri\u00e7 Festivali\u2019 \u00f6d\u00fcl t\u00f6reni ile son buldu. Yurt i\u00e7inden ve yurt d\u0131\u015f\u0131ndan 300 sporcunun kat\u0131ld\u0131\u011f\u0131 &hellip; <a href=\"https:\/\/akdenizolaygazetesi.com\/?p=32008\" class=\"more-link\">Devam\u0131n\u0131 Oku&#8230;<\/a><\/p>\n","protected":false},"author":2,"featured_media":32009,"comment_status":"open","ping_status":"open","sticky":false,"template":"","format":"standard","meta":[],"categories":[1,2,3],"tags":[],"_links":{"self":[{"href":"https:\/\/akdenizolaygazetesi.com\/index.php?rest_route=\/wp\/v2\/posts\/32008"}],"collection":[{"href":"https:\/\/akdenizolaygazetesi.com\/index.php?rest_route=\/wp\/v2\/posts"}],"about":[{"href":"https:\/\/akdenizolaygazetesi.com\/index.php?rest_route=\/wp\/v2\/types\/post"}],"author":[{"embeddable":true,"href":"https:\/\/akdenizolaygazetesi.com\/index.php?rest_route=\/wp\/v2\/users\/2"}],"replies":[{"embeddable":true,"href":"https:\/\/akdenizolaygazetesi.com\/index.php?rest_route=%2Fwp%2Fv2%2Fcomments&post=32008"}],"version-history":[{"count":1,"href":"https:\/\/akdenizolaygazetesi.com\/index.php?rest_route=\/wp\/v2\/posts\/32008\/revisions"}],"predecessor-version":[{"id":32010,"href":"https:\/\/akdenizolaygazetesi.com\/index.php?rest_route=\/wp\/v2\/posts\/32008\/revisions\/32010"}],"wp:featuredmedia":[{"embeddable":true,"href":"https:\/\/akdenizolaygazetesi.com\/index.php?rest_route=\/wp\/v2\/media\/32009"}],"wp:attachment":[{"href":"https:\/\/akdenizolaygazetesi.com\/index.php?rest_route=%2Fwp%2Fv2%2Fmedia&parent=32008"}],"wp:term":[{"taxonomy":"category","embeddable":true,"href":"https:\/\/akdenizolaygazetesi.com\/index.php?rest_route=%2Fwp%2Fv2%2Fcategories&post=32008"},{"taxonomy":"post_tag","embeddable":true,"href":"https:\/\/akdenizolaygazetesi.com\/index.php?rest_route=%2Fwp%2Fv2%2Ftags&post=32008"}],"curies":[{"name":"wp","href":"https:\/\/api.w.org\/{rel}","templated":true}]}}