{"id":3205,"date":"2020-11-04T18:23:41","date_gmt":"2020-11-04T15:23:41","guid":{"rendered":"http:\/\/mersinekonomipolitikagazetesi.com\/?p=3205"},"modified":"2020-11-04T18:23:41","modified_gmt":"2020-11-04T15:23:41","slug":"madalyasini-alamadan-olen-kac-kibris-ve-kore-gazisi-var","status":"publish","type":"post","link":"https:\/\/akdenizolaygazetesi.com\/?p=3205","title":{"rendered":"\u2018MADALYASINI ALAMADAN \u00d6LEN KA\u00c7 KIBRIS VE KORE GAZ\u0130S\u0130 VAR?\u2019"},"content":{"rendered":"<p>K\u0131br\u0131s ve Kore Gazilerinin bir\u00e7o\u011funun gazilik madalyalar\u0131n\u0131n daha verilmedi\u011fini ifade eden CHP Mersin Milletvekili Alpay Antmen konuyu Meclis g\u00fcndemine ta\u015f\u0131d\u0131.<br \/>\n\u00a0<br \/>\nMilli Savunma Bakan\u0131 Hulusi Akar\u2019\u0131n yan\u0131tlamas\u0131 istemiyle Meclis Ba\u015fkanl\u0131\u011f\u0131na soru \u00f6nergesi veren Antmen, \u00f6nergesinde T\u00fcrkiye\u2019nin 1974\u2019te K\u0131br\u0131s\u2019ta ya\u015fayan soyda\u015flar\u0131m\u0131za yap\u0131lan katliama, zulme ve soyk\u0131r\u0131ma dur demek i\u00e7in adaya \u00e7\u0131kartma yapm\u0131\u015f oldu\u011funu ifade ederek \u201cT\u00fcrkiye\u2019den K\u0131br\u0131s\u2019a giden askerlerimizin 497\u2019si \u015fehit olurken binlercesi de gazi olmu\u015ftur. T\u00fcrk askerlerinin b\u00fcy\u00fck kahramanl\u0131k ve fedakarl\u0131k g\u00f6sterdi\u011fi 1950 ve 1953 y\u0131llar\u0131 aras\u0131nda ya\u015fanan Kore Sava\u015f\u0131nda 734 \u015fehidimiz ve binlerce de gazimiz bulunmaktad\u0131r. Madalyas\u0131n\u0131 alamadan \u00f6len ka\u00e7 Kore ve K\u0131br\u0131s Gazisi vard\u0131r?\u201d diye sordu.<br \/>\n\u00a0<br \/>\nGazilerin \u00fclkenin ba\u011f\u0131ms\u0131zl\u0131\u011f\u0131 ve \u00f6zg\u00fcrl\u00fc\u011f\u00fc i\u00e7in b\u00fcy\u00fck fedakarl\u0131klar yapt\u0131klar\u0131n\u0131 belirten CHP\u2019li vekil \u201cOnlara g\u00f6sterilecek sayg\u0131 b\u00fct\u00fcn bir \u00fclkeye; ge\u00e7mi\u015fe ve gelece\u011fe de g\u00f6sterilmi\u015f demektir. Ancak Kore\u2019de ve K\u0131br\u0131s\u2019ta sava\u015fan; gazi olarak anavatana d\u00f6nen gazilerimizin \u00f6nemli bir k\u0131sm\u0131n\u0131n aradan uzun y\u0131llar ge\u00e7mesine ra\u011fmen madalyalar\u0131n\u0131 alamamalar\u0131 hem kamuoyunun hem de gazi ve gazilerimizin ailelerinin vicdan\u0131n\u0131 yaralamaktad\u0131r\u201d dedi.<br \/>\n\u00a0<br \/>\nAntmen\u2019in \u00f6nergesinde yer alan sorular \u015fu \u015fekilde;<br \/>\n\u00a0<br \/>\n\u2013 K\u0131br\u0131s \u00c7\u0131kartmas\u0131 ve Kore Sava\u015f\u0131 sonras\u0131nda gazilik unvan\u0131 alan ka\u00e7 gazimiz vard\u0131r? Gazilerimizin ka\u00e7\u0131 vefat etmi\u015f ka\u00e7\u0131 ya\u015famaktad\u0131r?<br \/>\n\u00a0<br \/>\n\u2013 K\u0131br\u0131s ve Kore gazilerimizin \u00f6nemli bir b\u00f6l\u00fcm\u00fcne halen neden madalyalar\u0131 verilmemektedir? K\u0131br\u0131s \u00c7\u0131kartmas\u0131ndan 44, Kore sava\u015f\u0131n\u0131n \u00fczerinden 69 y\u0131l ge\u00e7mesine ra\u011fmen neden bu madalyalar halen gazilerimize verilmemektedir?<br \/>\n\u00a0<br \/>\n\u2013 K\u0131br\u0131s \u00c7\u0131kartmas\u0131 ve Kore Sava\u015f\u0131 sonras\u0131nda gazilik unvan\u0131 alan gazilerimizden ka\u00e7\u0131na madalyalar\u0131 verilmi\u015ftir? Bu madalyalar ne zaman verilmi\u015ftir? Madalyas\u0131 verilmemi\u015f ka\u00e7 gazimiz bulunmaktad\u0131r?<br \/>\n\u00a0<br \/>\n\u2013 Madalyas\u0131n\u0131 alamadan \u00f6len ka\u00e7 Kore ve K\u0131br\u0131s Gazisi vard\u0131r? En az\u0131ndan bu gazilerimizin yak\u0131nlar\u0131na madalyalar\u0131n\u0131 teslim etmek i\u00e7in herhangi bir \u00e7al\u0131\u015fma yapmay\u0131 d\u00fc\u015f\u00fcnmekte misiniz?<br \/>\n\u00a0<br \/>\n\u2013 K\u0131br\u0131s \u00c7\u0131kartmas\u0131na ve Kore Sava\u015f\u0131na kat\u0131lan; ancak madalya verilmeyen ya da gazilik unvan\u0131 alamayan ka\u00e7 ki\u015fi bulunmaktad\u0131r? Gazilik unvan\u0131 ve madalya verilmemesinin gerek\u00e7esi nedir?<br \/>\n\u00a0<br \/>\n\u2013 K\u0131br\u0131s ve Kore Gazilerimizin maa\u015f, sosyal g\u00fcvence ve yararland\u0131klar\u0131 di\u011fer haklar ile 15 Temmuz gazilerimizin maa\u015f, sosyal g\u00fcvence ve yararland\u0131klar\u0131 haklar aras\u0131nda fark bulunmakta m\u0131d\u0131r? Varsa bunlar nelerdir?\u00a0<\/p>\n","protected":false},"excerpt":{"rendered":"<p>K\u0131br\u0131s ve Kore Gazilerinin bir\u00e7o\u011funun gazilik madalyalar\u0131n\u0131n daha verilmedi\u011fini ifade eden CHP Mersin Milletvekili Alpay Antmen konuyu Meclis g\u00fcndemine ta\u015f\u0131d\u0131. \u00a0 Milli Savunma Bakan\u0131 Hulusi Akar\u2019\u0131n yan\u0131tlamas\u0131 istemiyle Meclis Ba\u015fkanl\u0131\u011f\u0131na &hellip; <a href=\"https:\/\/akdenizolaygazetesi.com\/?p=3205\" class=\"more-link\">Devam\u0131n\u0131 Oku&#8230;<\/a><\/p>\n","protected":false},"author":1,"featured_media":0,"comment_status":"open","ping_status":"open","sticky":false,"template":"","format":"standard","meta":[],"categories":[],"tags":[],"_links":{"self":[{"href":"https:\/\/akdenizolaygazetesi.com\/index.php?rest_route=\/wp\/v2\/posts\/3205"}],"collection":[{"href":"https:\/\/akdenizolaygazetesi.com\/index.php?rest_route=\/wp\/v2\/posts"}],"about":[{"href":"https:\/\/akdenizolaygazetesi.com\/index.php?rest_route=\/wp\/v2\/types\/post"}],"author":[{"embeddable":true,"href":"https:\/\/akdenizolaygazetesi.com\/index.php?rest_route=\/wp\/v2\/users\/1"}],"replies":[{"embeddable":true,"href":"https:\/\/akdenizolaygazetesi.com\/index.php?rest_route=%2Fwp%2Fv2%2Fcomments&post=3205"}],"version-history":[{"count":0,"href":"https:\/\/akdenizolaygazetesi.com\/index.php?rest_route=\/wp\/v2\/posts\/3205\/revisions"}],"wp:attachment":[{"href":"https:\/\/akdenizolaygazetesi.com\/index.php?rest_route=%2Fwp%2Fv2%2Fmedia&parent=3205"}],"wp:term":[{"taxonomy":"category","embeddable":true,"href":"https:\/\/akdenizolaygazetesi.com\/index.php?rest_route=%2Fwp%2Fv2%2Fcategories&post=3205"},{"taxonomy":"post_tag","embeddable":true,"href":"https:\/\/akdenizolaygazetesi.com\/index.php?rest_route=%2Fwp%2Fv2%2Ftags&post=3205"}],"curies":[{"name":"wp","href":"https:\/\/api.w.org\/{rel}","templated":true}]}}