{"id":32111,"date":"2024-10-01T13:06:57","date_gmt":"2024-10-01T10:06:57","guid":{"rendered":"http:\/\/akdenizolaygazetesi.com\/?p=32111"},"modified":"2024-10-01T13:06:57","modified_gmt":"2024-10-01T10:06:57","slug":"baskan-yuceer-mersini-cok-yesil-huzurlu-ve-mutlu-gordum","status":"publish","type":"post","link":"https:\/\/akdenizolaygazetesi.com\/?p=32111","title":{"rendered":"BA\u015eKAN Y\u00dcCEER: \u201cMERS\u0130N\u2019\u0130 \u00c7OK YE\u015e\u0130L, HUZURLU VE MUTLU G\u00d6RD\u00dcM\u201d"},"content":{"rendered":"<p>Mersin\u2019de ya\u015fayan vatanda\u015flar\u0131n her an\u0131nda yan\u0131nda olmak i\u00e7in hizmetlerine 7\/24 ara vermeden devam eden Mersin B\u00fcy\u00fck\u015fehir Belediyesi\u2019nin hizmetleri, t\u00fcm T\u00fcrkiye\u2019ye \u00f6rnek olmaya devam ediyor. \u2018Do\u011fumdan \u00f6l\u00fcme kadar her an\u0131n\u0131zda Mersin B\u00fcy\u00fck\u015fehir Belediyesi var\u2019 anlay\u0131\u015f\u0131yla birbirinden de\u011ferli hizmetler yapan B\u00fcy\u00fck\u015fehir\u2019in \u00e7al\u0131\u015fmalar\u0131n\u0131 Tekirda\u011f B\u00fcy\u00fck\u015fehir Belediye Ba\u015fkan\u0131 Candan Y\u00fcceer ve beraberindeki heyet yerinde inceledi.<\/p>\n<p>Evde bak\u0131m hizmetlerinden, Emekli Evi\u2019ne, G\u00fcnd\u00fcz Bak\u0131m Evleri\u2019nden Taziye Evleri\u2019ne ve e\u011fitim merkezlerine kadar pek \u00e7ok hizmeti yerinde g\u00f6ren Ba\u015fkan Y\u00fcceer, \u201cMersin\u2019i \u00e7ok ye\u015fil, huzurlu ve mutlu g\u00f6rd\u00fcm. Ger\u00e7ekten \u00e7ok ba\u015far\u0131l\u0131 hizmetler var. Ba\u015fkan\u0131ma ba\u015far\u0131lar dilerim. Onunla yol arkada\u015f\u0131 olmaktan gurur duydum\u201d diye konu\u015ftu. <\/p>\n<p>Tekirda\u011f B\u00fcy\u00fck\u015fehir Belediye Ba\u015fkan\u0131 Candan Y\u00fcceer, Mersin B\u00fcy\u00fck\u015fehir Belediyesi\u2019nin gencinden ya\u015f alm\u0131\u015f\u0131na, kad\u0131n\u0131ndan \u00e7ocu\u011funa, \u00f6\u011frencisinden emeklisine, sokakta ya\u015fayan dostlardan bir \u00e7i\u00e7ek dal\u0131na kadar hayat\u0131n her alan\u0131nda yapt\u0131\u011f\u0131 hizmetleri yerinde g\u00f6rd\u00fc. <\/p>\n<p>Mersin\u2019de ya\u015fayan vatanda\u015flar\u0131n her an\u0131nda yan\u0131nda olmak i\u00e7in hizmetlerine 7\/24 ara vermeden devam eden Mersin B\u00fcy\u00fck\u015fehir Belediyesi\u2019nin hizmetleri t\u00fcm T\u00fcrkiye\u2019ye \u00f6rnek olmaya devam ediyor. \u2018Do\u011fumdan \u00f6l\u00fcme kadar her an\u0131n\u0131zda Mersin B\u00fcy\u00fck\u015fehir Belediyesi var\u2019 anlay\u0131\u015f\u0131yla birbirinden de\u011ferli hizmetler yapan B\u00fcy\u00fck\u015fehir\u2019in \u00e7al\u0131\u015fmalar\u0131n\u0131 Ba\u015fkan Y\u00fcceer yerinde inceleyerek, yetkililerden bilgi ald\u0131. <\/p>\n<p>Ziyarette; Akdeniz\u2019in masmavi manzaras\u0131na \u015fahitlik eden tesisler, okuma salonlar\u0131, tarihin yeniden hayat buldu\u011fu yap\u0131lar ile 7\u2019den 70\u2019e yurtta\u015f\u0131n her ihtiyac\u0131na yan\u0131t veren hizmet binalar\u0131 gezildi. <\/p>\n<p>Y\u00fcceer: \u201cMersin hep g\u00fczeldi, bu sefer daha g\u00fczel buldum\u201d<br \/>\nMersin\u2019i her geldi\u011finde daha da g\u00fczel buldu\u011funu kaydeden Y\u00fcceer, \u201cBu sefer daha da g\u00fczelle\u015fmi\u015f buldum. Mersin ye\u015fil alanlar\u0131yla, ya\u015fam alanlar\u0131yla, tesisleriyle ger\u00e7ekten \u00e7ok g\u00fczel. Eminim ki bir sonraki geldi\u011fimde daha g\u00fczel bulaca\u011f\u0131m\u201d dedi. Sahilin g\u00fczelli\u011finin ba\u015fta olmak \u00fczere vatanda\u015f\u0131n her ihtiyac\u0131na cevap veren hizmetlerin bir bir hayata ge\u00e7irildi\u011fini g\u00f6rd\u00fc\u011f\u00fcn\u00fc s\u00f6yleyen Y\u00fcceer, \u201c\u00c7ocu\u011fun do\u011fdu\u011fu g\u00fcnden, insan hayat\u0131n\u0131n sonland\u0131\u011f\u0131 g\u00fcne kadar olan o ya\u015fam s\u00fcrecinde ihtiya\u00e7 duydu\u011fu her alanda hizmet alabilece\u011fi tesisleri g\u00f6rd\u00fck. Ger\u00e7ekten mutlu olduk, gurur duyduk. Vahap Ba\u015fkan\u0131ma ger\u00e7ekten te\u015fekk\u00fcr ediyorum, ba\u015far\u0131lar diliyorum, yolu a\u00e7\u0131k olsun\u201d diye konu\u015ftu.<\/p>\n<p>\u201c\u2018\u00c7\u00f6pe atacak kaynaklar\u0131m\u0131z yok\u2019 anlay\u0131\u015f\u0131yla g\u00f6reve geldim\u201d<br \/>\nG\u00f6reve geldi\u011fi 1 Nisan itibariyle siyaseti bir kenara koydu\u011funu vurgulayan Y\u00fcceer, \u201cArt\u0131k hizmet zaman\u0131. Bizim \u00e7\u00f6pe atacak projelerimiz, \u00e7ar\u00e7ur edecek kaynaklar\u0131m\u0131z, param\u0131z yok. Ben de bu anlay\u0131\u015fla g\u00f6reve geldim. B\u00fct\u00fcn \u00e7al\u0131\u015fmalar\u0131m\u0131 bu y\u00f6ne y\u00f6nlendirmeye \u00e7al\u0131\u015f\u0131yorum. Mersin\u2019in ihtiya\u00e7lar\u0131 farkl\u0131, Tekirda\u011f\u2019\u0131n ihtiya\u00e7lar\u0131 farkl\u0131 ama \u015funu s\u00f6yleyebilirim: sosyal destekler, sosyal hizmetler T\u00fcrkiye\u2019nin hemen hemen her yerinde; belki derecesi farkl\u0131 olmakla beraber; ayn\u0131. Ma\u011fduriyetin bu kadar artmas\u0131ndan elbette mutluluk duymuyoruz ama Cumhuriyet Halk Parti\u2019li Belediyelerin bu alan\u0131 da unutmadan, herkesi d\u00fc\u015f\u00fcnerek hizmet etmesi, klasik belediyecilik hizmetlerinin yan\u0131nda ya\u015fam\u0131 kolayla\u015ft\u0131ran projelerini devam ettirmesi ger\u00e7ekten \u00e7ok anlaml\u0131\u201d ifadelerine yer verdi. <\/p>\n<p>\u201cMersin\u2019i \u00e7ok ye\u015fil, huzurlu ve mutlu g\u00f6rd\u00fcm\u201d<br \/>\nEvde Sa\u011fl\u0131k ve Bak\u0131m hizmetlerinden, Emekli Evi\u2019ne, G\u00fcnd\u00fcz Bak\u0131m Evleri\u2019nden Taziye Evleri\u2019ne ve E\u011fitim ve \u00d6\u011fretimi Destekleme Merkezlerine kadar pek \u00e7ok hizmeti yerinde g\u00f6rd\u00fc\u011f\u00fcn\u00fc belirten Y\u00fcceer, \u201c\u00c7ok gurur duydum, mutlu oldum. Ke\u015fke bu talepler, ihtiya\u00e7lar olmasa ama T\u00fcrkiye\u2019m ger\u00e7e\u011fi. Dolay\u0131s\u0131yla, sosyal desteklerle bir nebze de olsa vatanda\u015f\u0131m\u0131z\u0131n huzurunu, refah\u0131n\u0131, rahat bir nefes almas\u0131n\u0131, ocakta yeme\u011finin pi\u015fmesini, \u00e7ocu\u011funu okula g\u00f6ndermesini sa\u011fl\u0131yorsak, o \u00e7ocuklara bir gelecek kurabiliyorsak ne mutlu bize\u201d dedi. Ama\u00e7lar\u0131n\u0131n insanlar\u0131n do\u011fdu\u011fu, b\u00fcy\u00fcd\u00fc\u011f\u00fc ya da ya\u015famak istedi\u011fi yerde gelecek kurmas\u0131n\u0131 sa\u011flamak oldu\u011funu s\u00f6yleyen Y\u00fcceer, \u201cBunu yaparken de tabi ki \u015fehrimizi g\u00fczelle\u015ftirmek istiyoruz. Ye\u015fil alanlar, do\u011falar, ormanlar, parklar bizim olmazsa olmaz\u0131m\u0131z. Ben de ye\u015fil kentleri \u00e7ok seviyorum ve ger\u00e7ekten Mersin\u2019i \u00e7ok ye\u015fil, huzurlu ve mutlu g\u00f6rd\u00fcm. Eminim ki bir sonraki geli\u015fimde g\u00f6rd\u00fc\u011f\u00fcm hizmetlerle Mersinlileri daha huzurlu g\u00f6rece\u011fim. Ger\u00e7ekten \u00e7ok ba\u015far\u0131l\u0131 ve Ba\u015fkan\u0131ma ba\u015far\u0131lar dilerim. Onun yol arkada\u015f\u0131 olmaktan gurur duydum\u201d diye konu\u015ftu. <\/p>\n<p>\u201cB\u00fcy\u00fck\u015fehir\u2019in kad\u0131na verdi\u011fi deste\u011fi \u00e7ok anlaml\u0131 buluyorum\u201d<br \/>\nBa\u015fkan Se\u00e7er\u2019in g\u00f6reve geldi\u011fi 2019 y\u0131l\u0131nda y\u00fczde 18 olan kad\u0131n istihdam\u0131n\u0131 y\u00fczde 24\u2019e \u00e7\u0131karmas\u0131na ili\u015fkin de de\u011ferlendirmeler yapan Y\u00fcceer, \u015fu s\u00f6zlere yer verdi:<br \/>\n\u201cKad\u0131n istihdam\u0131n\u0131 \u00e7ok \u00f6nemsiyorum. Kad\u0131nlara f\u0131rsat verildi\u011finde, en az\u0131ndan o f\u0131rsattaki e\u015fitsizlik giderildi\u011finde, kad\u0131nlar\u0131n ne kadar ba\u015far\u0131l\u0131 olduklar\u0131n\u0131 g\u00f6rmeyi, hayat\u0131n her alan\u0131nda \u00e7ok k\u0131ymetli buluyorum. Kad\u0131n eme\u011fine \u2018Eme\u011fin has\u0131\u2019 diyorum. Dolay\u0131s\u0131yla onlar\u0131 her alanda desteklemeyi, f\u0131rsat e\u015fitli\u011fini sa\u011flayamam\u0131\u015f kad\u0131nlara o kap\u0131y\u0131 a\u00e7abilmeyi, o f\u0131rsat e\u015fitsizli\u011fini giderebilmeyi \u00e7ok anlaml\u0131 buluyorum. Vahap Ba\u015fkan\u0131m\u0131z\u0131n; gerek a\u00e7t\u0131\u011f\u0131 at\u00f6lyelerle, gerek kre\u015f hizmetiyle, gerekse kad\u0131nlar\u0131n e\u011fitim ve \u00f6\u011fretimindeki verdi\u011fi desteklerle, sosyal demokrat belediyecilik ilkeleri ile e\u015fitli\u011fi sa\u011flama noktas\u0131ndaki \u00e7abalar\u0131n\u0131, hizmetlerini \u00e7ok anlaml\u0131 buluyorum.\u201d<\/p>\n<p>Mersin\u2019de kad\u0131nlar\u0131n cam tavanlar\u0131 bir bir y\u0131kt\u0131\u011f\u0131n\u0131 g\u00f6zleriyle g\u00f6rd\u00fc\u011f\u00fcn\u00fc vurgulayan Y\u00fcceer, \u201cT\u00fcrkiye daha g\u00fczel olacaksa, d\u00fcnya daha g\u00fczelle\u015fecekse, kad\u0131n eme\u011fi olmadan, kad\u0131nlar\u0131n e\u015fitli\u011fi olmadan, kad\u0131nlar\u0131n ya\u015fad\u0131\u011f\u0131 \u015fiddetler, cinayetler sonlanmadan m\u00fcmk\u00fcn de\u011fil. Biz demokrasiye inanm\u0131\u015f bireyleriz ama kad\u0131n\u0131n temsiliyetinin olmad\u0131\u011f\u0131, kad\u0131n\u0131n olmad\u0131\u011f\u0131 bir yerde e\u015fit temsilden, demokrasiden bahsedilemez\u201d diyerek, temsildeki adaletsizli\u011fin giderilmesi ve kad\u0131n\u0131n ya\u015fam\u0131n her alan\u0131nda olmas\u0131 gerekti\u011finin alt\u0131n\u0131 \u00e7izdi. <\/p>\n<p>\u201cMersin\u2019de kad\u0131n\u0131n; \u2018Ben de var\u0131m\u2019 dedi\u011fini g\u00f6rd\u00fcm\u201d<br \/>\nKad\u0131n\u0131n para kazanmas\u0131n\u0131n yan\u0131 s\u0131ra hayat\u0131n her alan\u0131nda var olmas\u0131 gerekti\u011fini belirten Y\u00fcceer, \u201cKad\u0131n\u0131n \u2018Ben de var\u0131m\u2019 demesini ve hakk\u0131n\u0131 savunabilmesini \u00e7ok anlaml\u0131 buluyorum. Mersin\u2019de de onu g\u00f6rd\u00fcm, bundan da ayr\u0131 mutluluk duydum\u201d s\u00f6zlerine yer verdi. <\/p>\n<p>Ba\u015fkan Y\u00fcceer B\u00fcy\u00fck\u015fehir\u2019in bir dizi hizmetini yerinde incelendi<br \/>\nBa\u015fkan Y\u00fcceer\u2019in ziyaretleri, Adres Yeni Nesil K\u00fct\u00fcphane ve Panay\u0131r Kafe ile ba\u015flad\u0131. B\u00fcy\u00fck\u015fehir\u2019in MERKON binas\u0131nda yak\u0131nda a\u00e7\u0131l\u0131\u015f\u0131 yap\u0131lacak olan Sosyal Politikalar Ofisi\u2019nin sunumunun ard\u0131ndan, T\u0131rm\u0131l Mesleki E\u011fitim Merkezi ziyaret edildi. Mersin\u2019de engelleri kald\u0131rmak i\u00e7in kurulan Engelsiz Ya\u015fam Merkezi\u2019yle devam eden program; Mersin Su ve Kanalizasyon \u0130daresi Ba\u015fkanl\u0131\u011f\u0131 (MESK\u0130), SCADA Merkezi, mahallelinin her ihtiyac\u0131na cevap veren Halkkent Sosyal Ya\u015fam Merkezi, kad\u0131nlar\u0131n hayat\u0131n her alan\u0131nda aktif kalmas\u0131 ve eme\u011finin de\u011ferlendirilmesi i\u00e7in faaliyetlerini s\u00fcrd\u00fcren Mersin Kad\u0131n Giri\u015fimi \u00dcretim ve \u0130\u015fletme Kooperatifi ile \u00e7ocuklara \u00e7evre bilinci a\u015f\u0131layan Mercan 100. Y\u0131l \u0130klim ve \u00c7evre Bilim Merkezi\u2019yle son buldu. <\/p>\n<p>Ba\u015fkan Y\u00fcceer incelemelerinin ard\u0131ndan Mersin B\u00fcy\u00fck\u015fehir Belediye Ba\u015fkan\u0131 Vahap Se\u00e7er\u2019i makam\u0131nda ziyaret ederek, fikir al\u0131\u015fveri\u015finde bulundu. <\/p>\n","protected":false},"excerpt":{"rendered":"<p>Mersin\u2019de ya\u015fayan vatanda\u015flar\u0131n her an\u0131nda yan\u0131nda olmak i\u00e7in hizmetlerine 7\/24 ara vermeden devam eden Mersin B\u00fcy\u00fck\u015fehir Belediyesi\u2019nin hizmetleri, t\u00fcm T\u00fcrkiye\u2019ye \u00f6rnek olmaya devam ediyor. \u2018Do\u011fumdan \u00f6l\u00fcme kadar her an\u0131n\u0131zda Mersin &hellip; <a href=\"https:\/\/akdenizolaygazetesi.com\/?p=32111\" class=\"more-link\">Devam\u0131n\u0131 Oku&#8230;<\/a><\/p>\n","protected":false},"author":2,"featured_media":32112,"comment_status":"open","ping_status":"open","sticky":false,"template":"","format":"standard","meta":[],"categories":[1,2,3],"tags":[],"_links":{"self":[{"href":"https:\/\/akdenizolaygazetesi.com\/index.php?rest_route=\/wp\/v2\/posts\/32111"}],"collection":[{"href":"https:\/\/akdenizolaygazetesi.com\/index.php?rest_route=\/wp\/v2\/posts"}],"about":[{"href":"https:\/\/akdenizolaygazetesi.com\/index.php?rest_route=\/wp\/v2\/types\/post"}],"author":[{"embeddable":true,"href":"https:\/\/akdenizolaygazetesi.com\/index.php?rest_route=\/wp\/v2\/users\/2"}],"replies":[{"embeddable":true,"href":"https:\/\/akdenizolaygazetesi.com\/index.php?rest_route=%2Fwp%2Fv2%2Fcomments&post=32111"}],"version-history":[{"count":1,"href":"https:\/\/akdenizolaygazetesi.com\/index.php?rest_route=\/wp\/v2\/posts\/32111\/revisions"}],"predecessor-version":[{"id":32113,"href":"https:\/\/akdenizolaygazetesi.com\/index.php?rest_route=\/wp\/v2\/posts\/32111\/revisions\/32113"}],"wp:featuredmedia":[{"embeddable":true,"href":"https:\/\/akdenizolaygazetesi.com\/index.php?rest_route=\/wp\/v2\/media\/32112"}],"wp:attachment":[{"href":"https:\/\/akdenizolaygazetesi.com\/index.php?rest_route=%2Fwp%2Fv2%2Fmedia&parent=32111"}],"wp:term":[{"taxonomy":"category","embeddable":true,"href":"https:\/\/akdenizolaygazetesi.com\/index.php?rest_route=%2Fwp%2Fv2%2Fcategories&post=32111"},{"taxonomy":"post_tag","embeddable":true,"href":"https:\/\/akdenizolaygazetesi.com\/index.php?rest_route=%2Fwp%2Fv2%2Ftags&post=32111"}],"curies":[{"name":"wp","href":"https:\/\/api.w.org\/{rel}","templated":true}]}}