{"id":32114,"date":"2024-10-01T13:08:55","date_gmt":"2024-10-01T10:08:55","guid":{"rendered":"http:\/\/akdenizolaygazetesi.com\/?p=32114"},"modified":"2024-10-01T13:08:55","modified_gmt":"2024-10-01T10:08:55","slug":"deva-partili-ekmen-uyusturucu-ile-mucadele-dernegini-ziyaret-etti-yasam-koyu-kurulmasi-icin-destek-sozu-verdi","status":"publish","type":"post","link":"https:\/\/akdenizolaygazetesi.com\/?p=32114","title":{"rendered":"DEVA Partili Ekmen, Uyu\u015fturucu ile M\u00fccadele Derne\u011fini ziyaret etti, Ya\u015fam K\u00f6y\u00fc kurulmas\u0131 i\u00e7in destek s\u00f6z\u00fc verdi"},"content":{"rendered":"<p>DEVA Partisi Genel Ba\u015fkan Yard\u0131mc\u0131s\u0131 Mehmet Emin Ekmen, Mersin Uyu\u015fturucu Ba\u011f\u0131ml\u0131l\u0131\u011f\u0131 ile M\u00fccadele Eden Aileler Derne\u011fini ziyaret ederek, dernek y\u00f6neticilerinden ba\u011f\u0131ml\u0131l\u0131kla ilgili bilgi ald\u0131 ve Mersin\u2019e \u2018Ya\u015fam K\u00f6y\u00fc\u2019 kurulmas\u0131 i\u00e7in destek s\u00f6z\u00fc verdi.<\/p>\n<p>DEVA Partisi Genel Ba\u015fkan Yard\u0131mc\u0131s\u0131 ve Mersin Milletvekili Mehmet Emin Ekmen, Mersin Uyu\u015fturucu Ba\u011f\u0131ml\u0131l\u0131\u011f\u0131 ile M\u00fccadele Eden Aileler Derne\u011fi Ba\u015fkan\u0131 Kamuran Bilen ve dernek y\u00f6neticilerini ziyaret etti. \u00dclkenin en \u00f6nemli sorunlar\u0131ndan biri olan uyu\u015fturucu ba\u011f\u0131ml\u0131l\u0131\u011f\u0131yla ilgili y\u00fcr\u00fct\u00fclen m\u00fccadele hakk\u0131nda bilgi alan Ekmen, derne\u011fin verdi\u011fi m\u00fccadeleyi takdir etti. <\/p>\n<p>\u00d6ncelikli g\u00fcndemin her t\u00fcrl\u00fc uyu\u015fturucu maddenin yurda giri\u015finin, \u00fcretiminin, sat\u0131\u015f\u0131n\u0131n engellenmesi olmas\u0131 gerekirken, \u00e7aresiz bir \u015fekilde tedavinin konu\u015fuluyor olmas\u0131n\u0131n da \u00fcz\u00fcc\u00fc oldu\u011funu belirten Ekmen, ke\u015fke uyu\u015fturucuyu kayna\u011f\u0131nda engelleyerek gen\u00e7lerin m\u00fcptela olmas\u0131n\u0131 engelleyebilsek\u201d dedi. <\/p>\n<p>Ekmen\u2019den Ya\u015fam K\u00f6y\u00fc\u2019ne destek<\/p>\n<p>Dernek Ba\u015fkan\u0131 Bilen, Alkol ve Madde Ba\u011f\u0131ml\u0131l\u0131\u011f\u0131 Tedavi Merkezlerinin (AMATEM) yetersiz kald\u0131\u011f\u0131na dikkat \u00e7ekerek, Mersin\u2019de bir \u2018Ya\u015fam K\u00f6y\u00fc\u2019n\u00fcn kurulmas\u0131 gerekti\u011fini ifade etti. Bilen, AMATEM\u2019in ge\u00e7ici ve k\u0131sa s\u00fcreli tedaviye odakland\u0131\u011f\u0131n\u0131 oysa ba\u011f\u0131ml\u0131lar\u0131n daha uzun s\u00fcreli rehabilitasyon, sosyalle\u015fme ve kesin tedaviye ihtiya\u00e7 duydu\u011funu Ya\u015fam K\u00f6ylerinin bu nedenle \u00f6nemli oldu\u011funu belirtti. <\/p>\n<p>Siirt\u2019liler Vakf\u0131n\u0131 ziyarette Vak\u0131f \u015eube Ba\u015fkan\u0131 Zafer \u015eahin \u00d6zturan\u2019\u0131n da ya\u015fam k\u00f6y\u00fc kurulmas\u0131n\u0131n \u00f6nemini ifade etti\u011fini belirten Ekmen, ya\u015fam k\u00f6y\u00fcn\u00fcn kurulmas\u0131 i\u00e7in milletvekilleri ve Mersin B\u00fcy\u00fck\u015fehir Belediye Ba\u015fkan\u0131 Vahap Se\u00e7er nezdinde konuyu g\u00fcndeme getirece\u011fini ve takip edece\u011fini belirtti. <\/p>\n<p>Ekmen, \u201cBa\u011f\u0131ml\u0131 bireylerin ve ailelerinin bu zor s\u00fcre\u00e7te yaln\u0131z b\u0131rak\u0131lmamas\u0131 i\u00e7in gereken deste\u011fi vermeye devam edece\u011fiz. Toplumda bu m\u00fccadeleyi g\u00fc\u00e7lendirecek projeler geli\u015ftirmeliyiz,\u201d dedi.<\/p>\n<p>Ekmen, toplumsal bilin\u00e7lendirmeye dikkat \u00e7ekti<\/p>\n<p>Ekmen, uyu\u015fturucu ba\u011f\u0131ml\u0131l\u0131\u011f\u0131 ile m\u00fccadelede toplumsal bilin\u00e7lendirme \u00e7al\u0131\u015fmalar\u0131n\u0131n art\u0131r\u0131lmas\u0131n\u0131n gereklili\u011fine i\u015faret ederek, bu m\u00fccadeleyi her a\u00e7\u0131dan destekleyeceklerini belirtti.<\/p>\n<p>\u201cSeferberlik ilan edilmeli!\u201d<\/p>\n<p>Dernek y\u00f6neticileri de uyu\u015fturucu ba\u011f\u0131ml\u0131l\u0131\u011f\u0131yla m\u00fccadelede ya\u015fad\u0131klar\u0131 zorluklar\u0131 ve ihtiya\u00e7lar\u0131 dile getirdi. Dernek Ba\u015fkan\u0131 Kamuran Bilen, ba\u011f\u0131ml\u0131l\u0131kla m\u00fccadelede tedavi s\u00fcre\u00e7lerinin yetersiz kald\u0131\u011f\u0131n\u0131 vurgulayarak, cezalar\u0131n cayd\u0131r\u0131c\u0131 olmamas\u0131 nedeniyle sorunlar\u0131n daha da b\u00fcy\u00fcd\u00fc\u011f\u00fcne dikkat \u00e7ekti. Bilen, \u201cBa\u011f\u0131ml\u0131 bireyler do\u011fru tedavi edilmedik\u00e7e, hem kendilerine hem de ailelerine zarar veriyorlar, \u00e7evrelerine zarar veriyorlar. Uyu\u015fturucu ile m\u00fccadele i\u00e7in seferberlik ilan edilmelidir!\u201d dedi.<\/p>\n<p>\u201cRehabilitasyon deste\u011fi gerekli\u201d<\/p>\n<p>Bilen, ayr\u0131ca toplumda uyu\u015fturucu madde kullan\u0131m\u0131na kar\u015f\u0131 fark\u0131ndal\u0131k yaratman\u0131n \u00f6nemini vurgulad\u0131 ve \u00f6zellikle e\u011fitici programlar ile gen\u00e7leri koruma ve rehabilitasyon s\u00fcre\u00e7lerinin desteklenmesi gerekti\u011fine dikkat \u00e7ekti.<\/p>\n<p>Ekmen son olarak TBMM zemininde de konunun yak\u0131ndan takip\u00e7isi olaca\u011f\u0131n\u0131 belirtti.<\/p>\n","protected":false},"excerpt":{"rendered":"<p>DEVA Partisi Genel Ba\u015fkan Yard\u0131mc\u0131s\u0131 Mehmet Emin Ekmen, Mersin Uyu\u015fturucu Ba\u011f\u0131ml\u0131l\u0131\u011f\u0131 ile M\u00fccadele Eden Aileler Derne\u011fini ziyaret ederek, dernek y\u00f6neticilerinden ba\u011f\u0131ml\u0131l\u0131kla ilgili bilgi ald\u0131 ve Mersin\u2019e \u2018Ya\u015fam K\u00f6y\u00fc\u2019 kurulmas\u0131 i\u00e7in &hellip; <a href=\"https:\/\/akdenizolaygazetesi.com\/?p=32114\" class=\"more-link\">Devam\u0131n\u0131 Oku&#8230;<\/a><\/p>\n","protected":false},"author":2,"featured_media":31099,"comment_status":"open","ping_status":"open","sticky":false,"template":"","format":"standard","meta":[],"categories":[1,2,3],"tags":[],"_links":{"self":[{"href":"https:\/\/akdenizolaygazetesi.com\/index.php?rest_route=\/wp\/v2\/posts\/32114"}],"collection":[{"href":"https:\/\/akdenizolaygazetesi.com\/index.php?rest_route=\/wp\/v2\/posts"}],"about":[{"href":"https:\/\/akdenizolaygazetesi.com\/index.php?rest_route=\/wp\/v2\/types\/post"}],"author":[{"embeddable":true,"href":"https:\/\/akdenizolaygazetesi.com\/index.php?rest_route=\/wp\/v2\/users\/2"}],"replies":[{"embeddable":true,"href":"https:\/\/akdenizolaygazetesi.com\/index.php?rest_route=%2Fwp%2Fv2%2Fcomments&post=32114"}],"version-history":[{"count":1,"href":"https:\/\/akdenizolaygazetesi.com\/index.php?rest_route=\/wp\/v2\/posts\/32114\/revisions"}],"predecessor-version":[{"id":32115,"href":"https:\/\/akdenizolaygazetesi.com\/index.php?rest_route=\/wp\/v2\/posts\/32114\/revisions\/32115"}],"wp:featuredmedia":[{"embeddable":true,"href":"https:\/\/akdenizolaygazetesi.com\/index.php?rest_route=\/wp\/v2\/media\/31099"}],"wp:attachment":[{"href":"https:\/\/akdenizolaygazetesi.com\/index.php?rest_route=%2Fwp%2Fv2%2Fmedia&parent=32114"}],"wp:term":[{"taxonomy":"category","embeddable":true,"href":"https:\/\/akdenizolaygazetesi.com\/index.php?rest_route=%2Fwp%2Fv2%2Fcategories&post=32114"},{"taxonomy":"post_tag","embeddable":true,"href":"https:\/\/akdenizolaygazetesi.com\/index.php?rest_route=%2Fwp%2Fv2%2Ftags&post=32114"}],"curies":[{"name":"wp","href":"https:\/\/api.w.org\/{rel}","templated":true}]}}