{"id":32117,"date":"2024-10-01T13:11:15","date_gmt":"2024-10-01T10:11:15","guid":{"rendered":"http:\/\/akdenizolaygazetesi.com\/?p=32117"},"modified":"2024-10-01T13:11:15","modified_gmt":"2024-10-01T10:11:15","slug":"baskan-tuncerden-ornek-hareket-mezitlide-yardimlar-kapi-kapi-dagitildi","status":"publish","type":"post","link":"https:\/\/akdenizolaygazetesi.com\/?p=32117","title":{"rendered":"BA\u015eKAN TUNCER\u2019DEN \u00d6RNEK HAREKET, MEZ\u0130TL\u0130\u2019DE YARDIMLAR KAPI KAPI DA\u011eITILDI"},"content":{"rendered":"<p>Mezitli Belediyesi taraf\u0131ndan y\u00fcr\u00fct\u00fclen sosyal yard\u0131mlar kapsam\u0131nda, ihtiya\u00e7 sahibi vatanda\u015flara erzak kolisi da\u011f\u0131t\u0131m\u0131 ger\u00e7ekle\u015ftirildi. Ba\u015fkan Tuncer, belediye ekipleriyle birlikte sahaya inerek, kap\u0131 kap\u0131 dola\u015f\u0131p erzak kutular\u0131n\u0131 bizzat teslim etti. Yard\u0131mlar\u0131n ula\u015ft\u0131r\u0131lmas\u0131 s\u0131ras\u0131nda Mezitli Belediye Ba\u015fkan\u0131 Ahmet Serkan Tuncer, vatanda\u015flarla birebir g\u00f6r\u00fc\u015ferek hem ihtiya\u00e7lar\u0131n\u0131 dinledi hem de her zaman yanlar\u0131nda olacaklar\u0131n\u0131 belirtti.<\/p>\n<p>&#8220;HEP B\u0130RL\u0130KTE \u0130Y\u0130L\u0130\u011e\u0130 PAYLA\u015eIYOR, B\u0130RL\u0130KTEN G\u00dc\u00c7 ALIYORUZ&#8221;<\/p>\n<p>Ba\u015fkan Tuncer, sosyal belediyecilik anlay\u0131\u015f\u0131yla yard\u0131mlar\u0131n \u00f6nemine dikkat \u00e7ekerek: &#8220;Belediyemiz, zor g\u00fcnlerden ge\u00e7en vatanda\u015flar\u0131m\u0131z\u0131n yan\u0131nda olmaya her zaman devam edecektir. Yard\u0131m faaliyetlerimizi art\u0131rarak s\u00fcrd\u00fcrece\u011fiz ve halk\u0131m\u0131z\u0131n ihtiya\u00e7lar\u0131n\u0131 kar\u015f\u0131lamak i\u00e7in var g\u00fcc\u00fcm\u00fczle \u00e7al\u0131\u015faca\u011f\u0131z.Sosyal belediyecilik anlay\u0131\u015f\u0131m\u0131zla hanelerimize dokunmaya, y\u00fczlerde tebess\u00fcm olu\u015fturmaya devam ediyoruz. Her bir kap\u0131y\u0131 \u00e7alarken, payla\u015fmay\u0131 seviyoruz, dayan\u0131\u015fmam\u0131z\u0131n s\u0131cakl\u0131\u011f\u0131n\u0131 da ula\u015ft\u0131r\u0131yoruz. Vatanda\u015flar\u0131m\u0131z\u0131n yan\u0131nda olmak, onlara yaln\u0131z olmad\u0131klar\u0131n\u0131 hissettirmek bizim en b\u00fcy\u00fck sorumlulu\u011fumuz. Bug\u00fcn de Mezitli&#8217;nin sokaklar\u0131nda, mahallelerinde kap\u0131 kap\u0131 gezerek kom\u015fular\u0131m\u0131za umut ta\u015f\u0131d\u0131k. Hep birlikte iyili\u011fi payla\u015f\u0131yor, birlikten g\u00fc\u00e7 al\u0131yoruz. \u00c7\u00fcnk\u00fc Mezitli&#8217;de biz, b\u00fcy\u00fck bir aileyiz.&#8221; dedi.<\/p>\n<p>Mezitli Belediyesi, sosyal dayan\u0131\u015fma anlay\u0131\u015f\u0131n\u0131 peki\u015ftirerek, vatanda\u015flar\u0131n hem maddi hem de manevi ihtiya\u00e7lar\u0131n\u0131 kar\u015f\u0131lamaya y\u00f6nelik \u00e7al\u0131\u015fmalara aral\u0131ks\u0131z devam ediyor.<\/p>\n","protected":false},"excerpt":{"rendered":"<p>Mezitli Belediyesi taraf\u0131ndan y\u00fcr\u00fct\u00fclen sosyal yard\u0131mlar kapsam\u0131nda, ihtiya\u00e7 sahibi vatanda\u015flara erzak kolisi da\u011f\u0131t\u0131m\u0131 ger\u00e7ekle\u015ftirildi. Ba\u015fkan Tuncer, belediye ekipleriyle birlikte sahaya inerek, kap\u0131 kap\u0131 dola\u015f\u0131p erzak kutular\u0131n\u0131 bizzat teslim etti. Yard\u0131mlar\u0131n &hellip; <a href=\"https:\/\/akdenizolaygazetesi.com\/?p=32117\" class=\"more-link\">Devam\u0131n\u0131 Oku&#8230;<\/a><\/p>\n","protected":false},"author":2,"featured_media":32118,"comment_status":"open","ping_status":"open","sticky":false,"template":"","format":"standard","meta":[],"categories":[1],"tags":[],"_links":{"self":[{"href":"https:\/\/akdenizolaygazetesi.com\/index.php?rest_route=\/wp\/v2\/posts\/32117"}],"collection":[{"href":"https:\/\/akdenizolaygazetesi.com\/index.php?rest_route=\/wp\/v2\/posts"}],"about":[{"href":"https:\/\/akdenizolaygazetesi.com\/index.php?rest_route=\/wp\/v2\/types\/post"}],"author":[{"embeddable":true,"href":"https:\/\/akdenizolaygazetesi.com\/index.php?rest_route=\/wp\/v2\/users\/2"}],"replies":[{"embeddable":true,"href":"https:\/\/akdenizolaygazetesi.com\/index.php?rest_route=%2Fwp%2Fv2%2Fcomments&post=32117"}],"version-history":[{"count":1,"href":"https:\/\/akdenizolaygazetesi.com\/index.php?rest_route=\/wp\/v2\/posts\/32117\/revisions"}],"predecessor-version":[{"id":32119,"href":"https:\/\/akdenizolaygazetesi.com\/index.php?rest_route=\/wp\/v2\/posts\/32117\/revisions\/32119"}],"wp:featuredmedia":[{"embeddable":true,"href":"https:\/\/akdenizolaygazetesi.com\/index.php?rest_route=\/wp\/v2\/media\/32118"}],"wp:attachment":[{"href":"https:\/\/akdenizolaygazetesi.com\/index.php?rest_route=%2Fwp%2Fv2%2Fmedia&parent=32117"}],"wp:term":[{"taxonomy":"category","embeddable":true,"href":"https:\/\/akdenizolaygazetesi.com\/index.php?rest_route=%2Fwp%2Fv2%2Fcategories&post=32117"},{"taxonomy":"post_tag","embeddable":true,"href":"https:\/\/akdenizolaygazetesi.com\/index.php?rest_route=%2Fwp%2Fv2%2Ftags&post=32117"}],"curies":[{"name":"wp","href":"https:\/\/api.w.org\/{rel}","templated":true}]}}