{"id":32170,"date":"2024-10-02T13:55:54","date_gmt":"2024-10-02T10:55:54","guid":{"rendered":"http:\/\/akdenizolaygazetesi.com\/?p=32170"},"modified":"2024-10-02T13:55:54","modified_gmt":"2024-10-02T10:55:54","slug":"deva-partili-ekmen-muhalefet-ve-iktidar-demeden-mersin-icin-bir-araya-gelmeliyiz","status":"publish","type":"post","link":"https:\/\/akdenizolaygazetesi.com\/?p=32170","title":{"rendered":"DEVA Partili Ekmen: Muhalefet ve iktidar demeden Mersin i\u00e7in bir araya gelmeliyiz"},"content":{"rendered":"<p>DEVA Partisi Genel Ba\u015fkan Yard\u0131mc\u0131s\u0131 Mehmet Emin Ekmen, Mersinli Youtube kanal\u0131nda \u201cB\u00fclent \u00d6zcan ile \u0130yi T\u0131ra\u015f\u201d program\u0131na kat\u0131larak, hem sa\u00e7 t\u0131ra\u015f\u0131 oldu hem sorular\u0131 yan\u0131tlad\u0131. Mersin\u2019in ekonomik olarak \u00e7ok b\u00fcy\u00fck bir potansiyele sahip oldu\u011funu s\u00f6yleyen Ekmen, tar\u0131m, turizm, k\u00fclt\u00fcr, lojistik ve sanayi alanlar\u0131nda faaliyet g\u00f6stermesine ra\u011fmen herhangi bir alanda markala\u015famad\u0131\u011f\u0131n\u0131 dile getirerek, \u201cDevlet Mersin&#8217;e rahmet nazar\u0131yla baksa, ihmal etmese hatta yer yer cezaland\u0131rmasa; Mersin bug\u00fcnk\u00fc potansiyelini be\u015fe katlar.\u201d dedi.  <\/p>\n<p>Mersin\u2019de 13 milletvekilinin 8\u2019inin farkl\u0131 partide oldu\u011funu aktaran Ekmen, farkl\u0131 partilerde bulunan milletvekillerin Mersin i\u00e7in avantaja d\u00f6n\u00fc\u015ft\u00fcr\u00fclebilece\u011finin alt\u0131n\u0131 \u00e7izerek, \u201cMuhalefet ve iktidar ayr\u0131m\u0131 yapmadan Mersin\u2019in problemleri konusunda bir araya gelmeliyiz. \u00d6zellikle ana konteyn\u0131r liman\u0131, turizm problemleri, tar\u0131m problemleri konusunda bir araya gelirsek yol alabiliriz.\u201d diye konu\u015ftu.<\/p>\n<p>DEVA Partisi Genel Ba\u015fkan Yard\u0131mc\u0131s\u0131 ve Mersin Milletvekili Mehmet Emin Ekmen, Mersin\u2019in sorunlar\u0131n\u0131n konu\u015fuldu\u011fu Mersinli Youtube kanal\u0131nda B\u00fclent \u00d6zcan\u2019\u0131n haz\u0131rlay\u0131p sundu\u011fu \u201c\u0130yi T\u0131ra\u015f\u201d program\u0131na konuk oldu. Berber koltu\u011funda sa\u00e7 t\u0131ra\u015f\u0131 olurken sorulan sorulara yan\u0131t veren Ekmen, Mersin ba\u015fta olmak \u00fczere \u00fclke g\u00fcndemiyle ilgili de\u011ferlendirmeler bulundu.  <\/p>\n<p>MERS\u0130N\u2019E DESTEK VER\u0130LSE POTANS\u0130YEL\u0130N\u0130 BE\u015eE KATLAR<\/p>\n<p>Mersin\u2019in ekonomik olarak \u00e7ok b\u00fcy\u00fck potansiyele sahip oldu\u011funu s\u00f6yleyen Ekmen, Mersin\u2019in tar\u0131m, turizm, k\u00fclt\u00fcr, lojistik ve sanayi alanlar\u0131nda faaliyet g\u00f6stermesine ra\u011fmen herhangi bir alanda markala\u015famad\u0131\u011f\u0131n\u0131 dile getirdi. Ekmen, \u201cGe\u00e7en y\u0131l narenciyenin limonu, portakal\u0131 bah\u00e7ede kald\u0131. Mersin&#8217;de al\u0131m yapan bir tane meyve suyu fabrikas\u0131 var. Oysa d\u00fcnyan\u0131n her yerinde portakal, limon, meyve suyu olarak t\u00fcketilir ve burada rahatl\u0131kla, do\u011frudan paketlenmi\u015f ya da konsantre haliyle d\u00fcnya pazarlar\u0131na sunulabilir. Burada da eksi\u011fimiz var. Devlet Mersin&#8217;e \u015f\u00f6yle bir rahmet nazar\u0131yla baksa, ihmal etmese hatta yer yer cezaland\u0131rmasa, bu meseleleri ele alsa Mersin bug\u00fcnk\u00fc potansiyelini be\u015fe katlar\u201d ifadelerini kulland\u0131. <\/p>\n<p>NARENC\u0130YE ALIM GARANT\u0130S\u0130 VER\u0130LS\u0130N<\/p>\n<p>Bir\u00e7ok \u00fcr\u00fcnde al\u0131m garantisi veren kurumlar\u0131n oldu\u011funu s\u00f6yleyen Ekmen, narenciye de s\u00f6z konusu al\u0131m garantisinin olmamas\u0131n\u0131 ele\u015ftirerek, \u015f\u00f6yle devam etti; \u201cToprak Mahsulleri Ofisi veyahut da Tar\u0131m Kredi Kooperatifleri Genel M\u00fcd\u00fcrl\u00fc\u011f\u00fc bu y\u00f6nde yetkilendirilebilir. Ama bu olmay\u0131nca ne oldu? Ge\u00e7en y\u0131l limon, portakal bah\u00e7ede 1 lira, toplamak 2 lira, \u0130stanbul&#8217;u Ankara&#8217;ya g\u00f6ndermek 3 lira. B\u00f6yle olunca bah\u00e7ede \u00e7\u00fcr\u00fcd\u00fc. Bir\u00e7ok ki\u015fi bah\u00e7ede a\u011fa\u00e7lar\u0131n\u0131 s\u00f6kt\u00fc ve narenciye ciddi bir darbe, ciddi bir yara alm\u0131\u015f oldu.\u201d <\/p>\n<p>MERS\u0130N\u2019\u0130N PROBLEMLER\u0130 \u0130\u00c7\u0130N B\u0130R ARAYA GELMEL\u0130Y\u0130Z!<\/p>\n<p>Ekmen, Mersin siyasetinin \u00e7ok renkli oldu\u011funu ifade ederek, kentteki 13 milletvekilinin 8\u2019inin farkl\u0131 partide oldu\u011funa dikkat \u00e7ekti. Farkl\u0131 partilerde bulunan milletvekillerin Mersin i\u00e7in avantaja d\u00f6n\u00fc\u015ft\u00fcr\u00fclebilece\u011fini s\u00f6yleyen Ekmen, \u201cMuhalefet ve iktidar ayr\u0131m\u0131 yapmadan Mersin\u2019in problemleri konusunda bir araya gelmeliyiz. \u00d6zellikle ana konteyn\u0131r liman\u0131, turizm problemleri, tar\u0131m problemleri konusunda bir araya gelirsek yol alabiliriz. Bu konuda \u00e7ok g\u00fc\u00e7l\u00fc bir talep de var. Ama maalesef bug\u00fcne kadar bakt\u0131\u011f\u0131m\u0131zda bunun bir kar\u015f\u0131l\u0131\u011f\u0131n\u0131 g\u00f6rm\u00fcyoruz. Biz siyaset\u00e7iyiz. Bizim \u00e7a\u011fr\u0131 yapmam\u0131z bir siyasi rekabet konusu olabilir diye Mersin Ticaret Odas\u0131&#8217;na, MES\u0130AD\u2019a ve di\u011fer sivil toplum \u00f6rg\u00fctlerine milletvekillerini bir araya davet etme hususunda bir sorumluluk y\u00fckledik. Ama maalesef bug\u00fcne kadar b\u00f6yle bir ad\u0131m at\u0131lamad\u0131. Ben arac\u0131l\u0131\u011f\u0131n\u0131zla bir kere daha 13 milletvekiline Mersin&#8217;in bug\u00fcn\u00fc ve yar\u0131n\u0131 i\u00e7in bir masaya davet eden bir \u00e7a\u011fr\u0131ya icabet edece\u011fimi bildiriyorum\u201d de\u011ferlendirmesindebulundu.<\/p>\n","protected":false},"excerpt":{"rendered":"<p>DEVA Partisi Genel Ba\u015fkan Yard\u0131mc\u0131s\u0131 Mehmet Emin Ekmen, Mersinli Youtube kanal\u0131nda \u201cB\u00fclent \u00d6zcan ile \u0130yi T\u0131ra\u015f\u201d program\u0131na kat\u0131larak, hem sa\u00e7 t\u0131ra\u015f\u0131 oldu hem sorular\u0131 yan\u0131tlad\u0131. Mersin\u2019in ekonomik olarak \u00e7ok b\u00fcy\u00fck &hellip; <a href=\"https:\/\/akdenizolaygazetesi.com\/?p=32170\" class=\"more-link\">Devam\u0131n\u0131 Oku&#8230;<\/a><\/p>\n","protected":false},"author":2,"featured_media":31178,"comment_status":"open","ping_status":"open","sticky":false,"template":"","format":"standard","meta":[],"categories":[1,2,3],"tags":[],"_links":{"self":[{"href":"https:\/\/akdenizolaygazetesi.com\/index.php?rest_route=\/wp\/v2\/posts\/32170"}],"collection":[{"href":"https:\/\/akdenizolaygazetesi.com\/index.php?rest_route=\/wp\/v2\/posts"}],"about":[{"href":"https:\/\/akdenizolaygazetesi.com\/index.php?rest_route=\/wp\/v2\/types\/post"}],"author":[{"embeddable":true,"href":"https:\/\/akdenizolaygazetesi.com\/index.php?rest_route=\/wp\/v2\/users\/2"}],"replies":[{"embeddable":true,"href":"https:\/\/akdenizolaygazetesi.com\/index.php?rest_route=%2Fwp%2Fv2%2Fcomments&post=32170"}],"version-history":[{"count":1,"href":"https:\/\/akdenizolaygazetesi.com\/index.php?rest_route=\/wp\/v2\/posts\/32170\/revisions"}],"predecessor-version":[{"id":32171,"href":"https:\/\/akdenizolaygazetesi.com\/index.php?rest_route=\/wp\/v2\/posts\/32170\/revisions\/32171"}],"wp:featuredmedia":[{"embeddable":true,"href":"https:\/\/akdenizolaygazetesi.com\/index.php?rest_route=\/wp\/v2\/media\/31178"}],"wp:attachment":[{"href":"https:\/\/akdenizolaygazetesi.com\/index.php?rest_route=%2Fwp%2Fv2%2Fmedia&parent=32170"}],"wp:term":[{"taxonomy":"category","embeddable":true,"href":"https:\/\/akdenizolaygazetesi.com\/index.php?rest_route=%2Fwp%2Fv2%2Fcategories&post=32170"},{"taxonomy":"post_tag","embeddable":true,"href":"https:\/\/akdenizolaygazetesi.com\/index.php?rest_route=%2Fwp%2Fv2%2Ftags&post=32170"}],"curies":[{"name":"wp","href":"https:\/\/api.w.org\/{rel}","templated":true}]}}