{"id":32175,"date":"2024-10-03T16:06:18","date_gmt":"2024-10-03T13:06:18","guid":{"rendered":"http:\/\/akdenizolaygazetesi.com\/?p=32175"},"modified":"2024-10-03T16:06:18","modified_gmt":"2024-10-03T13:06:18","slug":"ankara-beypazarinda-mersin-ruzgari-esti","status":"publish","type":"post","link":"https:\/\/akdenizolaygazetesi.com\/?p=32175","title":{"rendered":"ANKARA BEYPAZARI&#8217;NDA MERS\u0130N R\u00dcZG\u00c2RI EST\u0130"},"content":{"rendered":"<p>Mersin B\u00fcy\u00fck\u015fehir Belediyesi, Beypazar\u0131 Belediyesi taraf\u0131ndan d\u00fczenlenen ve Beypazar\u0131&#8217;n\u0131n tarihi, k\u00fclt\u00fcrel zenginliklerinin b\u00fct\u00fcn d\u00fcnyayla bulu\u015fturuldu\u011fu\u00a0&#8217;27. Uluslararas\u0131 Beypazar\u0131 Festivali&#8217;ne kat\u0131l\u0131m sa\u011flad\u0131. Festivalde Mersin B\u00fcy\u00fck\u015fehir Belediyesi ile birlikte Mersinden Kad\u0131n Kooperatifi de yer ald\u0131. Festival 27-29 Eyl\u00fcl tarihleri aras\u0131nda ger\u00e7ekle\u015fti. Mersin B\u00fcy\u00fck\u015fehir Belediyesi, festivalde kurmu\u015f oldu\u011fu stant ile de Ankaral\u0131 vatanda\u015flar\u0131n b\u00fcy\u00fck ilgisini \u00e7ekti.<\/p>\n<p>Mersin B\u00fcy\u00fck\u015fehir Belediyesi, Beypazar\u0131 Belediyesi taraf\u0131ndan d\u00fczenlenen ve Beypazar\u0131&#8217;n\u0131n tarihi, k\u00fclt\u00fcrel zenginliklerinin b\u00fct\u00fcn d\u00fcnyayla bulu\u015fturuldu\u011fu\u00a0&#8217;27. Uluslararas\u0131 Beypazar\u0131 Festivali&#8217;ne kat\u0131l\u0131m sa\u011flad\u0131. Festivalde Mersin B\u00fcy\u00fck\u015fehir Belediyesi K\u00fclt\u00fcr ve Sosyal \u0130\u015fler Dairesi Ba\u015fkanl\u0131\u011f\u0131 ile birlikte Mersinden Kad\u0131n Kooperatifi de yer ald\u0131. Festival 27-29 Eyl\u00fcl tarihleri aras\u0131nda ger\u00e7ekle\u015fti.<\/p>\n<p>Ankara&#8217;da Mersin r\u00fczgar\u0131&#8230;<\/p>\n<p>Ankara&#8217;n\u0131n tarihi dokusu ve do\u011fal g\u00fczellikleriyle \u00fcnl\u00fc il\u00e7esi Beypazar\u0131&#8217;nda d\u00fczenlenen 27. Uluslararas\u0131 Beypazar\u0131 Festivali&#8217;nde adeta Mersin r\u00fczg\u00e2r\u0131 esti. 27. Uluslararas\u0131 Beypazar\u0131 Festivali&#8217;ne kat\u0131larak Mersin&#8217;in tan\u0131t\u0131m\u0131na katk\u0131 sa\u011flayan Mersin B\u00fcy\u00fck\u015fehir Belediyesi, festivalde kurmu\u015f oldu\u011fu stant ile de Ankaral\u0131 vatanda\u015flar\u0131n b\u00fcy\u00fck ilgisini \u00e7ekti. Ankara&#8217;n\u0131n Beypazar\u0131 il\u00e7esinin k\u00fclt\u00fcrel \u00f6\u011felerini bar\u0131nd\u0131ran 27. Uluslararas\u0131 Beypazar\u0131 Festivali&#8217;ne bu y\u0131l ilk kez kat\u0131l\u0131m sa\u011flayan Mersin B\u00fcy\u00fck\u015fehir, kat\u0131l\u0131mc\u0131lardan yo\u011fun ilgi g\u00f6rd\u00fc.<\/p>\n<p>Festival kapsam\u0131nda kurulan Mersin B\u00fcy\u00fck\u015fehir Belediyesi stand\u0131nda hem kooperatiflerin \u00fcr\u00fcnleri sergilenirken hem de Mersin&#8217;in t\u00fcm il\u00e7elerinin anlat\u0131ld\u0131\u011f\u0131 tan\u0131t\u0131m kitap\u00e7\u0131klar\u0131, \u0130ll\u00fcstratif Mersin Turizm Haritas\u0131, Saatlik Rota ve yan\u0131 s\u0131ra Mersin&#8217;in gastronomik \u00fcr\u00fcnlerinin tan\u0131t\u0131ld\u0131\u011f\u0131 Mersin B\u00fcy\u00fck\u015fehir Belediyesi&#8217;nin stand\u0131na vatanda\u015flar yo\u011fun ilgi g\u00f6sterdi.<\/p>\n<p>B\u00fcy\u00fck\u015fehir ekibi, Beypazar\u0131 Belediye Ba\u015fkan\u0131 \u00d6zer Kasap&#8217;\u0131 ziyaret ederek Mersin b\u00fcy\u00fck\u015fehir Belediyesi&#8217;nin \u00e7al\u0131\u015fmalar\u0131n\u0131 aktard\u0131. Ziyarette kendilerinin de meyve kurutma projesi ile ilgilendiklerini belirten Beypazar\u0131 Belediye Ba\u015fkan\u0131 Kasap, en k\u0131sa s\u00fcre i\u00e7erisinde Mersin&#8217;e gelerek g\u00fcne\u015f enerjili kurutma tesisini ziyaret etmek istediklerini belirtti.<\/p>\n<p>\u00a0<\/p>\n<p>Ulusal ve uluslararas\u0131 kat\u0131l\u0131mc\u0131lar bu festivalde bulu\u015ftu<\/p>\n<p>27. Uluslararas\u0131 Beypazar\u0131 Festivali&#8217;ne Mersin B\u00fcy\u00fck\u015fehir Belediyesi&#8217;nin yan\u0131 s\u0131ra; Ayd\u0131n ve \u015eanl\u0131urfa B\u00fcy\u00fck\u015fehir Belediyeleri, Ankara \u00c7ank\u0131r\u0131, Ke\u00e7i\u00f6ren, Alt\u0131nda\u011f, Mamak, \u00c7aml\u0131dere, Nall\u0131han, Aya\u015f,\u00a0\u00a0Kalecik,\u00a0\u00a0\u0130stanbul \u00c7atalca, Karaman Ermenek, Tekirda\u011f Saray, Ordu G\u00fcrgentepe, Hatay Defne, Bolu K\u0131br\u0131sc\u0131k belediyeleri kat\u0131ld\u0131. Festivale ayr\u0131ca; Osetya, Moldova, G\u00fcrcistan, \u0130ran, Ukrayna, Azerbaycan&#8217;dan gelen halk ve dans topluluklar\u0131 kat\u0131ld\u0131.<\/p>\n","protected":false},"excerpt":{"rendered":"<p>Mersin B\u00fcy\u00fck\u015fehir Belediyesi, Beypazar\u0131 Belediyesi taraf\u0131ndan d\u00fczenlenen ve Beypazar\u0131&#8217;n\u0131n tarihi, k\u00fclt\u00fcrel zenginliklerinin b\u00fct\u00fcn d\u00fcnyayla bulu\u015fturuldu\u011fu\u00a0&#8217;27. Uluslararas\u0131 Beypazar\u0131 Festivali&#8217;ne kat\u0131l\u0131m sa\u011flad\u0131. Festivalde Mersin B\u00fcy\u00fck\u015fehir Belediyesi ile birlikte Mersinden Kad\u0131n Kooperatifi de &hellip; <a href=\"https:\/\/akdenizolaygazetesi.com\/?p=32175\" class=\"more-link\">Devam\u0131n\u0131 Oku&#8230;<\/a><\/p>\n","protected":false},"author":2,"featured_media":32176,"comment_status":"open","ping_status":"open","sticky":false,"template":"","format":"standard","meta":[],"categories":[1,2,3],"tags":[],"_links":{"self":[{"href":"https:\/\/akdenizolaygazetesi.com\/index.php?rest_route=\/wp\/v2\/posts\/32175"}],"collection":[{"href":"https:\/\/akdenizolaygazetesi.com\/index.php?rest_route=\/wp\/v2\/posts"}],"about":[{"href":"https:\/\/akdenizolaygazetesi.com\/index.php?rest_route=\/wp\/v2\/types\/post"}],"author":[{"embeddable":true,"href":"https:\/\/akdenizolaygazetesi.com\/index.php?rest_route=\/wp\/v2\/users\/2"}],"replies":[{"embeddable":true,"href":"https:\/\/akdenizolaygazetesi.com\/index.php?rest_route=%2Fwp%2Fv2%2Fcomments&post=32175"}],"version-history":[{"count":1,"href":"https:\/\/akdenizolaygazetesi.com\/index.php?rest_route=\/wp\/v2\/posts\/32175\/revisions"}],"predecessor-version":[{"id":32177,"href":"https:\/\/akdenizolaygazetesi.com\/index.php?rest_route=\/wp\/v2\/posts\/32175\/revisions\/32177"}],"wp:featuredmedia":[{"embeddable":true,"href":"https:\/\/akdenizolaygazetesi.com\/index.php?rest_route=\/wp\/v2\/media\/32176"}],"wp:attachment":[{"href":"https:\/\/akdenizolaygazetesi.com\/index.php?rest_route=%2Fwp%2Fv2%2Fmedia&parent=32175"}],"wp:term":[{"taxonomy":"category","embeddable":true,"href":"https:\/\/akdenizolaygazetesi.com\/index.php?rest_route=%2Fwp%2Fv2%2Fcategories&post=32175"},{"taxonomy":"post_tag","embeddable":true,"href":"https:\/\/akdenizolaygazetesi.com\/index.php?rest_route=%2Fwp%2Fv2%2Ftags&post=32175"}],"curies":[{"name":"wp","href":"https:\/\/api.w.org\/{rel}","templated":true}]}}