{"id":32178,"date":"2024-10-03T16:07:54","date_gmt":"2024-10-03T13:07:54","guid":{"rendered":"http:\/\/akdenizolaygazetesi.com\/?p=32178"},"modified":"2024-10-03T16:07:54","modified_gmt":"2024-10-03T13:07:54","slug":"yoruk-cocuklari-teknofestte","status":"publish","type":"post","link":"https:\/\/akdenizolaygazetesi.com\/?p=32178","title":{"rendered":"Y\u00f6r\u00fck \u00c7ocuklar\u0131 TEKNOFEST&#8217;te"},"content":{"rendered":"<p>Gazi Mustafa Kemal Atat\u00fcrk&#8217;\u00fcn \u00f6vg\u00fcs\u00fcne mazhar olan Y\u00f6r\u00fcklerin \u00e7ad\u0131rlar\u0131nda duman t\u00fcts\u00fcn diye Y\u00f6r\u00fck \u00e7ocuklar\u0131 TEKNOFEST Teknoloji Yar\u0131\u015fmalar\u0131&#8217;na g\u00f6t\u00fcr\u00fcl\u00fcyor.<\/p>\n<p>T3 Vakf\u0131&#8217;n\u0131n himayelerinde y\u00fcr\u00fct\u00fclen &#8221;Bir \u00c7ocuk Gelsin, U\u00e7a\u011fa Dokunsun Projesi&#8221; kapsam\u0131nda Erdemli Belediyesi ve Erdemli \u0130l\u00e7e Milli E\u011fitim M\u00fcd\u00fcrl\u00fc\u011f\u00fc Y\u00f6r\u00fck \u00e7ocuklar\u0131n\u0131 tespit etti. K\u0131rsal mahallelerden \u00e7ocuklar bir bir al\u0131nd\u0131. Sel\u00e7uk Bayraktar Park\u0131 yan\u0131nda bir araya gelen \u00f6\u011frencilere Erdemli Belediye Ba\u015fkan\u0131 Mustafa Kara ve Erdemli \u0130l\u00e7e Milli E\u011fitim M\u00fcd\u00fcr\u00fc Yusuf A\u00e7\u0131ky\u00f6r\u00fck e\u015flik etti. \u00d6\u011frenciler konvoy halinde Adana&#8217;ya, TEKNOFEST Teknoloji Yar\u0131\u015fmalar\u0131&#8217;na gitti. K\u0131z\u0131lelma&#8217;dan Ak\u0131nc\u0131&#8217;ya, H\u00fcrku\u015f&#8217;tan SOLOT\u00dcRK&#8217;e kadar teknolojide gelinen son geli\u015fmeleri g\u00f6ren \u00f6\u011frencilerin mutluluklar\u0131 g\u00f6zlerinden okunuyordu.<\/p>\n<p>T3 Vakf\u0131&#8217;na te\u015fekk\u00fcr eden Erdemli Belediye Ba\u015fkan\u0131 Mustafa Kara gelecek nesiller i\u00e7in \u00e7al\u0131\u015ft\u0131klar\u0131n\u0131 vurgulad\u0131. Ba\u015fkan Kara, &#8220;Gazi Mustafa Kemal Atat\u00fcrk&#8217;\u00fcn \u00f6vg\u00fcs\u00fcne mazhar olan Y\u00f6r\u00fckler&#8217;in \u00e7ad\u0131r\u0131nda duman t\u00fcts\u00fcn diye gayret ediyoruz. Bir \u00e7ocuk gelsin projesi kapsam\u0131nda kom\u015fu ilimiz Adana&#8217;da d\u00fczenlenecek olan TEKNOFEST&#8217;e y\u00fczlerce Y\u00f6r\u00fck \u00f6\u011frencimizi belediyemiz olarak g\u00f6t\u00fcr\u00fcyoruz. Onlarla bug\u00fcn bir araday\u0131z, onlarla bir arada olmaktan da \u00e7ok mutluyuz. Bu organizasyonda bize bu \u015fans\u0131 verdi\u011fi i\u00e7in T3 Vakf\u0131&#8217;na da te\u015fekk\u00fcr ediyoruz&#8221; diye konu\u015ftu.<\/p>\n<p>TEKNOFEST Teknoloji Yar\u0131\u015fmalar\u0131&#8217;n\u0131n \u00f6\u011frencilerin vizyonunu geli\u015ftirece\u011fini vurgulayan Erdemli \u0130l\u00e7e Milli E\u011fitim M\u00fcd\u00fcr\u00fc Yusuf A\u00e7\u0131ky\u00f6r\u00fck, &#8220;Hepimizin bildi\u011fi gibi TEKNOFEST 2024 kom\u015fu ilimiz Adana&#8217;da ger\u00e7ekle\u015ftirilecek. TEKNOFEST&#8217;in bir \u00e7ocuk gelsin projesi kapsam\u0131nda il\u00e7emizde Toroslar&#8217;da ya\u015fayan yakla\u015f\u0131k 2 bin 25 \u00f6\u011frencimizi, Y\u00f6r\u00fck \u00e7ocuklar\u0131 TEKNOFEST&#8217;te ad\u0131 alt\u0131nda TEKNOFEST ile bulu\u015fturaca\u011f\u0131z. \u00c7ocuklar\u0131m\u0131z\u0131n TEKNOFEST&#8217;e giderek. Orada milli teknoloji hamlesi kapsam\u0131nda yap\u0131lan \u00e7al\u0131\u015fmalar\u0131 yerinde g\u00f6rmesi, \u00f6\u011frencilerimizin vizyonunu geli\u015ftirece\u011fini d\u00fc\u015f\u00fcn\u00fcyoruz. Bu kapsamda eme\u011fi ge\u00e7en herkese te\u015fekk\u00fcr ediyoruz&#8221; diye konu\u015ftu.<\/p>\n<p>Gitmeden \u00f6nce heyecanl\u0131 oldu\u011funu ifade eden Sude Naz K\u0131lba\u015f Adana \u015eakirpa\u015fa Havaliman\u0131&#8217;na vard\u0131\u011f\u0131nda ise, &#8220;Hayalim yaz\u0131l\u0131mc\u0131 olmak, TEKNOFEST&#8217;e gidip \u00fclkemin icat etti\u011fi teknolojik aletleri g\u00f6rmek i\u00e7in \u00e7ok heyecanl\u0131y\u0131m. Ak\u0131nc\u0131&#8217;y\u0131, K\u0131z\u0131lelma&#8217;y\u0131 g\u00f6rd\u00fcm. \u0130nsans\u0131z hava ara\u00e7lar\u0131n\u0131 g\u00f6rd\u00fcm. Buras\u0131 harika bir yer&#8221; diye konu\u015ftu.<\/p>\n<p>TEKNOFEST&#8217;e gidece\u011fi i\u00e7in \u00e7ok heyecanl\u0131 oldu\u011funu ifade eden Celil Mert Y\u0131ld\u0131z ise, &#8221; Babamla ke\u00e7ilerimizi g\u00fctt\u00fck, TEKNOFEST&#8217;e gidiyoruz. K\u0131z\u0131lelma, sava\u015f u\u00e7aklar\u0131, helikopterleri g\u00f6rece\u011fimiz i\u00e7in \u00e7ok heyecanl\u0131y\u0131m. TEKNOFEST&#8217;e geldim, \u00e7ok mutluyum. \u0130nsans\u0131z ara\u00e7lar\u0131 g\u00f6rd\u00fcm, helikopterleri g\u00f6rd\u00fcm te\u015fekk\u00fcr ederim&#8221; diye konu\u015ftu.<\/p>\n<p>Y\u00f6r\u00fckler olarak k\u0131z\u0131n\u0131n TEKNOFEST&#8217;e gidece\u011fi i\u00e7in \u00e7ok mutlu oldu\u011funu ifade eden Zeynep B\u00f6c\u00fco\u011flu, &#8221; Y\u00f6r\u00fckler olarak \u00e7ok mutluyuz. Bizim evlad\u0131m\u0131z se\u00e7ilmi\u015f daha mutlu olduk&#8221; diye konu\u015ftu.<\/p>\n<p>K\u0131z\u0131n\u0131n gidece\u011fi i\u00e7in memnun oldu\u011funu ifade eden Kadir B\u00f6c\u00fco\u011flu, &#8221; K\u0131z \u00e7ocu\u011fu babas\u0131 olarak TEKNOFEST&#8217;e gidece\u011fi i\u00e7in mutluyum, gururluyuz. Yani \u0130HA&#8217;lar\u0131, S\u0130HA&#8217;lar\u0131, Sel\u00e7uk Bayraktar&#8217;\u0131 g\u00f6recek in\u015fallah bunun i\u00e7in \u00e7ok mutluyuz&#8221; diye konu\u015ftu.<\/p>\n<p>\u00c7ift\u00e7iler olarak \u00e7ocu\u011funun teknolojileri g\u00f6rece\u011fi i\u00e7in mutlu oldu\u011funu ifade eden Hasan K\u0131lba\u015f,&#8221;Biz \u00e7ift\u00e7iler olarak \u00e7ocuklar\u0131m\u0131z\u0131n TEKNOFEST&#8217;e g\u00f6t\u00fcr\u00fclmesinden \u00e7ok memnunuz&#8221; diye konu\u015ftu.<\/p>\n<p>\u00c7ocu\u011funun TEKNOFEST &#8216;e gidece\u011fi i\u00e7in mutlu oldu\u011funu ifade eden Havana K\u0131lba\u015f, &#8221; \u00c7ocu\u011fum TEKNOFEST &#8216;e gitti\u011fi i\u00e7in \u00e7ok mutluyum, ileriyi g\u00f6rs\u00fcn diye&#8221; diye konu\u015ftu.<\/p>\n<p>Y\u00f6r\u00fckler olarak \u00e7ocuklar\u0131n\u0131n TEKNOFEST &#8216;e gidece\u011fi i\u00e7in mutlu oldu\u011funu ifade eden Kadir Y\u0131ld\u0131z, &#8221; Y\u00f6r\u00fckler olarak \u00e7ocuklar\u0131m\u0131z\u0131n TEKNOFEST &#8216;e gidecekleri i\u00e7in \u00e7ok mutluyuz&#8221; diye konu\u015ftu.<\/p>\n<p>\u00d6te yandan TEKNOFEST Teknoloji Yar\u0131\u015fmalar\u0131n\u0131 Y\u00f6r\u00fck \u00e7ocuklar\u0131 6 Ekim&#8217;e kadar ziyaret edecek.<\/p>\n","protected":false},"excerpt":{"rendered":"<p>Gazi Mustafa Kemal Atat\u00fcrk&#8217;\u00fcn \u00f6vg\u00fcs\u00fcne mazhar olan Y\u00f6r\u00fcklerin \u00e7ad\u0131rlar\u0131nda duman t\u00fcts\u00fcn diye Y\u00f6r\u00fck \u00e7ocuklar\u0131 TEKNOFEST Teknoloji Yar\u0131\u015fmalar\u0131&#8217;na g\u00f6t\u00fcr\u00fcl\u00fcyor. T3 Vakf\u0131&#8217;n\u0131n himayelerinde y\u00fcr\u00fct\u00fclen &#8221;Bir \u00c7ocuk Gelsin, U\u00e7a\u011fa Dokunsun Projesi&#8221; kapsam\u0131nda Erdemli &hellip; <a href=\"https:\/\/akdenizolaygazetesi.com\/?p=32178\" class=\"more-link\">Devam\u0131n\u0131 Oku&#8230;<\/a><\/p>\n","protected":false},"author":2,"featured_media":32179,"comment_status":"open","ping_status":"open","sticky":false,"template":"","format":"standard","meta":[],"categories":[1,2,3],"tags":[],"_links":{"self":[{"href":"https:\/\/akdenizolaygazetesi.com\/index.php?rest_route=\/wp\/v2\/posts\/32178"}],"collection":[{"href":"https:\/\/akdenizolaygazetesi.com\/index.php?rest_route=\/wp\/v2\/posts"}],"about":[{"href":"https:\/\/akdenizolaygazetesi.com\/index.php?rest_route=\/wp\/v2\/types\/post"}],"author":[{"embeddable":true,"href":"https:\/\/akdenizolaygazetesi.com\/index.php?rest_route=\/wp\/v2\/users\/2"}],"replies":[{"embeddable":true,"href":"https:\/\/akdenizolaygazetesi.com\/index.php?rest_route=%2Fwp%2Fv2%2Fcomments&post=32178"}],"version-history":[{"count":1,"href":"https:\/\/akdenizolaygazetesi.com\/index.php?rest_route=\/wp\/v2\/posts\/32178\/revisions"}],"predecessor-version":[{"id":32180,"href":"https:\/\/akdenizolaygazetesi.com\/index.php?rest_route=\/wp\/v2\/posts\/32178\/revisions\/32180"}],"wp:featuredmedia":[{"embeddable":true,"href":"https:\/\/akdenizolaygazetesi.com\/index.php?rest_route=\/wp\/v2\/media\/32179"}],"wp:attachment":[{"href":"https:\/\/akdenizolaygazetesi.com\/index.php?rest_route=%2Fwp%2Fv2%2Fmedia&parent=32178"}],"wp:term":[{"taxonomy":"category","embeddable":true,"href":"https:\/\/akdenizolaygazetesi.com\/index.php?rest_route=%2Fwp%2Fv2%2Fcategories&post=32178"},{"taxonomy":"post_tag","embeddable":true,"href":"https:\/\/akdenizolaygazetesi.com\/index.php?rest_route=%2Fwp%2Fv2%2Ftags&post=32178"}],"curies":[{"name":"wp","href":"https:\/\/api.w.org\/{rel}","templated":true}]}}