{"id":3224,"date":"2020-11-04T18:23:41","date_gmt":"2020-11-04T15:23:41","guid":{"rendered":"http:\/\/mersinekonomipolitikagazetesi.com\/?p=3224"},"modified":"2020-11-04T18:23:41","modified_gmt":"2020-11-04T15:23:41","slug":"bankalar-sikintili-zamanlarda-yoklar","status":"publish","type":"post","link":"https:\/\/akdenizolaygazetesi.com\/?p=3224","title":{"rendered":"\u2018BANKALAR SIKINTILI  ZAMANLARDA YOKLAR\u2019"},"content":{"rendered":"<p>Mersin Ticaret ve Sanayi Odas\u0131 (MTSO) Y\u00f6netim Kurulu Ba\u015fkan\u0131 Ayhan K\u0131z\u0131ltan, \u201c2019 ekonomimiz i\u00e7in umut y\u0131l\u0131 olacak\u201d dedi. K\u0131z\u0131ltan, Konkordato, kredi yap\u0131land\u0131rmalar\u0131 \u00f6zellikle y\u0131l ortas\u0131ndan itibaren g\u00f6r\u00fclmeye ba\u015flad\u0131. Bankalar kredi hacmini daraltmaya ba\u015flad\u0131. Bu biraz bencilce ve tek tarafl\u0131 bir karard\u0131.\u201d dedi.<\/p>\n<p>K\u0131z\u0131ltan, 2018 ba\u015f\u0131nda, k\u00fcresel ekonominin geli\u015fmi\u015f veya geli\u015fmekte olan \u00fclke ayr\u0131m\u0131 olmaks\u0131z\u0131n b\u00fcy\u00fcme trendlerini art\u0131rarak s\u00fcrd\u00fcrecekleri tahmin ediliyordu. Ancak y\u0131la ABD ekonomisi ba\u015fta olmak \u00fczere finansal piyasalarda (borsalar) ya\u015fanan \u00e7alkant\u0131lar damgas\u0131n\u0131 vurdu. Trump\u2019\u0131n k\u00fcreselle\u015fme kar\u015f\u0131t\u0131 korumac\u0131l\u0131k politikalar\u0131 etkisini 2018\u2019de g\u00f6stermeye ba\u015flad\u0131: ihracata dayal\u0131 iki \u00fclke olan Almanya ve \u00c7in\u2019in ihracat\u0131nda ve sipari\u015flerde yava\u015flama d\u00fcnya ticaret hacminin darald\u0131\u011f\u0131na i\u015faret etti. Rakamlar bize bunu s\u00f6yl\u00fcyor. Petrol fiyatlar\u0131 da bu s\u00fcreci destekledi ve genelde d\u00fc\u015f\u00fc\u015f e\u011filimini s\u00fcrd\u00fcrd\u00fc. K\u00fcresel \u00f6l\u00e7ekte sanayi \u00fcretiminde ve sat\u0131\u015f hacimlerindeki gerilemeler de k\u00fcresel bir durgunlu\u011fun geldi\u011fine ili\u015fkin beklentileri art\u0131rd\u0131. \u00a0Gerek IMF gerekse OECD, y\u0131lba\u015f\u0131ndan buyana k\u00fcresel b\u00fcy\u00fcme tahminlerini a\u015fa\u011f\u0131 y\u00f6nl\u00fc revize etti.\u201d ifadelerini kulland\u0131.<\/p>\n<p>Avrupa\u2019da da i\u015fler yolunda de\u011fil<\/p>\n<p>Bu arada Avrupa\u2019da 2018\u2019de \u00e7alkant\u0131lar bitmedi, diyen K\u0131z\u0131ltan, \u201c\u0130ngiltere 2017\u2019de ba\u015flatt\u0131\u011f\u0131 Brexit s\u00fcrecinin son a\u015famas\u0131nda kafalar\u0131 kar\u0131\u015ft\u0131rd\u0131. AB\u2019den \u00e7\u0131k\u0131\u015f s\u00fcrecinin tamamlanmas\u0131na yakla\u015f\u0131k 3 ayl\u0131k bir s\u00fcre kal\u0131rken, H\u00fck\u00fcmet yetkililerinden anla\u015fmas\u0131z \u00e7\u0131k\u0131\u015fa y\u00f6nelik haz\u0131rl\u0131k yap\u0131lmas\u0131 y\u00f6n\u00fcnde uyar\u0131 geldi. AB Komisyonu da \u0130ngiltere\u2019nin AB\u2019den anla\u015fmas\u0131z bir \u015fekilde ayr\u0131lmas\u0131na kar\u015f\u0131ald\u0131\u011f\u0131 \u00f6nlemleri a\u00e7\u0131klad\u0131. \u00d6nlemler; finansal hizmetler, havayolu ula\u015f\u0131m\u0131, g\u00fcmr\u00fck ve iklim politikalar\u0131 ba\u015fta olmak \u00fczere 14 konuyu kaps\u0131yor. AB\u2019de ikinci \u00e7alkant\u0131 \u0130talya\u2019n\u0131n B\u00fct\u00e7e A\u00e7\u0131\u011f\u0131n\u0131 GSY\u0130H\u2019ya k\u0131yasla %2.4 olarak a\u00e7\u0131klamas\u0131 ile ba\u015flad\u0131. AB uyar\u0131s\u0131yla bu oran %2.04\u2019e \u00e7ekildi. \u00dc\u00e7\u00fcnc\u00fc geli\u015fme Fransa\u2019da ya\u015fanan \u201csar\u0131 yelekliler\u201d g\u00f6sterileriydi ve bu Avrupa ekonomisi ad\u0131na olumsuzluklar\u0131n bir g\u00f6stergesi oldu. Yani, d\u00fcnyan\u0131n geli\u015fmi\u015f \u00fclkeleri bile s\u0131k\u0131nt\u0131larla bo\u011fu\u015fuyor. Elbette kendi eksiklerimizi ele\u015ftirmek ve sorunlar\u0131m\u0131za parmak basmak g\u00fczel ama bu b\u00fcy\u00fck resmi de g\u00f6rmek gerekiyor. Kendimizden kaynaklanan eksikleri hal\u0131 alt\u0131na s\u00fcp\u00fcrmeye gerek yok ama d\u0131\u015f\u0131m\u0131zdaki sorunlar\u0131 ve bize olan etkilerini de realist ve siyaset \u00fcst\u00fc bakarak g\u00f6rmek gerekiyor.\u201d dedi.<br \/>\n\u00a0 \u00a0 \u00a0 \u00a0 \u00a0 \u00a0 \u00a0 \u00a0 \u00a0 \u00a0 \u00a0<\/p>\n<p>T\u00fcrkiye\u2019de bankalar s\u0131k\u0131nt\u0131l\u0131 zamanda ortada yoklar<br \/>\n\u00a0<br \/>\nT\u00fcrkiye ekonomisi 2017\u2019de Kredi Garanti Fonu (KGF) destekli kredi geni\u015flemesi ve ekonomik durgunlu\u011fu a\u015facak devlet destekleriyle y\u00fczde 7.4 gibi y\u00fcksek b\u00fcy\u00fcme oran\u0131 ile tamamlad\u0131\u011f\u0131n\u0131 ifade eden K\u0131z\u0131ltan, \u201c2017\u2019de b\u00fcy\u00fcmenin dinami\u011fini t\u00fcketim harcamalar\u0131 ve in\u015faat sekt\u00f6r\u00fc a\u011f\u0131rl\u0131kl\u0131 yat\u0131r\u0131mlar olu\u015fturdu. 2018\u2019de KGF desteklerinin etkisiyle 1. \u00e7eyrekte y\u00fczde 7.2 b\u00fcy\u00fcyen ekonomi 2. \u00e7eyrekte 5.3 b\u00fcy\u00fcmenin ard\u0131ndan ivme kaybederek 1.6 oran\u0131nda b\u00fcy\u00fcd\u00fc. Y\u0131l\u0131n \u00f6zellikle \u00fc\u00e7\u00fcnc\u00fc \u00e7eyre\u011fi durgunlu\u011fun hissedilmeye ba\u015flad\u0131\u011f\u0131 bir d\u00f6nem: \u00f6zel t\u00fcketim harcamalar\u0131 ve yat\u0131r\u0131m harcamalar\u0131 a\u015f\u0131r\u0131 derecede daralmaya ba\u015flam\u0131\u015f. Son \u00e7eyrekte b\u00fcy\u00fcme beklentisi ise negatif. Bu \u00e7er\u00e7evede 2018 toplamda y\u00fczde 3-3.5 aras\u0131nda bir b\u00fcy\u00fcme oran\u0131yla tamamlanm\u0131\u015f olacak.<\/p>\n<p>Y\u0131l\u0131n \u00fc\u00e7\u00fcnc\u00fc \u00e7eyre\u011finde kur art\u0131\u015f\u0131n\u0131n h\u0131zlanmas\u0131 enflasyonu tetiklerken i\u00e7 talepte ciddi bir daralmaya neden oldu. Finans sekt\u00f6r\u00fc 2018 ortas\u0131ndan itibaren, artan kur ve TCMB\u2019nin keskin faiz art\u0131\u015f\u0131 ile daralan i\u00e7 talep \u00e7er\u00e7evesinde \u00f6nlemler almaya ba\u015flad\u0131. Kur ve faiz art\u0131\u015f\u0131 ekonomik durgunlukla birle\u015fti\u011finde firmalar\u0131n nakit ak\u0131\u015flar\u0131n\u0131n bozulmas\u0131 ka\u00e7\u0131n\u0131lmazd\u0131. Konkordato, kredi yap\u0131land\u0131rmalar\u0131 \u00f6zellikle y\u0131l ortas\u0131ndan itibaren g\u00f6r\u00fclmeye ba\u015flad\u0131. Bankalar kredi hacmini daraltmaya ba\u015flad\u0131. Bu biraz bencilce ve tek tarafl\u0131 bir karard\u0131. Bankalar \u00fclkeden kazand\u0131\u011f\u0131n\u0131 zor zamanda \u00fclkesine veremedi. Bir taraftan nakit sorunu di\u011fer taraftan y\u00fcksek faiz i\u00e7 talepteki daralma \u015firketler a\u00e7\u0131s\u0131ndan sorun olarak ortaya \u00e7\u0131kt\u0131.\u201d \u015feklinde konu\u015ftu.<\/p>\n<p>Mersin 2008 krizinden beri ekonomik sorunlara en sa\u011flam direnen kent oldu<\/p>\n<p>K\u00fcresel ve ulusal anlamda meydana gelen ekonomik s\u0131k\u0131nt\u0131lardan etkilenmemenin m\u00fcmk\u00fcn olmad\u0131\u011f\u0131n s\u00f6yleyen K\u0131z\u0131ltan, \u201cAncak, Mersin genelinde ekonomik olarak \u00e7ok ciddi, felaket tablosu \u00e7izecek bir s\u0131k\u0131nt\u0131 ya\u015fanmad\u0131. Firmalar\u0131m\u0131z, \u00f6zellikle ekonomimizin omurgas\u0131 olan Mersin Kobileri diren\u00e7li \u00e7\u0131kt\u0131. Ancak, \u00a0bankalar bu s\u00fcre\u00e7te firmalar\u0131m\u0131z\u0131 yaln\u0131z b\u0131rakt\u0131, beklenen yeterli deste\u011fi vermedi.<\/p>\n<p>\u00a0D\u0131\u015f ticarete d\u00f6n\u00fck \u00e7al\u0131\u015fan firmalar\u0131m\u0131z ise d\u00f6viz kazand\u0131rmaya devam etti. Mersin s\u0131k\u0131nt\u0131lara ra\u011fmen \u00fcretmeye ve ihracat odakl\u0131 \u00e7al\u0131\u015fmaya devam etti. Bu sayede \u015fehre soluk ald\u0131rd\u0131. Firmalar\u0131m\u0131z\u0131n bu \u00e7abalar\u0131 desteksiz b\u0131rak\u0131lmad\u0131. H\u00fck\u00fcmetimizin ald\u0131\u011f\u0131 tedbirler \u00f6zel sekt\u00f6r\u00fcn fedakar \u00e7al\u0131\u015fmalar\u0131yla birle\u015fince 2018 y\u0131l\u0131n\u0131 Mersin umut verici tamamlad\u0131. \u0130yi g\u00fcnlere do\u011fru ad\u0131m at\u0131ld\u0131. 2019\u2019un toparlanma ve b\u00fcy\u00fcme s\u00fcrecinin tekrar yakalanaca\u011f\u0131 bir y\u0131l olaca\u011f\u0131n\u0131 umut ediyoruz. \u00a0Bu arada son zamanlarda kentimizin b\u00fcy\u00fck kamu yat\u0131r\u0131mlar\u0131 ile ilgili hakl\u0131 baz\u0131 serzeni\u015fleri an\u0131nda olumlu anlamda tepki ald\u0131. Yetkin isimlerin s\u00f6zleri bizleri rahatlatt\u0131. Mersin\u2019e yap\u0131lacak yat\u0131r\u0131mlarda da herhangi bir iptal ya da kesinti s\u00f6z konusu olmayacak. 2019\u2019da yat\u0131r\u0131mlar\u0131n daha h\u0131zl\u0131 ilerlemesini bekliyoruz. Kent ekonomisi bu yat\u0131r\u0131mlarla ivme kazanacak. Her zaman s\u00f6yledi\u011fimiz gibi, Mersin kendisine verileni misliyle \u00fclkesine kazand\u0131ran bir kenttir.\u201d vurgusunu yapt\u0131. \u00a0<\/p>\n<p>Mersin i\u015f d\u00fcnyas\u0131 devletimizin enflasyonla m\u00fccadelesinde omuz omuzad\u0131r<\/p>\n<p>K\u0131z\u0131ltan s\u00f6zlerini \u015f\u00f6yle noktalad\u0131;<br \/>\n\u201cBu arada, Hazine ve Maliye Bakan\u0131m\u0131z Say\u0131n Berat Albayrak\u2019\u0131n a\u00e7\u0131klamas\u0131yla hayata ge\u00e7irilen Enflasyonla M\u00fccadele Program\u0131, d\u00f6viz kurlar\u0131ndaki y\u00fckseli\u015fle h\u0131zlanan enflasyonun kontrol alt\u0131na al\u0131nmas\u0131na \u00e7ok \u00f6nemli bir katk\u0131 sa\u011flam\u0131\u015ft\u0131r. \u00dcst \u00e7at\u0131 kurulu\u015fumuz olan TOBB\u2019la birlikte Mersin i\u015f d\u00fcnyas\u0131 olara bizler de devletimizle birlikte topyek\u00fbn bir duru\u015f sergilemeye devam ediyoruz. \u00a0Enflasyonla m\u00fccadelenin 2019\u2019da da ayn\u0131 \u015fekilde devam etmesini arzu ediyoruz. \u00c7\u00fcnk\u00fc enflasyonla m\u00fccadele i\u015fsizlikle, y\u00fcksek faizle ve artan girdi maliyetleriyle de m\u00fccadele demektir. Bunu tek ba\u015f\u0131na ne kamu, ne de \u00f6zel sekt\u00f6r yapabilir. Bunun bir i\u015f birli\u011fi gerektiren \u00f6nemli bir konu oldu\u011funu iyi biliyor ve sorumlulukla harekete ediyoruz. TOBB ve Odalar-Borsalar, milli bir dayan\u0131\u015fma i\u00e7inde 2019\u2019da da Hazine ve Maliye Bakanl\u0131\u011f\u0131m\u0131z\u0131n Enflasyonla M\u00fccadele Program\u0131na desteklerini s\u00fcrd\u00fcrecektir. \u00a0T\u00fcrkiye ekonomisi zorlu bir s\u00fcreci geride b\u0131rakarak dengelenme ve istikrar yolunda \u00f6nemli bir mesafe alm\u0131\u015ft\u0131r. \u0130nan\u0131yoruz ki, kamu ve \u00f6zel sekt\u00f6r isti\u015faresi ve koordinasyonuyla yeniden tempolu b\u00fcy\u00fcme s\u00fcrecine girecektir. \u00dclkemizin yap\u0131sal reformlara ihtiyac\u0131 vard\u0131r, firmalar\u0131n ve sekt\u00f6rlerin desteklere de ihtiyac\u0131 vard\u0131r ama en \u00e7ok ihtiyac\u0131m\u0131z olan \u015fey moraldir, umuttur. 2019 hem i\u015f d\u00fcnyas\u0131 hem de milletimiz i\u00e7in umut y\u0131l\u0131 olmal\u0131d\u0131r. Zaman \u015fikayet etme zaman\u0131 de\u011fil, \u00e7al\u0131\u015fma, \u00fcretme, kendimizi e\u011fitme, eksiklerimizi giderme ve ihracatla, markala\u015fmayla, yenilik\u00e7ilikle ekonomimizi kendi \u00e7ap\u0131m\u0131zda katk\u0131 sunma zaman\u0131d\u0131r.\u201d<\/p>\n","protected":false},"excerpt":{"rendered":"<p>Mersin Ticaret ve Sanayi Odas\u0131 (MTSO) Y\u00f6netim Kurulu Ba\u015fkan\u0131 Ayhan K\u0131z\u0131ltan, \u201c2019 ekonomimiz i\u00e7in umut y\u0131l\u0131 olacak\u201d dedi. K\u0131z\u0131ltan, Konkordato, kredi yap\u0131land\u0131rmalar\u0131 \u00f6zellikle y\u0131l ortas\u0131ndan itibaren g\u00f6r\u00fclmeye ba\u015flad\u0131. Bankalar kredi &hellip; <a href=\"https:\/\/akdenizolaygazetesi.com\/?p=3224\" class=\"more-link\">Devam\u0131n\u0131 Oku&#8230;<\/a><\/p>\n","protected":false},"author":1,"featured_media":0,"comment_status":"open","ping_status":"open","sticky":false,"template":"","format":"standard","meta":[],"categories":[],"tags":[],"_links":{"self":[{"href":"https:\/\/akdenizolaygazetesi.com\/index.php?rest_route=\/wp\/v2\/posts\/3224"}],"collection":[{"href":"https:\/\/akdenizolaygazetesi.com\/index.php?rest_route=\/wp\/v2\/posts"}],"about":[{"href":"https:\/\/akdenizolaygazetesi.com\/index.php?rest_route=\/wp\/v2\/types\/post"}],"author":[{"embeddable":true,"href":"https:\/\/akdenizolaygazetesi.com\/index.php?rest_route=\/wp\/v2\/users\/1"}],"replies":[{"embeddable":true,"href":"https:\/\/akdenizolaygazetesi.com\/index.php?rest_route=%2Fwp%2Fv2%2Fcomments&post=3224"}],"version-history":[{"count":0,"href":"https:\/\/akdenizolaygazetesi.com\/index.php?rest_route=\/wp\/v2\/posts\/3224\/revisions"}],"wp:attachment":[{"href":"https:\/\/akdenizolaygazetesi.com\/index.php?rest_route=%2Fwp%2Fv2%2Fmedia&parent=3224"}],"wp:term":[{"taxonomy":"category","embeddable":true,"href":"https:\/\/akdenizolaygazetesi.com\/index.php?rest_route=%2Fwp%2Fv2%2Fcategories&post=3224"},{"taxonomy":"post_tag","embeddable":true,"href":"https:\/\/akdenizolaygazetesi.com\/index.php?rest_route=%2Fwp%2Fv2%2Ftags&post=3224"}],"curies":[{"name":"wp","href":"https:\/\/api.w.org\/{rel}","templated":true}]}}