{"id":32240,"date":"2024-10-06T17:59:28","date_gmt":"2024-10-06T14:59:28","guid":{"rendered":"http:\/\/akdenizolaygazetesi.com\/?p=32240"},"modified":"2024-10-06T17:59:28","modified_gmt":"2024-10-06T14:59:28","slug":"mersin-bellek-ofisi-turkiye-turkcesi-agizlari-atlasi-projesine-destek-veriyor","status":"publish","type":"post","link":"https:\/\/akdenizolaygazetesi.com\/?p=32240","title":{"rendered":"MERS\u0130N BELLEK OF\u0130S\u0130, &#8216;T\u00dcRK\u0130YE T\u00dcRK\u00c7ES\u0130 A\u011eIZLARI ATLASI PROJES\u0130&#8217;NE DESTEK VER\u0130YOR"},"content":{"rendered":"<p>Mersin B\u00fcy\u00fck\u015fehir Belediyesi K\u00fclt\u00fcr ve Sosyal \u0130\u015fler Dairesi Ba\u015fkanl\u0131\u011f\u0131 b\u00fcnyesinde faaliyet g\u00f6steren Mersin Bellek Ofisi, T\u00fcrk Dil Kurumu&#8217;nun 2020 y\u0131l\u0131nda ba\u015flatt\u0131\u011f\u0131\u00a0\u00a0&#8216;T\u00fcrkiye T\u00fcrk\u00e7esi A\u011f\u0131zlar\u0131 Atlas\u0131 Projesi&#8217;ne destek veriyor. Projeyle T\u00fcrkiye&#8217;nin 85 ilinde yer alan 6 bin mahallenin 600&#8217;\u00fcne gidilerek ki\u015filerin konu\u015fma bi\u00e7imlerini, a\u011f\u0131zlar\u0131n\u0131 derleyip kay\u0131t alt\u0131na alarak T\u00fcrk\u00e7e A\u011f\u0131z Atlas\u0131 haz\u0131rlama ama\u00e7lan\u0131yor. Sona yakla\u015fan projeyle T\u00fcrk Dil Kurumu web sayfas\u0131ndan projenin verilerine ula\u015f\u0131labilecek. T\u00fcrkiye&#8217;nin herhangi bir k\u00f6y\u00fcnde nas\u0131l konu\u015fuldu\u011funu merak eden biri web sayfas\u0131ndaki verilere t\u0131klay\u0131p dinleyebilecek veya yaz\u0131l\u0131 bi\u00e7iminde g\u00f6rebilecek.<\/p>\n<p>Mersin B\u00fcy\u00fck\u015fehir Belediyesi K\u00fclt\u00fcr ve Sosyal \u0130\u015fler Dairesi b\u00fcnyesinde faaliyet g\u00f6steren Mersin Bellek Ofisi, Mersin&#8217;in somut ve somut olmayan k\u00fclt\u00fcrel miras\u0131n\u0131 ara\u015ft\u0131rma, ortaya \u00e7\u0131karma, koruma, dijitalle\u015ftirme ve gelecek nesillere aktarma anlam\u0131nda \u00e7al\u0131\u015fmalar y\u00fcr\u00fctmeyi s\u00fcrd\u00fcr\u00fcyor. Kent i\u00e7inde bu ba\u011flamda y\u00fcr\u00fct\u00fclen projeleri de destekleyen Mersin Bellek Ofisi, T\u00fcrk Dil Kurumu&#8217;nun 2020 y\u0131l\u0131nda ba\u015flatt\u0131\u011f\u0131\u00a0\u00a0&#8216;T\u00fcrkiye T\u00fcrk\u00e7esi A\u011f\u0131zlar\u0131 Atlas\u0131 Projesi&#8217;ne de destek veriyor.<\/p>\n<p>\u00a0<\/p>\n<p>Projeyle T\u00fcrkiye&#8217;nin 85 ilinde yer alan 6 bin mahallenin 600&#8217;\u00fcne gidilerek yerle\u015fik olarak bulunan ki\u015filerin konu\u015fma bi\u00e7imlerini, a\u011f\u0131zlar\u0131n\u0131 derleyip kay\u0131t alt\u0131na alarak T\u00fcrk\u00e7e A\u011f\u0131z Atlas\u0131 haz\u0131rlama ama\u00e7lan\u0131yor. Projenin Mersin il sorumlusu Profes\u00f6r Dr. H\u00fcrriyet G\u00f6kday\u0131, 10 ki\u015filik akademisyen, y\u00fcksek lisans ve doktora \u00f6\u011frencisi ekibiyle kentteki 805 mahallenin 85&#8217;ini belirledi. Ekip bu kapsamda k\u00f6yden \u00e7ok \u00e7\u0131kmam\u0131\u015f, konu\u015fmas\u0131 \u00e7ok de\u011fi\u015fmemi\u015f bir kad\u0131n ve bir erkek vatanda\u015fa b\u00f6lgenin konu\u015fma \u00f6zelliklerini ortaya \u00e7\u0131karacak sorular y\u00f6neltiyor. Sona yakla\u015fan projeyle T\u00fcrk Dil Kurumu web sayfas\u0131ndan projenin verilerine ula\u015f\u0131labilecek. T\u00fcrkiye&#8217;nin herhangi bir k\u00f6y\u00fcnde nas\u0131l konu\u015fuldu\u011funu merak eden biri web sayfas\u0131ndaki verilere t\u0131klay\u0131p dinleyebilecek veya yaz\u0131l\u0131 bi\u00e7iminde g\u00f6rebilecek.<\/p>\n<p>\u00a0<\/p>\n<p>Ak\u00e7a: &#8221; &#8216;T\u00fcrkiye T\u00fcrk\u00e7esi A\u011f\u0131zlar\u0131 Atlas\u0131 Projesi&#8217;ni destekliyoruz&#8221;<\/p>\n<p>B\u00fcy\u00fck\u015fehir Belediyesi Kent Kat\u0131l\u0131m\u0131 ve Sivil Toplum ile \u0130li\u015fkiler \u015eube M\u00fcd\u00fcr\u00fc Ba\u015far Ak\u00e7a, Bellek Ofisi&#8217;nin somut ve somut olmayan k\u00fclt\u00fcrel miras\u0131n ara\u015ft\u0131r\u0131lmas\u0131, incelenmesi, korunmas\u0131 ve gelecek nesillere aktar\u0131lmas\u0131n\u0131 ama\u00e7lad\u0131\u011f\u0131n\u0131 anlatarak,\u00a0&#8220;Bug\u00fcn de g\u00fczel bir projede biz de destek\u00e7i olarak buraday\u0131z. Bu projenin ismi &#8216;T\u00fcrkiye T\u00fcrk\u00e7esi A\u011f\u0131zlar\u0131 Atlas\u0131 Projesi&#8217;. Bu projenin il sorumlusu Mersin \u00dcniversitesi Prof. Dr. H\u00fcrriyet G\u00f6kday\u0131. Bu \u00e7al\u0131\u015fma; kentimizde konu\u015fulan, art\u0131k unutulmaya y\u00fcz tutmu\u015f dilleri, a\u011f\u0131zlar\u0131 ara\u015ft\u0131rarak belgeleme \u00e7al\u0131\u015fmas\u0131. T\u00fcrkiye&#8217;nin 81 ilinde hedeflenen bir proje. Bizim de Mersin Bellek Ofisi olarak desteklerimiz bulunmakta. Mersin Bellek Ofisi bundan sonraki \u00e7al\u0131\u015fmalar\u0131nda da yine Mersin&#8217;in somut ve somut olmayan k\u00fclt\u00fcrel miras\u0131n\u0131 \u00f6ncelikle ara\u015ft\u0131rma, mevcut potansiyelimizi derleme, koruma dijitalle\u015ftirme ve gelecek nesillere aktarma anlam\u0131nda \u00e7al\u0131\u015fmalar\u0131na devam edecek&#8221;\u00a0dedi.<\/p>\n<p>\u00a0<\/p>\n<p>G\u00f6kday\u0131: &#8220;Bu projeyle T\u00fcrk\u00e7e A\u011f\u0131z Atlas\u0131 haz\u0131rlanacak&#8221;<\/p>\n<p>Mersin \u00dcniversitesi \u0130nsan ve Toplum Bilimleri Fak\u00fcltesi Edebiyat B\u00f6l\u00fcm\u00fc \u00d6\u011fretim \u00dcyesi Prof. Dr. H\u00fcrriyet G\u00f6kday\u0131, T\u00fcrk Dil Kurumu taraf\u0131ndan 2020 y\u0131l\u0131ndan ba\u015flat\u0131lan\u00a0T\u00fcrkiye T\u00fcrk\u00e7esi A\u011f\u0131zlar\u0131 Atlas\u0131 Projesi&#8217;nin T\u00fcrkiye&#8217;de bulunan b\u00fct\u00fcn yerle\u015fim birimlerinin y\u00fczde 10&#8217;una gidilerek olu\u015fturuldu\u011funu anlatarak,\u00a0&#8220;Projeyle yerle\u015fik olarak bulunan ki\u015filerin konu\u015fma bi\u00e7imlerini, a\u011f\u0131zlar\u0131n\u0131 derleyip kay\u0131t alt\u0131na alarak T\u00fcrk\u00e7e A\u011f\u0131z Atlas\u0131&#8217;n\u0131 haz\u0131rlama ama\u00e7lan\u0131yor. Bu kapsamda \u00f6zellikle ya\u015fl\u0131lardan az e\u011fitim alm\u0131\u015f, konu\u015fmas\u0131 \u00e7ok de\u011fi\u015fmemi\u015f, k\u00f6yden \u00e7ok fazla d\u0131\u015far\u0131ya \u00e7\u0131kmam\u0131\u015f ki\u015filerin konu\u015fmalar\u0131n\u0131 kay\u0131t alt\u0131na al\u0131yoruz. Onlara belirli sorular soruyoruz. Bu sorulara verdikleri cevaplar\u0131 da yaz\u0131yoruz. T\u00fcm T\u00fcrkiye&#8217;de 6 bin civar\u0131nda yerle\u015fim birimi var. 600 yerle\u015fim birimine gidilerek bu \u00e7al\u0131\u015fma yap\u0131l\u0131yor&#8221;\u00a0dedi.<\/p>\n<p>G\u00f6kday\u0131, Bu \u00e7al\u0131\u015fmadan elde edilecek verilerle T\u00fcrk Dil Kurumu&#8217;nun T\u00fcrk\u00e7e A\u011f\u0131z Atlas\u0131&#8217;n\u0131 haz\u0131rlayaca\u011f\u0131n\u0131 belirterek,\u00a0&#8220;T\u00fcrk Dil Kurumu web sayfas\u0131ndan bu projenin verilerine ula\u015f\u0131labilecek. Diyelim ki Artvin&#8217;in \u015eav\u015fat il\u00e7esinin bir k\u00f6y\u00fcnde nas\u0131l konu\u015fuldu\u011funu merak ediyorsan\u0131z bu web sayfas\u0131ndan t\u0131klay\u0131p dinleyebileceksiniz veya yaz\u0131l\u0131 bi\u00e7iminde g\u00f6rebileceksiniz. Bu ba\u011flamda T\u00fcrk\u00e7enin a\u011f\u0131zlar\u0131n\u0131n korunmas\u0131, ya\u015fat\u0131lmas\u0131 ve gelecek ku\u015faklara aktar\u0131lmas\u0131 anlam\u0131nda \u00e7ok \u00f6nemli bir proje&#8221;\u00a0diye konu\u015ftu.<\/p>\n<p>\u00a0<\/p>\n<p>Projenin Mersin il sorumlusu olan G\u00f6kday\u0131, kentteki 805 mahallenin 85&#8217;ini belirlediklerini ve sona yakla\u015ft\u0131klar\u0131n\u0131 ifade ederek,\u00a0&#8220;Ger\u00e7ekten b\u00f6yle bir \u00e7al\u0131\u015fman\u0131n yap\u0131lmas\u0131 gerekiyordu.\u00a0D\u00fcnyada bir\u00e7ok dilin a\u011f\u0131z atlas\u0131 var. T\u00fcrk\u00e7e i\u00e7in de bunun olacak olmas\u0131 bizleri mutlu ediyor. Saha \u00e7al\u0131\u015fmalar\u0131n\u0131 yaparken Mersin B\u00fcy\u00fck\u015fehir Belediyesi Bellek Ofisi bize destek verdi. Kendilerine \u00e7ok te\u015fekk\u00fcr ediyoruz. Bu y\u00f6nden belediyenin deste\u011fi bizim i\u015flerimizi kolayla\u015ft\u0131rd\u0131. Belek Ofisi zaten Mersin&#8217;in somut olmayan k\u00fclt\u00fcrel miras\u0131n\u0131n kay\u0131t alt\u0131na al\u0131nmas\u0131, korunmas\u0131 anlam\u0131nda da \u00e7ok \u00f6nemli i\u015fler yap\u0131yor, yapmak istiyor. Biz de elimizden gelen deste\u011fi onlara vermeye \u00e7al\u0131\u015f\u0131yoruz&#8221;\u00a0dedi.<\/p>\n","protected":false},"excerpt":{"rendered":"<p>Mersin B\u00fcy\u00fck\u015fehir Belediyesi K\u00fclt\u00fcr ve Sosyal \u0130\u015fler Dairesi Ba\u015fkanl\u0131\u011f\u0131 b\u00fcnyesinde faaliyet g\u00f6steren Mersin Bellek Ofisi, T\u00fcrk Dil Kurumu&#8217;nun 2020 y\u0131l\u0131nda ba\u015flatt\u0131\u011f\u0131\u00a0\u00a0&#8216;T\u00fcrkiye T\u00fcrk\u00e7esi A\u011f\u0131zlar\u0131 Atlas\u0131 Projesi&#8217;ne destek veriyor. Projeyle T\u00fcrkiye&#8217;nin 85 &hellip; <a href=\"https:\/\/akdenizolaygazetesi.com\/?p=32240\" class=\"more-link\">Devam\u0131n\u0131 Oku&#8230;<\/a><\/p>\n","protected":false},"author":2,"featured_media":32241,"comment_status":"open","ping_status":"open","sticky":false,"template":"","format":"standard","meta":[],"categories":[1,2,3],"tags":[],"_links":{"self":[{"href":"https:\/\/akdenizolaygazetesi.com\/index.php?rest_route=\/wp\/v2\/posts\/32240"}],"collection":[{"href":"https:\/\/akdenizolaygazetesi.com\/index.php?rest_route=\/wp\/v2\/posts"}],"about":[{"href":"https:\/\/akdenizolaygazetesi.com\/index.php?rest_route=\/wp\/v2\/types\/post"}],"author":[{"embeddable":true,"href":"https:\/\/akdenizolaygazetesi.com\/index.php?rest_route=\/wp\/v2\/users\/2"}],"replies":[{"embeddable":true,"href":"https:\/\/akdenizolaygazetesi.com\/index.php?rest_route=%2Fwp%2Fv2%2Fcomments&post=32240"}],"version-history":[{"count":1,"href":"https:\/\/akdenizolaygazetesi.com\/index.php?rest_route=\/wp\/v2\/posts\/32240\/revisions"}],"predecessor-version":[{"id":32242,"href":"https:\/\/akdenizolaygazetesi.com\/index.php?rest_route=\/wp\/v2\/posts\/32240\/revisions\/32242"}],"wp:featuredmedia":[{"embeddable":true,"href":"https:\/\/akdenizolaygazetesi.com\/index.php?rest_route=\/wp\/v2\/media\/32241"}],"wp:attachment":[{"href":"https:\/\/akdenizolaygazetesi.com\/index.php?rest_route=%2Fwp%2Fv2%2Fmedia&parent=32240"}],"wp:term":[{"taxonomy":"category","embeddable":true,"href":"https:\/\/akdenizolaygazetesi.com\/index.php?rest_route=%2Fwp%2Fv2%2Fcategories&post=32240"},{"taxonomy":"post_tag","embeddable":true,"href":"https:\/\/akdenizolaygazetesi.com\/index.php?rest_route=%2Fwp%2Fv2%2Ftags&post=32240"}],"curies":[{"name":"wp","href":"https:\/\/api.w.org\/{rel}","templated":true}]}}