{"id":32332,"date":"2024-10-09T16:26:39","date_gmt":"2024-10-09T13:26:39","guid":{"rendered":"http:\/\/akdenizolaygazetesi.com\/?p=32332"},"modified":"2024-10-09T16:26:39","modified_gmt":"2024-10-09T13:26:39","slug":"vali-ali-hamza-pehlivan-baskanliginda-il-afet-risk-azaltma-plani-irap-izleme-ve-degerlendirme-toplantisi-gerceklestirildi","status":"publish","type":"post","link":"https:\/\/akdenizolaygazetesi.com\/?p=32332","title":{"rendered":"VAL\u0130 AL\u0130 HAMZA PEHL\u0130VAN BA\u015eKANLI\u011eINDA \u0130L AFET R\u0130SK AZALTMA PLANI (\u0130RAP) \u0130ZLEME VE DE\u011eERLEND\u0130RME TOPLANTISI GER\u00c7EKLE\u015eT\u0130R\u0130LD\u0130"},"content":{"rendered":"<p>Valimiz Ali Hamza Pehlivan ba\u015fkanl\u0131\u011f\u0131nda, Afetlerin olas\u0131 etkilerini ortaya koyan ve bu etkileri en aza indirebilmek i\u00e7in afetler ya\u015fanmadan \u00f6nce yap\u0131lacak \u00e7al\u0131\u015fmalar\u0131 bir s\u00fcre\u00e7 d\u00e2hilinde tarif eden, sorumlular\u0131 ve sorumluluklar\u0131 tan\u0131mlayan, s\u00fcrd\u00fcr\u00fclebilir bir plan olan \u2018\u2018\u0130l Afet Risk Azaltma Plan\u0131 (\u0130RAP) \u0130zleme ve De\u011ferlendirme\u2019\u2019 toplant\u0131s\u0131 ger\u00e7ekle\u015ftirildi.<\/p>\n<p>Valilik toplant\u0131 salonunda ger\u00e7ekle\u015ftirilen toplant\u0131ya, Vali Yard\u0131mc\u0131s\u0131 Adem Y\u0131lmaz, B\u00fcy\u00fck\u015fehir Belediyesi Genel Sekreteri Olcay Tok, Orman B\u00f6lge M\u00fcd\u00fcr\u00fc Rifat Ata\u015f, \u00c7evre, \u015eehircilik ve \u0130klim De\u011fi\u015fikli\u011fi \u0130l M\u00fcd\u00fcr\u00fc H\u00fcseyin \u00d6zg\u00fcr Yal\u00e7\u0131n, \u0130l Afet ve Acil Durum M\u00fcd\u00fcr\u00fc Cenk Y\u0131ld\u0131z, Mersin \u00dcniversitesi Mimarl\u0131k ve \u015eehir Planlama B\u00f6l\u00fcm\u00fc \u00d6\u011fr. \u00dcyesi Do\u00e7. Dr. Hayati Ko\u00e7, MESK\u0130 Genel M\u00fcd\u00fcr\u00fc \u0130rfan Korkmaz, DS\u0130 \u015eube M\u00fcd\u00fcr\u00fc O\u011fuzhan G\u00f6kdere kat\u0131ld\u0131.<\/p>\n<p>Toplant\u0131n\u0131n ard\u0131ndan bas\u0131n mensuplar\u0131na a\u00e7\u0131klama yapan Vali Pehlivan, \u2018\u2018D\u00fcnya genelinde ya\u015fanmakta olan afetlerle ilgili olarak; k\u00fcresel risk fark\u0131ndal\u0131\u011f\u0131 ve afet risk azaltma k\u00fclt\u00fcr\u00fcn\u00fc te\u015fvik etmek i\u00e7in 1989 y\u0131l\u0131nda Birle\u015fmi\u015f Milletler Genel Kurulu taraf\u0131ndan 13 Ekim tarihi \u201cUluslararas\u0131 Afet Risklerinin Azalt\u0131lmas\u0131 G\u00fcn\u00fc\u201d olarak belirlenmi\u015ftir.<\/p>\n<p>Bug\u00fcn \u0130l Afet Risk Azaltma Plan\u0131 (\u0130RAP) kapsam\u0131nda Say\u0131n \u0130\u00e7i\u015fleri Bakan Yard\u0131mc\u0131m\u0131z\u0131n ba\u015fkanl\u0131\u011f\u0131nda, 81 \u0130l Valisi, AFAD Ba\u015fkan\u0131 ve 81 \u0130limizdeki \u0130RAP \u0130zleme ve De\u011ferlendirme Kurullar\u0131n\u0131n kat\u0131l\u0131m\u0131yla \u00e7evrim i\u00e7i bir video konferans toplant\u0131s\u0131 ger\u00e7ekle\u015ftirdik. Mersin \u0130limizden bizde \u0130RAP \u0130zleme ve De\u011ferlendirme kurulu olarak i\u015ftirak ettik. Toplant\u0131m\u0131zda, afet risk azaltma \u00e7al\u0131\u015fmalar\u0131n\u0131n afet y\u00f6netimindeki rol\u00fc ile ilgili konu ba\u015fl\u0131klar\u0131 do\u011frultusunda de\u011ferlendirme ve bilgi al\u0131\u015fveri\u015finde bulunduk. <\/p>\n<p>Afetlerle m\u00fccadelede konusunda; koordinasyon, do\u011fru bilgi dayal\u0131 stratejik planlama, h\u0131zl\u0131 ve do\u011fru m\u00fcdahale \u00f6ne \u00e7\u0131kan ba\u015fl\u0131klar olarak g\u00f6r\u00fclmektedir. Afetleri \u00f6nleyemeyiz fakat haz\u0131rl\u0131kl\u0131 olabiliriz, zararlar\u0131n\u0131 azaltabiliriz i\u015fte ama\u00e7 do\u011frultusunda, 2021 y\u0131l\u0131nda \u00fclkemizde 81 ilimizde y\u00fcr\u00fcrl\u00fc\u011fe giren \u0130l Afet Risk Azaltma Planlar\u0131 (\u0130RAP), bu anlay\u0131\u015f\u0131n somut bir g\u00f6stergesidir. Bu kapsamda kurulan \u0130RAP \u0130zleme ve De\u011ferlendirme Komisyonu; Mersin Valili\u011fimizin himayelerinde Vali Yard\u0131mc\u0131s\u0131 Ba\u015fkanl\u0131\u011f\u0131nda B\u00fcy\u00fck\u015fehir Belediyesi, Mersin \u00dcniversitesi, \u0130l Afet ve Acil Durum M\u00fcd\u00fcrl\u00fc\u011f\u00fc, \u00c7evre \u015eehircilik ve \u0130klim De\u011fi\u015fikli\u011fi \u0130l M\u00fcd\u00fcrl\u00fc\u011f\u00fc temsilcilerinin yer ald\u0131\u011f\u0131 olu\u015fmaktad\u0131r.<\/p>\n<p>Afet Risklerini Azaltma Plan\u0131 (\u0130RAP), afetlerin olas\u0131 etkilerini ortaya koyan ve bu etkileri en aza indirebilmek i\u00e7in afetler olmadan ger\u00e7ekle\u015ftirilmesi gerekenleri bir s\u00fcre\u00e7 dahilinde tarif eden, sorumlular\u0131 ve sorumluluklar\u0131 tan\u0131mlayan, s\u00fcrd\u00fcr\u00fclebilir bir plan olarak belirlenmi\u015ftir. Afet risklerini azaltma planlamas\u0131nda temel amac\u0131m\u0131z s\u00fcrd\u00fcr\u00fclebilir, g\u00fcvenli ve afete diren\u00e7li yerle\u015fimler olu\u015fturmakt\u0131r. <\/p>\n<p>\u00dclkemiz co\u011frafi konumu, toplumsal ve ekonomik yap\u0131s\u0131, yerle\u015fimlerin bulundu\u011fu tehlikeli zemin ko\u015fullar\u0131, yap\u0131 stokumuzun durumu ve ge\u00e7mi\u015ften g\u00fcn\u00fcm\u00fcze ya\u015fanan afet kay\u0131plar\u0131 dikkate al\u0131nd\u0131\u011f\u0131 zaman yak\u0131n gelecekte ya\u015fanmas\u0131 muhtemel afet olaylar\u0131 kar\u015f\u0131s\u0131nda y\u00fcksek d\u00fczeyde afet risklerine sahiptir. <\/p>\n<p>Son y\u0131llarda, afet y\u00f6netimi konusundaki uluslararas\u0131 anlay\u0131\u015f afet risk azaltma \u00e7al\u0131\u015fmalar\u0131n\u0131n \u00f6nemine vurgu yaparken, \u00fclkemizde s\u00fcregelen afet y\u00f6netimi yap\u0131s\u0131 da benzer bir anlay\u0131\u015fla \u00e7al\u0131\u015fmalar\u0131n\u0131 s\u00fcrd\u00fcrmektedir. Bir toplumun afetler kar\u015f\u0131s\u0131nda diren\u00e7li olmas\u0131n\u0131 sa\u011flamak ve m\u00fcmk\u00fcn oldu\u011funca afet sonras\u0131 ortaya \u00e7\u0131kabilecek hasarlar\u0131 en aza indirmek amac\u0131yla ge\u00e7mi\u015fte yap\u0131lan\u0131n tersine \u00f6n etkin (proaktif) olarak afet \u00f6ncesi eylemleri, risk azaltma ve haz\u0131rl\u0131kl\u0131 olma a\u015famalar\u0131n\u0131 \u00f6n plana \u00e7\u0131karmak ve uygulamaya ge\u00e7irmek temel hedeflerimizdendir. <\/p>\n<p>Afet y\u00f6netiminde afet \u00f6ncesi, s\u0131ras\u0131 ve sonras\u0131n\u0131 y\u00f6nelik her bir a\u015fama i\u00e7in roller, sorumluluklar ve hedefler belirlenmi\u015ftir. Bu kapsamda geli\u015ftirilen planlar, afet \u00f6ncesine yap\u0131lan yat\u0131r\u0131mlar afet s\u0131ras\u0131 ve sonras\u0131nda geli\u015fecek olumsuz durumlar\u0131 azaltacak ve daha planl\u0131, daha koordineli, daha h\u0131zl\u0131 ve daha do\u011fru hareket edilmesini sa\u011flayacakt\u0131r.<br \/>\nAfetlerle m\u00fccadelenin toplumsal bir bilin\u00e7 meselesi oldu\u011fu anlay\u0131\u015f\u0131yla ger\u00e7ekle\u015ftirdi\u011fimiz    \u0130RAP \u0130zleme ve De\u011ferlendirme toplant\u0131lar\u0131m\u0131zda ilgili kurumlar\u0131m\u0131z ile birlikte planlamalar\u0131m\u0131z\u0131, e\u011fitim ve bilin\u00e7lendirme \u00e7al\u0131\u015fmalar\u0131m\u0131z\u0131 s\u00fcrd\u00fcrmekte, i\u015f birli\u011fi ve g\u00fc\u00e7 birli\u011fi i\u00e7eresinde ad\u0131mlar atmaktay\u0131z.<\/p>\n<p>Afetlere haz\u0131rl\u0131kl\u0131 olmak, bir memleket meselesidir; bu meselede kay\u0131ts\u0131z kalmak, gelecek nesillere haks\u0131zl\u0131k yapmak olur.<\/p>\n<p>Afet Risklerini Azaltma Plan\u0131 Haz\u0131rlama K\u0131lavuzuna istinaden; 2021 y\u0131l\u0131nda Mersin \u0130l Afet ve Acil Durum M\u00fcd\u00fcrl\u00fc\u011f\u00fc sekretaryas\u0131nda, ilgili kurum ve kurulu\u015flar\u0131m\u0131z\u0131n kat\u0131l\u0131m\u0131yla Mersin \u0130l Afet Risk Azaltma Plan\u0131 haz\u0131rlanm\u0131\u015f ve 5 y\u0131l s\u00fcreyle ge\u00e7erli olmak \u00fczere y\u00fcr\u00fcrl\u00fc\u011fe girmi\u015ftir.<\/p>\n<p>Plan kapsam\u0131nda, \u0130limizin \u00f6ncelikli afet t\u00fcrleri;<br \/>\nSel\/Ta\u015fk\u0131n<br \/>\nOrman Yang\u0131n\u0131<br \/>\nMeteorolojik ve \u0130klim De\u011fi\u015fikli\u011fi Kaynakl\u0131 Afetler<br \/>\nTeknolojik ve End\u00fcstriyel Kazalar<br \/>\nK\u00fctle Hareketleri (Heyelan\/Kaya D\u00fc\u015fmesi)<br \/>\nDeprem olarak belirlenmi\u015ftir. <\/p>\n<p> Bu 6 afet t\u00fcr\u00fcne ili\u015fkin olarak haz\u0131rl\u0131k, bilgilendirme, fark\u0131ndal\u0131k, e\u011fitim ve koordinasyon gibi ba\u015fl\u0131klara y\u00f6nelik \u00e7al\u0131\u015fmalar yapmak \u00fczere;<br \/>\nSel\/ta\u015fk\u0131n afetine ili\u015fkin 107 eylem,<br \/>\nOrman yang\u0131n\u0131 afetine ili\u015fkin 23 eylem,<br \/>\nMeteorolojik ve iklim de\u011fi\u015fikli\u011fi kaynakl\u0131 afetlerine ili\u015fkin 37 eylem,<br \/>\nTeknolojik ve end\u00fcstriyel kazalara ili\u015fkin 9,<br \/>\nHeyelan\/kaya d\u00fc\u015fmesi afetine ili\u015fkin 27 eylem<br \/>\nDeprem afetine ili\u015fkin 32 eylem olmak \u00fczere toplam 235 eylem belirlenmi\u015ftir.<\/p>\n<p>Bu eylemlerden 10\u2019u k\u0131rm\u0131z\u0131 yani \u00f6ncelikli eylem olarak belirlenmi\u015ftir. Her bir eylem konusundan tek bir kurum sorumlu olup 35 farkl\u0131 kurumun sorumlulu\u011fu bulunmaktad\u0131r.<br \/>\nBu kapsamda belirlenen 10 farkl\u0131 k\u0131rm\u0131z\u0131 eylem ile ilgili yap\u0131lan \u00e7al\u0131\u015fmalar;<br \/>\nSilifke il\u00e7esi Camikebir Mahallesindeki muhtemel kaya d\u00fc\u015fmesi afeti nedeniyle yap\u0131lmas\u0131 kararla\u015ft\u0131r\u0131lan kaya \u0131slah\u0131 AFAD \u0130l M\u00fcd\u00fcrl\u00fc\u011f\u00fc taraf\u0131ndan tamamlanm\u0131\u015ft\u0131r.<\/p>\n<p>Yang\u0131n riskinin fazla oldu\u011fu sezonda k\u00f6ylerde ve mesire yerlerinde dolu tanker bulundurulmaktad\u0131r. Bu kapsamda; Merkezden uzak \u0130l\u00e7elerimizdeki k\u0131rsal mahallelere 100 adet 3 tonluk su tankeri da\u011f\u0131t\u0131lm\u0131\u015f olup kullan\u0131m\u0131 ile ilgili gerekli e\u011fitimler verilmi\u015ftir.<\/p>\n<p>Yang\u0131n \u00f6ncesi sezonda (yaz aylar\u0131nda) yang\u0131n ula\u015f\u0131m yollar\u0131n\u0131n a\u00e7\u0131k hale getirilmesi eylemi ile ilgili Orman B\u00f6lge M\u00fcd\u00fcrl\u00fc\u011f\u00fcm\u00fcz taraf\u0131ndan gerekli \u00e7al\u0131\u015fmalar d\u00fczenli olarak yap\u0131lmaktad\u0131r. Bu kapsamda 2024 y\u0131l\u0131nda; 11.170 km\u2019lik orman yolu bak\u0131m\u0131, 264 adet su toplama \u00e7ukuru, 60 km yang\u0131n \u00f6nleme tesisi yap\u0131lm\u0131\u015ft\u0131r. Ayr\u0131ca Mersin B\u00fcy\u00fck\u015fehir Belediyesi\u2019nin sulama suyu \u015febekesine 200 adet hydrant (su vanas\u0131) yap\u0131lm\u0131\u015ft\u0131r.<\/p>\n<p>Berdan \u00c7ay\u0131na erken uyar\u0131 sistemi kurulmas\u0131na y\u00f6nelik \u00e7al\u0131\u015fmalar DS\u0130 6. B\u00f6lge M\u00fcd\u00fcrl\u00fc\u011f\u00fc taraf\u0131ndan y\u00fcr\u00fct\u00fclmekte olup yat\u0131r\u0131m program\u0131na al\u0131nm\u0131\u015ft\u0131r.<\/p>\n<p>Sel ta\u015fk\u0131n riskine ba\u011fl\u0131 olarak a\u015f\u0131r\u0131 ya\u011f\u0131\u015f uyar\u0131lar\u0131 \u00f6ncesinde sokak ve caddelerdeki mazgallar\u0131n temizlenmesi \u00e7al\u0131\u015fmalar\u0131 MESK\u0130 taraf\u0131ndan y\u00fcr\u00fct\u00fclmektedir.<\/p>\n<p>Pamukluk Baraj\u0131 \u0130\u00e7me Suyu Ar\u0131tma Tesisi ve ilgili isale hatt\u0131n\u0131n yap\u0131lmas\u0131 ile ilgili projeler 2024 y\u0131l\u0131nda \u0130RAP kapsam\u0131na al\u0131nm\u0131\u015ft\u0131r. DS\u0130 6. B\u00f6lge M\u00fcd\u00fcrl\u00fc\u011f\u00fc ve MESK\u0130 s\u00f6z konusu projeleri takip etmektedir. Pamukluk Baraj\u0131 i\u00e7me suyu 35 km\u2019lik isale hatt\u0131n\u0131n 6.675 metre boru imalat\u0131n\u0131n sahaya nakli DS\u0130 taraf\u0131ndan yap\u0131\u015fan ihale kapsam\u0131nda yap\u0131lmaktad\u0131r.<\/p>\n<p>\u0130RAP kapsam\u0131nda belirlenen toplam 85 eylem ilgili kurum ve kurulu\u015flar\u0131n \u00e7al\u0131\u015fmalar\u0131yla tamamlanm\u0131\u015ft\u0131r. Bu kapsamda 83 eylem devam etmekte olup, di\u011fer eylemler ilgili \u00e7al\u0131\u015fmalar y\u00fcr\u00fct\u00fclmektedir. T\u00fcm afet risklerine kar\u015f\u0131 vatanda\u015f\u0131 bilin\u00e7lendirme, fark\u0131ndal\u0131\u011f\u0131 art\u0131rma gibi konularda e\u011fitimler verilmektedir.<\/p>\n<p>Orman B\u00f6lge M\u00fcd\u00fcrl\u00fc\u011f\u00fcm\u00fcz taraf\u0131ndan; Ormanlarda vatanda\u015flar\u0131n piknik yapmalar\u0131 i\u00e7in 2024 y\u0131l\u0131nda 6 adet orman park\u0131 olmak \u00fczere toplam 59 adet orman park\u0131 tesis edilmi\u015ftir.<br \/>\nBu kapsamda; 12 Eyl\u00fcl 2024 tarihinde AFAD Ba\u015fkanl\u0131\u011f\u0131m\u0131z taraf\u0131ndan 2024 y\u0131l\u0131 i\u00e7in belirlenen 6 b\u00f6lge tatbikat\u0131ndan biri olarak \u0130limizde olduk\u00e7a geni\u015f kat\u0131l\u0131ml\u0131 ve ayr\u0131nt\u0131l\u0131 bir deprem tatbikat\u0131 ger\u00e7ekle\u015ftirdik. Bu tatbikat ile t\u00fcm kurumlar\u0131m\u0131z, ekiplerimiz ve g\u00f6n\u00fcll\u00fclerimizle, afet an\u0131nda nas\u0131l bir araya gelece\u011fimizi ve nas\u0131l koordine olaca\u011f\u0131m\u0131z\u0131 yerinde g\u00f6rme f\u0131rsat\u0131 elde ettik, ekiplerimizin reflekslerini \u00f6l\u00e7t\u00fck. Yine bu tatbikatla hem bireysel hem de kurumsal haz\u0131rl\u0131klar\u0131m\u0131z\u0131 peki\u015ftirme, olas\u0131 bir deprem an\u0131nda ve sonras\u0131nda nas\u0131l hareket etmemiz gerekti\u011fini t\u00fcm detaylar\u0131yla sahada prati\u011fini yapma f\u0131rsat\u0131 bulduk. Biliyoruz ki bir afet \u00f6ncesinde al\u0131nacak her bir \u00f6nlem, yap\u0131lacak her bir e\u011fitim hem can kay\u0131plar\u0131n\u0131 azaltacak hem de afet anlar\u0131nda daha bilin\u00e7li hareket etmemizi sa\u011flayacakt\u0131r.<\/p>\n<p>Tarih boyunca milletlerin kar\u015f\u0131 kar\u015f\u0131ya kald\u0131\u011f\u0131 en b\u00fcy\u00fck s\u0131navlardan biri olan afetlere haz\u0131rl\u0131k ve bu alandaki yat\u0131r\u0131mlara vermi\u015f olduklar\u0131 desteklerden dolay\u0131 ba\u015fta Say\u0131n Cumhurba\u015fkan\u0131m\u0131za, Say\u0131n \u0130\u00e7i\u015fleri Bakan\u0131m\u0131za, Bakanl\u0131\u011f\u0131m\u0131z\u0131n ilgili birimlerine, AFAD Ba\u015fkanl\u0131\u011f\u0131m\u0131za ve AFAD birimlerimize, \u0130RAP \u0130zleme ve De\u011ferlendirme Kurullar\u0131nda g\u00f6rev \u00fcstlenen b\u00fct\u00fcn kurumlar\u0131m\u0131za te\u015fekk\u00fcr ediyorum.<\/p>\n<p>Afetlere haz\u0131rl\u0131kl\u0131 olmal\u0131y\u0131z, afetler konusunda duyarl\u0131 olmal\u0131y\u0131z. Ad\u0131mlar\u0131m\u0131z\u0131 atarken evimizi in\u015fa ederken kesinlikle y\u00f6netmeliklere uygun \u015fekilde in\u015fa etmeliyiz. Evlerimizde \u00e7ocuklar\u0131m\u0131z\u0131 afet bilinci ile yeti\u015ftirmeliyiz. Okullar\u0131m\u0131zda \u00e7ocuklar\u0131m\u0131za rehberlik ediliyor, ayd\u0131nlat\u0131l\u0131yor, \u00f6\u011fretiliyor. Evlerde de bu duyarl\u0131l\u0131\u011f\u0131n devam etmesi \u00e7ok \u00f6nemlidir.<br \/>\nBulundu\u011fumuz binalar\u0131n sa\u011flaml\u0131l\u0131\u011f\u0131 ile ilgili kom\u015fularla da bir araya gelmek suretiyle de\u011ferlendirme yapmal\u0131, devletimizin sundu\u011fu imkanlardan yaralanarak yerinde d\u00f6n\u00fc\u015f\u00fcm ile ilgili imkanlardan faydalan\u0131lmal\u0131d\u0131r. Devletimiz bu konuda imkanlar sunuyor. Sorumlu birimler olarak \u00f6zellikle belediyelerin bu konuda duyarl\u0131 olmas\u0131, kentsel d\u00f6n\u00fc\u015f\u00fcm\u00fc \u00f6nemsemesi ve gerekli ad\u0131mlar\u0131 atmas\u0131 gerekmektedir.<\/p>\n<p>Ya\u015flanm\u0131\u015f binalar\u0131m\u0131z\u0131n geri d\u00f6n\u00fc\u015f\u00fcm konusunda ad\u0131m at\u0131lmas\u0131, vatanda\u015flar\u0131m\u0131z\u0131n da bu s\u00fcre\u00e7te i\u015f birli\u011fi yapmas\u0131 gerekiyor. Eski yap\u0131 ve yerle\u015fimlerin depreme dayan\u0131kl\u0131 hale gelmesi ancak bu \u015fekilde m\u00fcmk\u00fcn olur. Yang\u0131n konusunda kampanyalar yap\u0131yoruz. Tar\u0131m ve Orman Bakanl\u0131\u011f\u0131m\u0131z himayesinde \u2018Orman Benim\u2019 kampanyas\u0131 yap\u0131lm\u0131\u015ft\u0131. Ormanlar bizim, hepimizin; ormanlar\u0131 korumak ve kollamak yang\u0131n riski olacak en ufak unsura bile m\u00fcsaade etmemek, onlar\u0131 bertaraf etmek sorumlu birimler kadar vatanda\u015f olarak hepimizin g\u00f6revidir. Bu konuda da duyarl\u0131 olmam\u0131z gerekiyor. <\/p>\n<p>Afet riski olan dere yataklar\u0131na da ev yapmaya tevess\u00fcl etmemek, varsa da bunlar\u0131n kald\u0131r\u0131lmas\u0131 konusunda ilgili birimlere yard\u0131mc\u0131 olmak has\u0131l\u0131 toplumsal bir duyarl\u0131l\u0131kla kurumlar\u0131m\u0131z bir yandan \u00fczerine d\u00fc\u015fen ad\u0131mlar\u0131 atarken bir yandan bizler vatanda\u015f olarak yapaca\u011f\u0131m\u0131z bir i\u015fte \u2018bir g\u00fcn burada afet olursa sonucu ne olur? sorusunu sorup tedbirli hareket etmeliyiz. Sorumlu birimler y\u00f6nlendirme ve denetlemeleri yapacak vatanda\u015f olarak biz de \u00f6z denetimimizi yapaca\u011f\u0131z, yapmal\u0131y\u0131z; duyarl\u0131 olal\u0131m ki afetin her t\u00fcr\u00fcne kar\u015f\u0131 toplumsal bir diren\u00e7 olu\u015ftural\u0131m. Haz\u0131rl\u0131kl\u0131 olal\u0131m ve etkisini minimize edelim.<\/p>\n<p>En b\u00fcy\u00fck temennimiz, duam\u0131z elbette ki afetlerin ya\u015fanmamas\u0131d\u0131r. Ama \u00f6nce tedbir, sonra tevekk\u00fcl diyoruz. Hem b\u00fct\u00fcn kurum ve kurulu\u015flar\u0131n hem de b\u00fct\u00fcn vatanda\u015flar\u0131m\u0131z\u0131n deprem ve b\u00fct\u00fcn afetlere kar\u015f\u0131 hem bilin\u00e7li hem de tedbirli ve haz\u0131rl\u0131kl\u0131 olmas\u0131 hayati \u00f6neme haizdir. Allah \u00fclkemizi, milletimizi, b\u00fct\u00fcn afetlerden depremlerden korusun.\u201d dedi.<\/p>\n","protected":false},"excerpt":{"rendered":"<p>Valimiz Ali Hamza Pehlivan ba\u015fkanl\u0131\u011f\u0131nda, Afetlerin olas\u0131 etkilerini ortaya koyan ve bu etkileri en aza indirebilmek i\u00e7in afetler ya\u015fanmadan \u00f6nce yap\u0131lacak \u00e7al\u0131\u015fmalar\u0131 bir s\u00fcre\u00e7 d\u00e2hilinde tarif eden, sorumlular\u0131 ve sorumluluklar\u0131 &hellip; <a href=\"https:\/\/akdenizolaygazetesi.com\/?p=32332\" class=\"more-link\">Devam\u0131n\u0131 Oku&#8230;<\/a><\/p>\n","protected":false},"author":2,"featured_media":0,"comment_status":"open","ping_status":"open","sticky":false,"template":"","format":"standard","meta":[],"categories":[1,2,3],"tags":[],"_links":{"self":[{"href":"https:\/\/akdenizolaygazetesi.com\/index.php?rest_route=\/wp\/v2\/posts\/32332"}],"collection":[{"href":"https:\/\/akdenizolaygazetesi.com\/index.php?rest_route=\/wp\/v2\/posts"}],"about":[{"href":"https:\/\/akdenizolaygazetesi.com\/index.php?rest_route=\/wp\/v2\/types\/post"}],"author":[{"embeddable":true,"href":"https:\/\/akdenizolaygazetesi.com\/index.php?rest_route=\/wp\/v2\/users\/2"}],"replies":[{"embeddable":true,"href":"https:\/\/akdenizolaygazetesi.com\/index.php?rest_route=%2Fwp%2Fv2%2Fcomments&post=32332"}],"version-history":[{"count":1,"href":"https:\/\/akdenizolaygazetesi.com\/index.php?rest_route=\/wp\/v2\/posts\/32332\/revisions"}],"predecessor-version":[{"id":32333,"href":"https:\/\/akdenizolaygazetesi.com\/index.php?rest_route=\/wp\/v2\/posts\/32332\/revisions\/32333"}],"wp:attachment":[{"href":"https:\/\/akdenizolaygazetesi.com\/index.php?rest_route=%2Fwp%2Fv2%2Fmedia&parent=32332"}],"wp:term":[{"taxonomy":"category","embeddable":true,"href":"https:\/\/akdenizolaygazetesi.com\/index.php?rest_route=%2Fwp%2Fv2%2Fcategories&post=32332"},{"taxonomy":"post_tag","embeddable":true,"href":"https:\/\/akdenizolaygazetesi.com\/index.php?rest_route=%2Fwp%2Fv2%2Ftags&post=32332"}],"curies":[{"name":"wp","href":"https:\/\/api.w.org\/{rel}","templated":true}]}}