{"id":32337,"date":"2024-10-09T16:29:15","date_gmt":"2024-10-09T13:29:15","guid":{"rendered":"http:\/\/akdenizolaygazetesi.com\/?p=32337"},"modified":"2024-10-09T16:29:15","modified_gmt":"2024-10-09T13:29:15","slug":"deva-partili-ekmen-milli-egitim-bakanligi-okullarin-guvenligi-ile-ne-zaman-ilgilenecek","status":"publish","type":"post","link":"https:\/\/akdenizolaygazetesi.com\/?p=32337","title":{"rendered":"DEVA Partili Ekmen: Mill\u00ee E\u011fitim Bakanl\u0131\u011f\u0131 okullar\u0131n g\u00fcvenli\u011fi ile ne zaman ilgilenecek?"},"content":{"rendered":"<p>DEVA Partisi Genel Ba\u015fkan Yard\u0131mc\u0131s\u0131 Mehmet Emin Ekmen, TBMM Genel Kurulunda s\u00f6z alarak okullarda ve halk e\u011fitim merkezlerinde ya\u015fanan sorunlara tek tek de\u011findi. Halk e\u011fitim merkezlerindeki sorunlar\u0131n giderek artt\u0131\u011f\u0131n\u0131 belirten Ekmen, okul \u00f6nlerinde uyu\u015fturucu sat\u0131\u015f\u0131n\u0131n yap\u0131ld\u0131\u011f\u0131n\u0131 vurgulayarak, \u201cOkullarda d\u00fczenli g\u00fcvenlik g\u00f6revlilerinin istihdam edilmesi ne zaman okul aile birliklerinin sorumlulu\u011fundan al\u0131n\u0131p Mill\u00ee E\u011fitim Bakanl\u0131\u011f\u0131n\u0131n sorumlulu\u011funa verilecektir?\u201d diye sordu.<\/p>\n<p>DEVA Partisi Genel Ba\u015fkan Yard\u0131mc\u0131s\u0131 ve Mersin Milletvekili Mehmet Emin Ekmen, TBMM Genel Kurulu\u2019nda s\u00f6z alarak e\u011fitim ve \u00f6\u011fretimde ya\u015fanan s\u0131k\u0131nt\u0131larla ilgili de\u011ferlendirmelerde bulundu. <\/p>\n<p>Okul g\u00fcvenli\u011fi ne zaman Mili E\u011fitim Bakanl\u0131\u011f\u0131na verilecek? <\/p>\n<p>Tasarruf genelgesinden kaynakl\u0131 okullarda temizlik i\u015fini bakan \u0130\u015eKUR personelinin i\u015fe d\u00fc\u015f\u00fck bir \u00e7al\u0131\u015fma saatiyle ba\u015flat\u0131ld\u0131\u011f\u0131n\u0131 s\u00f6yleyen Ekmen, s\u00f6z konusu duruma kar\u015f\u0131n Mill\u00ee E\u011fitim Bakanl\u0131\u011f\u0131\u2019n\u0131n herhangi bir \u00e7al\u0131\u015fmas\u0131n\u0131n olup olmad\u0131\u011f\u0131n\u0131 sordu. Okullar\u0131n g\u00fcvenlik meselesine de\u011finen Ekmen, \u201cOkullar\u0131n \u00f6n\u00fcnde uyu\u015fturucu sat\u0131\u015flar\u0131 ald\u0131 ba\u015f\u0131n\u0131 gidiyor. Okullarda her t\u00fcrl\u00fc \u015fiddete rastl\u0131yoruz. Okullarda d\u00fczenli g\u00fcvenlik g\u00f6revlilerinin istihdam edilmesi ne zaman okul aile birliklerinin sorumlulu\u011fundan al\u0131n\u0131p Mill\u00ee E\u011fitim Bakanl\u0131\u011f\u0131n\u0131n sorumlulu\u011funa verilecektir?\u201d diye sordu. <\/p>\n<p>Halk e\u011fitim merkezlerinde ciddi sorunlar ya\u015fan\u0131yor!<\/p>\n<p>Halk e\u011fitim merkezlerinde a\u00e7\u0131lan bir\u00e7ok kursun \u015fu anda a\u00e7\u0131lamad\u0131\u011f\u0131n\u0131 dile getiren Ekmen, \u201cBir\u00e7ok okulda bu nedenle \u00f6\u011frencilere vadedilen se\u00e7meli dersler verilemiyor. Bir\u00e7ok alanda sorunlar ya\u015fan\u0131yor ve halk e\u011fitim merkezlerindeki a\u00e7\u0131lamayan bu kurslarla ilgili olarak bir d\u00fczenleme var m\u0131?\u201d dedi.<\/p>\n","protected":false},"excerpt":{"rendered":"<p>DEVA Partisi Genel Ba\u015fkan Yard\u0131mc\u0131s\u0131 Mehmet Emin Ekmen, TBMM Genel Kurulunda s\u00f6z alarak okullarda ve halk e\u011fitim merkezlerinde ya\u015fanan sorunlara tek tek de\u011findi. Halk e\u011fitim merkezlerindeki sorunlar\u0131n giderek artt\u0131\u011f\u0131n\u0131 belirten &hellip; <a href=\"https:\/\/akdenizolaygazetesi.com\/?p=32337\" class=\"more-link\">Devam\u0131n\u0131 Oku&#8230;<\/a><\/p>\n","protected":false},"author":2,"featured_media":31099,"comment_status":"open","ping_status":"open","sticky":false,"template":"","format":"standard","meta":[],"categories":[1,2,3],"tags":[],"_links":{"self":[{"href":"https:\/\/akdenizolaygazetesi.com\/index.php?rest_route=\/wp\/v2\/posts\/32337"}],"collection":[{"href":"https:\/\/akdenizolaygazetesi.com\/index.php?rest_route=\/wp\/v2\/posts"}],"about":[{"href":"https:\/\/akdenizolaygazetesi.com\/index.php?rest_route=\/wp\/v2\/types\/post"}],"author":[{"embeddable":true,"href":"https:\/\/akdenizolaygazetesi.com\/index.php?rest_route=\/wp\/v2\/users\/2"}],"replies":[{"embeddable":true,"href":"https:\/\/akdenizolaygazetesi.com\/index.php?rest_route=%2Fwp%2Fv2%2Fcomments&post=32337"}],"version-history":[{"count":1,"href":"https:\/\/akdenizolaygazetesi.com\/index.php?rest_route=\/wp\/v2\/posts\/32337\/revisions"}],"predecessor-version":[{"id":32338,"href":"https:\/\/akdenizolaygazetesi.com\/index.php?rest_route=\/wp\/v2\/posts\/32337\/revisions\/32338"}],"wp:featuredmedia":[{"embeddable":true,"href":"https:\/\/akdenizolaygazetesi.com\/index.php?rest_route=\/wp\/v2\/media\/31099"}],"wp:attachment":[{"href":"https:\/\/akdenizolaygazetesi.com\/index.php?rest_route=%2Fwp%2Fv2%2Fmedia&parent=32337"}],"wp:term":[{"taxonomy":"category","embeddable":true,"href":"https:\/\/akdenizolaygazetesi.com\/index.php?rest_route=%2Fwp%2Fv2%2Fcategories&post=32337"},{"taxonomy":"post_tag","embeddable":true,"href":"https:\/\/akdenizolaygazetesi.com\/index.php?rest_route=%2Fwp%2Fv2%2Ftags&post=32337"}],"curies":[{"name":"wp","href":"https:\/\/api.w.org\/{rel}","templated":true}]}}