{"id":32342,"date":"2024-10-10T14:48:57","date_gmt":"2024-10-10T11:48:57","guid":{"rendered":"http:\/\/akdenizolaygazetesi.com\/?p=32342"},"modified":"2024-10-10T14:48:57","modified_gmt":"2024-10-10T11:48:57","slug":"mersin-buyuksehirin-otizm-aile-danisma-merkezi-1-yasinda","status":"publish","type":"post","link":"https:\/\/akdenizolaygazetesi.com\/?p=32342","title":{"rendered":"MERS\u0130N B\u00dcY\u00dcK\u015eEH\u0130R\u2019\u0130N OT\u0130ZM A\u0130LE DANI\u015eMA MERKEZ\u0130 1 YA\u015eINDA!"},"content":{"rendered":"<p>Mersin B\u00fcy\u00fck\u015fehir Belediye Ba\u015fkan\u0131 Vahap Se\u00e7er ve Meral Se\u00e7er, &#8216;Otizm Aile Dan\u0131\u015fma Merkezi&#8217;ndeki \u00e7ocuklar ve aileleri bir araya gelerek, merkezin a\u00e7\u0131l\u0131\u015f\u0131n\u0131n 1. y\u0131l d\u00f6n\u00fcm\u00fc dolay\u0131s\u0131yla pasta kesti. Ba\u015fkan Se\u00e7er ve Meral Se\u00e7er, \u00e7ocuklar ve aileleri ile keyifli bir g\u00fcn ge\u00e7irdi.<\/p>\n<p>Mersin B\u00fcy\u00fck\u015fehir Belediyesi Sa\u011fl\u0131k \u0130\u015fleri Dairesi Ba\u015fkan\u0131 Dr. H\u00fclya Atila ve uzmanlardan merkez hakk\u0131nda bilgi alan Ba\u015fkan Se\u00e7er ve Meral Se\u00e7er, \u00e7ocuklar, aileleri ve merkezdeki uzmanlar ile aile foto\u011fraf\u0131 \u00e7ektirdi.<\/p>\n<p>Se\u00e7er: &#8220;Otizmin bir eksiklik de\u011fil, bir fark\u0131ndal\u0131k oldu\u011funun bilincindeyiz&#8221;<\/p>\n<p>\u00c7ocuklar\u0131n ve ailelerinin hem mutlu hem de enerjisi y\u00fcksek oldu\u011funu kaydederek konu\u015fmas\u0131na ba\u015flayan Ba\u015fkan Se\u00e7er, &#8220;Buras\u0131 T\u00fcrkiye&#8217;de yerel y\u00f6netimlerde bir ilk. Bunun burada olmas\u0131 Mersin&#8217;imiz ve otizmli bireylere sahip ailelerimiz a\u00e7\u0131s\u0131ndan son derece \u00f6nemli. Burada 0-72 ay aras\u0131 Otizm Spektrum tan\u0131s\u0131 konan \u00e7ocuklar\u0131m\u0131z\u0131n e\u011fitimine destek veriyoruz&#8221; diyerek, otizm tan\u0131s\u0131nda 0-6 ya\u015f aral\u0131\u011f\u0131n\u0131n \u00f6nemine dikkat \u00e7ekti.<\/p>\n<p>Erken tan\u0131n\u0131n \u00e7ocuklar\u0131n gelecek ya\u015famlar\u0131 i\u00e7in \u00e7ok \u00f6nemli oldu\u011funu vurgulayan Se\u00e7er, &#8220;E\u011fer do\u011fru zamanda, do\u011fru dokunu\u015flar ve e\u011fitimler verilirse bu \u00e7ocuklar\u0131m\u0131z\u0131n ya\u015fam\u0131n\u0131 kolayla\u015ft\u0131r\u0131yor. Onlar bizim evlatlar\u0131m\u0131z. Otizmin bir eksiklik de\u011fil, bir fark\u0131ndal\u0131k oldu\u011funun bilincinde olmam\u0131z laz\u0131m. Biz de y\u00f6neticiler olarak bu anlay\u0131\u015fla sadece bu alanda de\u011fil, Mersin&#8217;de her alanda \u00e7al\u0131\u015f\u0131yoruz&#8221; diyerek, B\u00fcy\u00fck\u015fehir&#8217;in bir\u00e7ok biriminin yurtta\u015flar\u0131n hayat\u0131n\u0131 kolayla\u015ft\u0131rmak i\u00e7in \u00e7al\u0131\u015ft\u0131\u011f\u0131n\u0131 s\u00f6yledi.<\/p>\n<p>&#8220;T\u00fcrkiye&#8217;de \u00f6rnek g\u00f6sterilecek sosyal politikalar \u00e7al\u0131\u015fmas\u0131 yap\u0131yoruz&#8221;<\/p>\n<p>T\u00fcrkiye&#8217;de \u00f6rnek g\u00f6sterilecek sosyal politikalara imza att\u0131klar\u0131n\u0131 vurgulayan Se\u00e7er, &#8220;Sizler ad\u0131na gururla ifade edeyim; bizlerin yapt\u0131\u011f\u0131 her i\u015f Mersin halk\u0131n\u0131n yapt\u0131\u011f\u0131 i\u015ftir ve ba\u015far\u0131d\u0131r. Mersin B\u00fcy\u00fck\u015fehir Belediyesi, T\u00fcrkiye&#8217;de \u00f6rnek g\u00f6sterilecek sosyal politikalar \u00e7al\u0131\u015fmas\u0131 yapan bir belediye. \u00d6zel bireylerimizle ilgili \u00f6n\u00fcm\u00fczdeki d\u00f6nemde de devam edecek bir\u00e7ok \u00e7al\u0131\u015fmam\u0131z var. \u0130htiya\u00e7 duyduklar\u0131 her konuda onlara yard\u0131mc\u0131 olmaya \u00e7al\u0131\u015f\u0131yoruz&#8221; diye konu\u015ftu.<\/p>\n<p>&#8220;Kenti y\u00f6neten insanlar\u0131n bir anne ve bir baba ile ayn\u0131 duygular\u0131 ta\u015f\u0131mas\u0131 gerekiyor&#8221;<\/p>\n<p>Gelecek 5 y\u0131lda da s\u00f6z verdikleri yeni projelere imza atacaklar\u0131n\u0131 duyuran Se\u00e7er, Mola Evi&#8217;ni di\u011fer il\u00e7elere de a\u00e7acaklar\u0131n\u0131, ayn\u0131 zamanda Toroslar Engelsiz Ya\u015fam Merkezi&#8217;nin yan\u0131ndaki alana \u00f6zel gereksinimli bireylerin zaman ge\u00e7irecekleri yeni bir merkez de in\u015fa edeceklerinin bilgisini payla\u015ft\u0131. Ailelerin \u00f6zel gereksinimli bireylerin e\u011fitiminde \u00f6ncelikli bir g\u00f6rev \u00fcstlendiklerini kaydeden Se\u00e7er, &#8220;Onlar bizim i\u00e7in bir y\u00fck de\u011fil. Bunu her ortamda s\u00f6ylememiz ve bu fark\u0131ndal\u0131\u011f\u0131 yaratmam\u0131z laz\u0131m. Hayat\u0131n her alan\u0131nda mutlaka zorluklar oluyor ama her \u015feyden \u00f6nce sosyal devlet olarak biz belediyelerin her zaman sizlerin yan\u0131nda olma zorunlulu\u011fumuz var. Bu konuda da Mersin B\u00fcy\u00fck\u015fehir Belediyesi olarak sorumlulu\u011fumuzun fark\u0131nda olarak, 5 y\u0131ll\u0131k s\u00fcremizde hizmet yapt\u0131k. \u00d6n\u00fcm\u00fczdeki s\u00fcre\u00e7te bunlar\u0131 daha da art\u0131rarak devam ettirece\u011fiz&#8221; diye konu\u015ftu. Merkeze, e\u015fi Meral Se\u00e7er ile beraber geldiklerinin alt\u0131n\u0131 \u00e7izen Se\u00e7er, &#8220;Kenti y\u00f6neten insanlar\u0131n bir anne ve bir baba gibi sorunlar kar\u015f\u0131s\u0131nda ayn\u0131 duygular\u0131 ta\u015f\u0131mas\u0131 gerekiyor&#8221; dedi.<\/p>\n<p>Yerden: &#8220;Merkez sayesinde k\u0131sa s\u00fcrede \u00e7ok b\u00fcy\u00fck ilerleme kaydettik&#8221;<\/p>\n<p>Otizm Spektrum Serebral Palsi tan\u0131s\u0131 olan Uygar Yerden&#8217;in annesi B\u00fc\u015fra Yerden, &#8220;Bug\u00fcn okulumuz 1 ya\u015f\u0131nda. Biz 8-9 ayd\u0131r buradan faydalan\u0131yoruz. \u0130lk \u00f6nce duyu b\u00fct\u00fcnleme olarak ba\u015flam\u0131\u015ft\u0131k ve o\u011flumun otizm oldu\u011funu daha sonras\u0131nda \u00f6\u011frendim&#8221; dedi. Tedavi s\u00fcrecinde g\u00fczel geli\u015fmeler ya\u015fad\u0131klar\u0131n\u0131 vurgulayan Yerden, &#8220;O\u011flum \u00f6\u011fretmenlerini \u00e7ok seviyor. \u0130leti\u015fim anlam\u0131nda arkada\u015flar\u0131yla ve \u00f6\u011fretmenleriyle \u00e7ok sosyal&#8221; diyerek, merkezden duydu\u011fu memnuniyeti dile getirdi. Okulda ald\u0131klar\u0131 e\u011fitimin yetmedi\u011fini kaydeden Yerden, \u00fccretsiz ve evine yak\u0131n b\u00f6yle bir merkezin olmas\u0131ndan dolay\u0131 \u00e7ok mutlu olduklar\u0131n\u0131 kaydederek, &#8220;Ba\u015fkan\u0131m\u0131za b\u00f6yle bir imk\u00e2n\u0131 sundu\u011fu i\u00e7in \u00e7ok te\u015fekk\u00fcr ediyoruz&#8221; dedi.<\/p>\n<p>Yi\u011fit: &#8220;\u00d6zel e\u011fitim \u00fccretleri \u00e7ok y\u00fcksek, o y\u00fczden Vahap Bey&#8217;e sonsuz te\u015fekk\u00fcr ediyorum&#8221;<\/p>\n<p>Otizm Aile Dan\u0131\u015fma Merkezi&#8217;nden faydalanan ve hizmetten \u00e7ok memnun oldu\u011funu s\u00f6yleyen Sibel Yi\u011fit, &#8220;O\u011flum buran\u0131n \u00f6ncesinde seslenmelerimize tepki vermiyordu ve g\u00f6z temas\u0131 kurmuyordu. \u015eu an her \u015fey \u00e7ok g\u00fczel gidiyor. B\u00fcy\u00fck\u015fehir Belediyesi&#8217;nin vermi\u015f oldu\u011fu bu e\u011fitimin t\u00fcm belediyelere \u00f6rnek olmas\u0131n\u0131 temenni ediyorum. \u00c7\u00fcnk\u00fc d\u0131\u015far\u0131da \u00f6zel e\u011fitim \u00fccretleri \u00e7ok y\u00fcksek ve bunu \u00e7o\u011fu aile kar\u015f\u0131layamayabiliyor. O y\u00fczden B\u00fcy\u00fck\u015fehir Belediye Ba\u015fkan\u0131m\u0131z Vahap Bey&#8217;e sonsuz te\u015fekk\u00fcr ediyorum. Buradaki t\u00fcm \u00f6\u011fretmenlerimize de eme\u011finden dolay\u0131 te\u015fekk\u00fcr ediyorum&#8221; diye konu\u015ftu.<\/p>\n<p>Merkez, 9 Ekim 2023 tarihinden bu yana hizmet veriyor<\/p>\n<p>Yeni\u015fehir \u0130l\u00e7esi Akkent Mahallesi&#8217;nde yer alan ve Mersin B\u00fcy\u00fck\u015fehir Belediyesi Sa\u011fl\u0131k \u0130\u015fleri Dairesi Ba\u015fkanl\u0131\u011f\u0131 Engelliler \u015eube M\u00fcd\u00fcrl\u00fc\u011f\u00fc b\u00fcnyesinde hizmet veren Otizm Aile Dan\u0131\u015fma Merkezi 9 Ekim 2023 tarihinden bu yana hem \u00e7ocuklar\u0131n geli\u015fimlerine hem de ailelere hizmet veriyor. Mersin B\u00fcy\u00fck\u015fehir Belediyesi; 0-6 ya\u015f aras\u0131 otizmli \u00e7ocuklara ve ailelerine bu hizmeti sunan ilk ve tek belediye olma \u00f6zelli\u011fi ta\u015f\u0131yor.<\/p>\n<p>Otizm Aile Dan\u0131\u015fma Merkezi&#8217;nde neler yap\u0131l\u0131yor?<\/p>\n<p>100 \u00f6\u011frenci kapasiteli merkezde 9 personel ile hizmet veren Mersin B\u00fcy\u00fck\u015fehir; okul \u00f6ncesi \u00f6\u011fretmenler, fizyoterapist, ergoterapist, \u00e7ocuk geli\u015fimi uzman\u0131 ve psikolog ile hizmetlerine devam ediyor. 0-72 ay aras\u0131 Otizm Spektrum Bozukluk tan\u0131s\u0131 konan \u00e7ocuklar\u0131n ve ailelerinin faydalanabildi\u011fi &#8216;Otizm Aile Dan\u0131\u015fma Merkezi&#8217; hem \u00e7ocuklar\u0131n geli\u015fimlerine hem de ailelerine bu s\u00fcre\u00e7te destek oluyor. 72 aydan b\u00fcy\u00fck otizmli bireyler de Mersin B\u00fcy\u00fck\u015fehir&#8217;in Engelsiz Ya\u015fam Merkezi&#8217;ndeki hizmetlerden faydalanabiliyor. Merkezde; 0-72 ay \u00e7ocuklara bilimsel uygulamalar ile \u00fccretsiz hizmet verilirken, duyu b\u00fct\u00fcnleme ve ergoterapi hizmetleri, \u00f6zel e\u011fitim dersleri, grup e\u011fitimi ve bah\u00e7e aktiviteleri, geli\u015fim de\u011ferlendirme ve ebeveyn dan\u0131\u015fmanl\u0131\u011f\u0131 ile aile bilgilendirme seminerleri veriliyor. Ba\u015fvuruda bulunmak isteyen aileler ALO 185 ile Engelsiz Ya\u015fam Merkezi ve Otizm Aile Dan\u0131\u015fma Merkezi&#8217;ne ba\u015fvuru yapabiliyor.<\/p>\n","protected":false},"excerpt":{"rendered":"<p>Mersin B\u00fcy\u00fck\u015fehir Belediye Ba\u015fkan\u0131 Vahap Se\u00e7er ve Meral Se\u00e7er, &#8216;Otizm Aile Dan\u0131\u015fma Merkezi&#8217;ndeki \u00e7ocuklar ve aileleri bir araya gelerek, merkezin a\u00e7\u0131l\u0131\u015f\u0131n\u0131n 1. y\u0131l d\u00f6n\u00fcm\u00fc dolay\u0131s\u0131yla pasta kesti. Ba\u015fkan Se\u00e7er ve &hellip; <a href=\"https:\/\/akdenizolaygazetesi.com\/?p=32342\" class=\"more-link\">Devam\u0131n\u0131 Oku&#8230;<\/a><\/p>\n","protected":false},"author":2,"featured_media":32343,"comment_status":"open","ping_status":"open","sticky":false,"template":"","format":"standard","meta":[],"categories":[1,2,3],"tags":[],"_links":{"self":[{"href":"https:\/\/akdenizolaygazetesi.com\/index.php?rest_route=\/wp\/v2\/posts\/32342"}],"collection":[{"href":"https:\/\/akdenizolaygazetesi.com\/index.php?rest_route=\/wp\/v2\/posts"}],"about":[{"href":"https:\/\/akdenizolaygazetesi.com\/index.php?rest_route=\/wp\/v2\/types\/post"}],"author":[{"embeddable":true,"href":"https:\/\/akdenizolaygazetesi.com\/index.php?rest_route=\/wp\/v2\/users\/2"}],"replies":[{"embeddable":true,"href":"https:\/\/akdenizolaygazetesi.com\/index.php?rest_route=%2Fwp%2Fv2%2Fcomments&post=32342"}],"version-history":[{"count":1,"href":"https:\/\/akdenizolaygazetesi.com\/index.php?rest_route=\/wp\/v2\/posts\/32342\/revisions"}],"predecessor-version":[{"id":32344,"href":"https:\/\/akdenizolaygazetesi.com\/index.php?rest_route=\/wp\/v2\/posts\/32342\/revisions\/32344"}],"wp:featuredmedia":[{"embeddable":true,"href":"https:\/\/akdenizolaygazetesi.com\/index.php?rest_route=\/wp\/v2\/media\/32343"}],"wp:attachment":[{"href":"https:\/\/akdenizolaygazetesi.com\/index.php?rest_route=%2Fwp%2Fv2%2Fmedia&parent=32342"}],"wp:term":[{"taxonomy":"category","embeddable":true,"href":"https:\/\/akdenizolaygazetesi.com\/index.php?rest_route=%2Fwp%2Fv2%2Fcategories&post=32342"},{"taxonomy":"post_tag","embeddable":true,"href":"https:\/\/akdenizolaygazetesi.com\/index.php?rest_route=%2Fwp%2Fv2%2Ftags&post=32342"}],"curies":[{"name":"wp","href":"https:\/\/api.w.org\/{rel}","templated":true}]}}