{"id":32345,"date":"2024-10-10T14:49:59","date_gmt":"2024-10-10T11:49:59","guid":{"rendered":"http:\/\/akdenizolaygazetesi.com\/?p=32345"},"modified":"2024-10-10T14:49:59","modified_gmt":"2024-10-10T11:49:59","slug":"cumhuriyet-halk-partisi-mezitli-ilce-baskani-av-ulas-yilmaz-10-ekimi-unutmadik","status":"publish","type":"post","link":"https:\/\/akdenizolaygazetesi.com\/?p=32345","title":{"rendered":"CUMHUR\u0130YET HALK PART\u0130S\u0130 MEZ\u0130TL\u0130 \u0130L\u00c7E BA\u015eKANI AV. ULA\u015e YILMAZ: &#8220;10 EK\u0130M&#8217;\u0130 UNUTMADIK&#8221;"},"content":{"rendered":"<p>Cumhuriyet Halk Partisi Mezitli \u0130l\u00e7e Ba\u015fkan\u0131 Av. Ula\u015f Y\u0131lmaz, 10 Ekim 2015 tarihinde ger\u00e7ekle\u015fen Ankara katliam\u0131n\u0131n y\u0131ld\u00f6n\u00fcm\u00fc dolay\u0131s\u0131yla bir anma mesaj\u0131 yay\u0131mlad\u0131.<\/p>\n<p>B\u0130R ARADA YA\u015eAMA \u0130RADES\u0130NE SALDIRI<\/p>\n<p>Y\u0131lmaz, mesaj\u0131nda, &#8220;10 Ekim 2015 tarihinde Ankara Gar\u0131 \u00f6n\u00fcnde ger\u00e7ekle\u015fen vahim bir sald\u0131r\u0131, \u00fclkemizi derinden sarsm\u0131\u015f ve \u00e7o\u011fu masum insan\u0131n hayat\u0131n\u0131 kaybetmesine sebep olmu\u015ftur. Bu ac\u0131 olay, toplumsal bar\u0131\u015f\u0131m\u0131za ve bir arada ya\u015fama irademize y\u00f6nelik bir sald\u0131r\u0131d\u0131r&#8221; ifadelerini kulland\u0131.<\/p>\n<p>Y\u0131lmaz, &#8220;Kaybetti\u011fimiz canlar\u0131m\u0131z\u0131 asla unutmayacak; onlara olan sayg\u0131m\u0131z\u0131 her daim ya\u015fataca\u011f\u0131z. 10 Ekim&#8217;in, birlik ve beraberli\u011fimizin ve bar\u0131\u015f\u0131n \u00f6nemini bir kez daha hat\u0131rlatt\u0131\u011f\u0131na inan\u0131yorum&#8221; \u015feklinde konu\u015ftu.<\/p>\n<p>Sald\u0131r\u0131n\u0131n ter\u00f6r ve sava\u015f\u0131 de\u011fil, sevgi ve ho\u015fg\u00f6r\u00fcn\u00fcn hakim oldu\u011fu bir d\u00fcnyaya olan ihtiyac\u0131 hat\u0131rlatt\u0131\u011f\u0131n\u0131 dile getiren Y\u0131lmaz, &#8220;Bar\u0131\u015f yolunda att\u0131\u011f\u0131m\u0131z her ad\u0131m, gelece\u011fimiz i\u00e7in bir umuttur&#8221; dedi.<\/p>\n<p>ANMA VE BA\u015eSA\u011eLI\u011eI<\/p>\n<p>Ba\u015fkan Y\u0131lmaz, hayat\u0131n\u0131 kaybedenleri sayg\u0131 ve \u00f6zlemle anarak, yak\u0131nlar\u0131na ba\u015fsa\u011fl\u0131\u011f\u0131 diledi.<\/p>\n","protected":false},"excerpt":{"rendered":"<p>Cumhuriyet Halk Partisi Mezitli \u0130l\u00e7e Ba\u015fkan\u0131 Av. Ula\u015f Y\u0131lmaz, 10 Ekim 2015 tarihinde ger\u00e7ekle\u015fen Ankara katliam\u0131n\u0131n y\u0131ld\u00f6n\u00fcm\u00fc dolay\u0131s\u0131yla bir anma mesaj\u0131 yay\u0131mlad\u0131. B\u0130R ARADA YA\u015eAMA \u0130RADES\u0130NE SALDIRI Y\u0131lmaz, mesaj\u0131nda, &#8220;10 &hellip; <a href=\"https:\/\/akdenizolaygazetesi.com\/?p=32345\" class=\"more-link\">Devam\u0131n\u0131 Oku&#8230;<\/a><\/p>\n","protected":false},"author":2,"featured_media":0,"comment_status":"open","ping_status":"open","sticky":false,"template":"","format":"standard","meta":[],"categories":[1,2,3],"tags":[],"_links":{"self":[{"href":"https:\/\/akdenizolaygazetesi.com\/index.php?rest_route=\/wp\/v2\/posts\/32345"}],"collection":[{"href":"https:\/\/akdenizolaygazetesi.com\/index.php?rest_route=\/wp\/v2\/posts"}],"about":[{"href":"https:\/\/akdenizolaygazetesi.com\/index.php?rest_route=\/wp\/v2\/types\/post"}],"author":[{"embeddable":true,"href":"https:\/\/akdenizolaygazetesi.com\/index.php?rest_route=\/wp\/v2\/users\/2"}],"replies":[{"embeddable":true,"href":"https:\/\/akdenizolaygazetesi.com\/index.php?rest_route=%2Fwp%2Fv2%2Fcomments&post=32345"}],"version-history":[{"count":1,"href":"https:\/\/akdenizolaygazetesi.com\/index.php?rest_route=\/wp\/v2\/posts\/32345\/revisions"}],"predecessor-version":[{"id":32346,"href":"https:\/\/akdenizolaygazetesi.com\/index.php?rest_route=\/wp\/v2\/posts\/32345\/revisions\/32346"}],"wp:attachment":[{"href":"https:\/\/akdenizolaygazetesi.com\/index.php?rest_route=%2Fwp%2Fv2%2Fmedia&parent=32345"}],"wp:term":[{"taxonomy":"category","embeddable":true,"href":"https:\/\/akdenizolaygazetesi.com\/index.php?rest_route=%2Fwp%2Fv2%2Fcategories&post=32345"},{"taxonomy":"post_tag","embeddable":true,"href":"https:\/\/akdenizolaygazetesi.com\/index.php?rest_route=%2Fwp%2Fv2%2Ftags&post=32345"}],"curies":[{"name":"wp","href":"https:\/\/api.w.org\/{rel}","templated":true}]}}