{"id":32382,"date":"2024-10-11T15:29:49","date_gmt":"2024-10-11T12:29:49","guid":{"rendered":"http:\/\/akdenizolaygazetesi.com\/?p=32382"},"modified":"2024-10-11T15:29:49","modified_gmt":"2024-10-11T12:29:49","slug":"toroslar-belediyesinden-ogrencilere-destek","status":"publish","type":"post","link":"https:\/\/akdenizolaygazetesi.com\/?p=32382","title":{"rendered":"TOROSLAR BELED\u0130YES\u0130NDEN \u00d6\u011eRENC\u0130LERE DESTEK"},"content":{"rendered":"<p>Toroslar Belediye Meclisi, \u00fcniversite programlar\u0131na yerle\u015fen \u00f6\u011frencilere e\u011fitim yard\u0131m\u0131 yap\u0131lmas\u0131 teklifini oy birli\u011fiyle kabul etti. E\u011fitim yard\u0131m\u0131ndan Toroslar&#8217;da ikamet eden ve son s\u0131nav sonu\u00e7lar\u0131na g\u00f6re \u00fcniversiteye yerle\u015fen \u00f6\u011frenciler faydalanacak.<\/p>\n<p>Toroslar Belediye Meclisi Ekim Ay\u0131 2. Birle\u015fim Toplant\u0131s\u0131, Toroslar Belediye Ba\u015fkan\u0131 Abdurrahman Y\u0131ld\u0131z ba\u015fkanl\u0131\u011f\u0131nda yap\u0131ld\u0131.<\/p>\n<p>Toplant\u0131da, \u00d6SYM taraf\u0131ndan yap\u0131lan 2024 Y\u0131l\u0131 Y\u00fcksek\u00f6\u011fretim Kurumlar\u0131 s\u0131nav\u0131nda T\u00fcrkiye&#8217;de yerle\u015fik devlet \u00fcniversitelerini kazanan \u00f6\u011frencilere \u00f6\u011frenim yard\u0131m\u0131nda bulunulmas\u0131na ili\u015fkin ilgili komisyonlarda g\u00f6r\u00fc\u015f\u00fclerek oy birli\u011fiyle kabul edildi.<\/p>\n<p>Buna g\u00f6re 2 y\u0131ll\u0131k \u00f6nlisans b\u00f6l\u00fcm\u00fcn\u00fc kazanan \u00f6\u011frencilere 4 bin TL, 4 y\u0131ll\u0131k lisans b\u00f6l\u00fcm\u00fcn\u00fc kazanan \u00f6\u011frencilere 8 bin TL, 5 y\u0131l ve \u00fczeri b\u00f6l\u00fcm kazanan \u00f6\u011frencilere ise 10 bin TL \u00f6\u011frenim yard\u0131m\u0131 yap\u0131lacak.<\/p>\n<p>BA\u015eKAN YILDIZ 10 EK\u0130M KATL\u0130AMINI UNUTMADI<\/p>\n<p>Toroslar Belediye Ba\u015fkan\u0131 Abdurrahman Y\u0131ld\u0131z, belediye meclisinde yapt\u0131\u011f\u0131 konu\u015fmada, 10 Ekim 2015&#8217;te Ankara&#8217;da yap\u0131lan bar\u0131\u015f mitingine yap\u0131lan sald\u0131r\u0131 sonucu hayat\u0131n\u0131 kaybeden yurtta\u015flar\u0131 and\u0131.<\/p>\n<p>Y\u0131ld\u0131z, &#8220;10 Ekim tarihi T\u00fcrkiye&#8217;nin yak\u0131n tarihi a\u00e7\u0131s\u0131ndan s\u0131k\u0131nt\u0131l\u0131 g\u00fcnlerden bir tanesi. 10 Ekim 2015 tarihi bilinen en b\u00fcy\u00fck sivil katliam\u0131n oldu\u011fu g\u00fcnd\u00fcr. Sendikalar\u0131n, demokratik kitle \u00f6rg\u00fctlerinin, siyasi partilerin miting yapt\u0131\u011f\u0131 bir alanda maalesef bir sald\u0131r\u0131s\u0131yla y\u00fczlerce yurtta\u015f\u0131m\u0131z ya\u015fam\u0131n\u0131 yitirdi. Bu gar patlamas\u0131nda ya\u015fam\u0131n\u0131 yitiren k\u0131ymetli hem\u015fehrilerimizi anarak meclis toplant\u0131s\u0131na ba\u015fmak istiyorum&#8221; ifadelerini kulland\u0131.<\/p>\n<p>Ba\u015fkan Y\u0131ld\u0131z, konu\u015fmas\u0131nda 11 Ekim D\u00fcnya K\u0131z \u00c7ocuklar\u0131 G\u00fcn\u00fc&#8217;ne de dikkat \u00e7ekti ve k\u0131z \u00e7ocuklar\u0131n\u0131n ayr\u0131mc\u0131l\u0131\u011fa, \u015fiddete, s\u00f6m\u00fcr\u00fcye u\u011framad\u0131\u011f\u0131 bir d\u00fcnya dile\u011fini dile getirdi.<\/p>\n","protected":false},"excerpt":{"rendered":"<p>Toroslar Belediye Meclisi, \u00fcniversite programlar\u0131na yerle\u015fen \u00f6\u011frencilere e\u011fitim yard\u0131m\u0131 yap\u0131lmas\u0131 teklifini oy birli\u011fiyle kabul etti. E\u011fitim yard\u0131m\u0131ndan Toroslar&#8217;da ikamet eden ve son s\u0131nav sonu\u00e7lar\u0131na g\u00f6re \u00fcniversiteye yerle\u015fen \u00f6\u011frenciler faydalanacak. Toroslar &hellip; <a href=\"https:\/\/akdenizolaygazetesi.com\/?p=32382\" class=\"more-link\">Devam\u0131n\u0131 Oku&#8230;<\/a><\/p>\n","protected":false},"author":2,"featured_media":32383,"comment_status":"open","ping_status":"open","sticky":false,"template":"","format":"standard","meta":[],"categories":[1,2,3],"tags":[],"_links":{"self":[{"href":"https:\/\/akdenizolaygazetesi.com\/index.php?rest_route=\/wp\/v2\/posts\/32382"}],"collection":[{"href":"https:\/\/akdenizolaygazetesi.com\/index.php?rest_route=\/wp\/v2\/posts"}],"about":[{"href":"https:\/\/akdenizolaygazetesi.com\/index.php?rest_route=\/wp\/v2\/types\/post"}],"author":[{"embeddable":true,"href":"https:\/\/akdenizolaygazetesi.com\/index.php?rest_route=\/wp\/v2\/users\/2"}],"replies":[{"embeddable":true,"href":"https:\/\/akdenizolaygazetesi.com\/index.php?rest_route=%2Fwp%2Fv2%2Fcomments&post=32382"}],"version-history":[{"count":1,"href":"https:\/\/akdenizolaygazetesi.com\/index.php?rest_route=\/wp\/v2\/posts\/32382\/revisions"}],"predecessor-version":[{"id":32384,"href":"https:\/\/akdenizolaygazetesi.com\/index.php?rest_route=\/wp\/v2\/posts\/32382\/revisions\/32384"}],"wp:featuredmedia":[{"embeddable":true,"href":"https:\/\/akdenizolaygazetesi.com\/index.php?rest_route=\/wp\/v2\/media\/32383"}],"wp:attachment":[{"href":"https:\/\/akdenizolaygazetesi.com\/index.php?rest_route=%2Fwp%2Fv2%2Fmedia&parent=32382"}],"wp:term":[{"taxonomy":"category","embeddable":true,"href":"https:\/\/akdenizolaygazetesi.com\/index.php?rest_route=%2Fwp%2Fv2%2Fcategories&post=32382"},{"taxonomy":"post_tag","embeddable":true,"href":"https:\/\/akdenizolaygazetesi.com\/index.php?rest_route=%2Fwp%2Fv2%2Ftags&post=32382"}],"curies":[{"name":"wp","href":"https:\/\/api.w.org\/{rel}","templated":true}]}}