{"id":32388,"date":"2024-10-11T15:33:37","date_gmt":"2024-10-11T12:33:37","guid":{"rendered":"http:\/\/akdenizolaygazetesi.com\/?p=32388"},"modified":"2024-10-11T15:33:37","modified_gmt":"2024-10-11T12:33:37","slug":"buyuksehir-kadinlari-onceleyen-projelere-imza-atmayi-surduruyor","status":"publish","type":"post","link":"https:\/\/akdenizolaygazetesi.com\/?p=32388","title":{"rendered":"B\u00dcY\u00dcK\u015eEH\u0130R, KADINLARI \u00d6NCELEYEN PROJELERE \u0130MZA ATMAYI S\u00dcRD\u00dcR\u00dcYOR"},"content":{"rendered":"<p>Kad\u0131n\u0131n, ya\u015fam\u0131n her alan\u0131na kat\u0131lmas\u0131 i\u00e7in bir dizi hizmete imza atan Mersin B\u00fcy\u00fck\u015fehir Belediyesi, &#8216;Eme\u011fin Renkleri Kad\u0131n At\u00f6lyeleri El Sanatlar\u0131 Karma Sergisi&#8217; ile el eme\u011fini birbirinden de\u011ferli e\u015fyalara d\u00f6n\u00fc\u015ft\u00fcren kad\u0131nlar\u0131n eserlerini sergiledi. Kad\u0131n istihdam\u0131n\u0131 sa\u011flayabilmek ad\u0131na at\u00f6lyeler a\u00e7an Kad\u0131n ve Aile Hizmetleri Dairesi Ba\u015fkanl\u0131\u011f\u0131; Mersinli kad\u0131nlar\u0131n eserlerini vatanda\u015fa tan\u0131tmak i\u00e7in, sergiyi Trafik Park Kad\u0131n ve \u00c7ocuk At\u00f6lyesi&#8217;nde d\u00fczenledi.<\/p>\n<p> Kad\u0131n\u0131n, ya\u015fam\u0131n her alan\u0131na kat\u0131lmas\u0131 i\u00e7in bir dizi hizmete imza atan Mersin B\u00fcy\u00fck\u015fehir Belediyesi, &#8216;Eme\u011fin Renkleri Kad\u0131n At\u00f6lyeleri El Sanatlar\u0131 Karma Sergisi&#8217; ile el eme\u011fini birbirinden de\u011ferli e\u015fyalara d\u00f6n\u00fc\u015ft\u00fcren kad\u0131nlar\u0131n eserlerini sergiledi.<\/p>\n<p>Kad\u0131n istihdam\u0131n\u0131 sa\u011flayabilmek ad\u0131na at\u00f6lyeler a\u00e7an Kad\u0131n ve Aile Hizmetleri Dairesi Ba\u015fkanl\u0131\u011f\u0131, Mersinli kad\u0131nlar\u0131n ellerinden \u00e7\u0131kan \u00fcr\u00fcnleri Trafik Park Kad\u0131n ve \u00c7ocuk At\u00f6lyesi&#8217;nde sergiledi. Y\u00fczlerce el eme\u011fi ve e\u015fsiz \u00fcr\u00fcn\u00fcn oldu\u011fu sergide keyifli zaman ge\u00e7iren emek\u00e7i kad\u0131nlar, sonraki at\u00f6lyeleri de takip edeceklerini kaydettiler.<\/p>\n<p>Kad\u0131nlar kursa b\u00fcy\u00fck ilgi g\u00f6steriyor<\/p>\n<p>Kursiyerlerin b\u00fcy\u00fck bir ilgisi oldu\u011funu vurgulayan El Sanatlar\u0131 E\u011fitmeni T\u00fclay Kankan, &#8220;D\u00fczenledi\u011fimiz bu etkinlikler, insanlara \u00e7ok faydal\u0131 oluyor. Hem kafalar\u0131n\u0131 da\u011f\u0131t\u0131yorlar, hem de yeni arkada\u015fl\u0131klar ediniyorlar&#8221; diye konu\u015ftu.<\/p>\n<p>Kad\u0131nlara y\u00f6nelik etkinliklerde \u00e7ok g\u00fczel vakit ge\u00e7irdiklerini vurgulayan E\u011fitmen Eylem \u00d6zkan, &#8220;Birbirimizin becerilerinden ve fikirlerinden faydalanabiliyoruz. Bir \u015feyleri ortaya \u00e7\u0131karmak, kad\u0131nlar\u0131 \u00e7ok mutlu ediyor. Hayat \u015fartlar\u0131 pahal\u0131 oldu\u011fu i\u00e7in; B\u00fcy\u00fck\u015fehir&#8217;in b\u00f6yle \u00fccretsiz kurslar a\u00e7mas\u0131, kad\u0131nlara daha \u00e7ok g\u00fcven veriyor&#8221; dedi.  <\/p>\n<p>Kad\u0131nlar\u0131n kurslarda olmaktan \u00e7ok keyif ald\u0131klar\u0131n\u0131 s\u00f6yleyen E\u011fitmen Hayriye \u00c7al\u0131\u015fkan ise, &#8220;Para kazanmaktan daha \u00e7ok, be\u011feniyi g\u00f6rmek mutluluk veriyor. Kap\u0131m\u0131z herkese a\u00e7\u0131k. T\u00fcm kad\u0131nlar e\u011fitimlerimize kat\u0131labilirler. Bize katk\u0131 sa\u011flayan Ba\u015fkan\u0131m\u0131za ve e\u015fine de te\u015fekk\u00fcr ederim&#8221; diye konu\u015ftu.<\/p>\n<p>B\u00fcy\u00fck\u015fehir sayesinde hem sosyalle\u015fiyorlar, hem de gelir elde ediyorlar<\/p>\n<p>Kursa kat\u0131lan kad\u0131nlardan Elif Ocak, &#8220;Kad\u0131nlar i\u00e7in s\u00fcper bir kurs. Yaz\u0131m\u0131z\u0131 de\u011ferlendirdik. Hocalar\u0131m\u0131z da \u00e7ok iyi&#8221; diyerek, kurs imkanlar\u0131 i\u00e7in B\u00fcy\u00fck\u015fehir ekiplerine te\u015fekk\u00fcr etti.<\/p>\n<p>At\u00f6lyenin muhte\u015fem oldu\u011funu ve serginin de keyifli ge\u00e7ti\u011fini kaydeden kursiyerlerden Kevser \u00c7etin, &#8220;\u00dcretti\u011fimiz \u00fcr\u00fcnleri satarak, cep har\u00e7l\u0131\u011f\u0131m\u0131z\u0131 \u00e7\u0131kart\u0131yoruz. \u00c7al\u0131\u015farak hem e\u011fleniyor, hem \u00f6\u011freniyor, hem de ekonomik a\u00e7\u0131dan destek sa\u011fl\u0131yoruz. Mersinli kad\u0131nlar gelsinler, denesinler. Geldikleri zaman zaten vazge\u00e7emiyorlar. Ba\u015fkan\u0131m\u0131za da \u00e7ok te\u015fekk\u00fcr ediyorum. Kad\u0131n ve \u00e7ocuklar i\u00e7in m\u00fcthi\u015f \u015feyler yap\u0131yor&#8221; \u015feklinde konu\u015ftu.<\/p>\n<p>\u00c7al\u0131\u015f\u0131yor olmas\u0131na ra\u011fmen at\u00f6lyeye her f\u0131rsatta geldi\u011fini vurgulayan bir ba\u015fka kursiyer Nihal Y\u0131lmaz ise, &#8220;Hocalar\u0131m\u0131zla birlikte \u00e7ok g\u00fczel vakit ge\u00e7iriyoruz. D\u00f6rt duvar aras\u0131nda kalan kad\u0131nlar\u0131n, sosyalle\u015febilecekleri bir ortam yarat\u0131l\u0131yor. O a\u00e7\u0131dan \u00e7ok \u00f6nemsiyorum&#8221; ifadelerini kulland\u0131.<\/p>\n","protected":false},"excerpt":{"rendered":"<p>Kad\u0131n\u0131n, ya\u015fam\u0131n her alan\u0131na kat\u0131lmas\u0131 i\u00e7in bir dizi hizmete imza atan Mersin B\u00fcy\u00fck\u015fehir Belediyesi, &#8216;Eme\u011fin Renkleri Kad\u0131n At\u00f6lyeleri El Sanatlar\u0131 Karma Sergisi&#8217; ile el eme\u011fini birbirinden de\u011ferli e\u015fyalara d\u00f6n\u00fc\u015ft\u00fcren kad\u0131nlar\u0131n &hellip; <a href=\"https:\/\/akdenizolaygazetesi.com\/?p=32388\" class=\"more-link\">Devam\u0131n\u0131 Oku&#8230;<\/a><\/p>\n","protected":false},"author":2,"featured_media":32389,"comment_status":"open","ping_status":"open","sticky":false,"template":"","format":"standard","meta":[],"categories":[1,2,3],"tags":[],"_links":{"self":[{"href":"https:\/\/akdenizolaygazetesi.com\/index.php?rest_route=\/wp\/v2\/posts\/32388"}],"collection":[{"href":"https:\/\/akdenizolaygazetesi.com\/index.php?rest_route=\/wp\/v2\/posts"}],"about":[{"href":"https:\/\/akdenizolaygazetesi.com\/index.php?rest_route=\/wp\/v2\/types\/post"}],"author":[{"embeddable":true,"href":"https:\/\/akdenizolaygazetesi.com\/index.php?rest_route=\/wp\/v2\/users\/2"}],"replies":[{"embeddable":true,"href":"https:\/\/akdenizolaygazetesi.com\/index.php?rest_route=%2Fwp%2Fv2%2Fcomments&post=32388"}],"version-history":[{"count":1,"href":"https:\/\/akdenizolaygazetesi.com\/index.php?rest_route=\/wp\/v2\/posts\/32388\/revisions"}],"predecessor-version":[{"id":32390,"href":"https:\/\/akdenizolaygazetesi.com\/index.php?rest_route=\/wp\/v2\/posts\/32388\/revisions\/32390"}],"wp:featuredmedia":[{"embeddable":true,"href":"https:\/\/akdenizolaygazetesi.com\/index.php?rest_route=\/wp\/v2\/media\/32389"}],"wp:attachment":[{"href":"https:\/\/akdenizolaygazetesi.com\/index.php?rest_route=%2Fwp%2Fv2%2Fmedia&parent=32388"}],"wp:term":[{"taxonomy":"category","embeddable":true,"href":"https:\/\/akdenizolaygazetesi.com\/index.php?rest_route=%2Fwp%2Fv2%2Fcategories&post=32388"},{"taxonomy":"post_tag","embeddable":true,"href":"https:\/\/akdenizolaygazetesi.com\/index.php?rest_route=%2Fwp%2Fv2%2Ftags&post=32388"}],"curies":[{"name":"wp","href":"https:\/\/api.w.org\/{rel}","templated":true}]}}