{"id":32394,"date":"2024-10-11T15:37:33","date_gmt":"2024-10-11T12:37:33","guid":{"rendered":"http:\/\/akdenizolaygazetesi.com\/?p=32394"},"modified":"2024-10-11T15:37:33","modified_gmt":"2024-10-11T12:37:33","slug":"chp-tarsus-yenicede-10-ekim-gar-katliami-ile-ilgili-basin-aciklamasi-yapti","status":"publish","type":"post","link":"https:\/\/akdenizolaygazetesi.com\/?p=32394","title":{"rendered":"CHP TARSUS, YEN\u0130CE\u2019DE 10 EK\u0130M GAR KATL\u0130AMI \u0130LE \u0130LG\u0130L\u0130 BASIN A\u00c7IKLAMASI YAPTI"},"content":{"rendered":"<p>Cumhuriyet Halk Partisi (CHP) Tarsus \u0130l\u00e7e Ba\u015fkan\u0131 Selahattin \u015eahin, 10 Ekim 2015 y\u0131l\u0131nda Ankara Tren Gar\u0131 \u00f6n\u00fcnde bar\u0131\u015f mitingi i\u00e7in bir araya gelen vatanda\u015flara y\u00f6nelik d\u00fczenlenen, 103 ki\u015finin hayat\u0131n\u0131 kaybetti\u011fi ve 500\u2019e yak\u0131n ki\u015finin yaraland\u0131\u011f\u0131 Gar Katliam\u0131\u2019n\u0131n 9. Y\u0131l d\u00f6n\u00fcm\u00fcnde Yenice Tren Gar\u0131 \u00f6n\u00fcnde bas\u0131n a\u00e7\u0131klamas\u0131 ger\u00e7ekle\u015ftirdi.<\/p>\n<p>CHP Tarsus \u0130l\u00e7e Ba\u015fkan\u0131 Selahattin \u015eahin\u2019in okudu\u011fu bas\u0131n a\u00e7\u0131klamas\u0131na CHP Tarsus Kad\u0131n Kollar\u0131 Ba\u015fkan\u0131 Figen Ac\u0131yiyen, \u00d6nceki D\u00f6nem CHP Tarsus Belediye Meclis \u00dcyesi ve Mersin B\u00fcy\u00fck\u015fehir Belediyesi \u0130mar \u0130n\u015faat A.\u015e. Y\u00f6netim Kurulu \u00dcyesi Yusuf T\u0131b\u0131k, CHP Tarsus Belediye Meclis \u00dcyeleri Ali \u015eanl\u0131, Murat Top\u00e7uo\u011flu ve partililer kat\u0131ld\u0131.<\/p>\n<p>Ba\u015fkan \u015eahin\u2019in a\u00e7\u0131klamas\u0131 \u015f\u00f6yle:<br \/>\n\u201cCumhuriyetimizin 100 y\u0131ll\u0131k tarihinin en b\u00fcy\u00fck katliamlar\u0131ndan birisi olan 10 Ekim Ankara Gar Katliam\u0131 \u00fczerinden tam 9 y\u0131l ge\u00e7ti. 10 Ekim 2015\u2019te Ankara tren gar\u0131 \u00f6n\u00fcnde d\u00fczenlenen \u201cEmek, Bar\u0131\u015f ve Demokrasi Mitingi\u201dne karanl\u0131k eller taraf\u0131ndan yap\u0131lan sald\u0131r\u0131da 103 arkada\u015f\u0131m\u0131z\u0131 yitirdik, 500\u2019e yak\u0131n arkada\u015f\u0131m\u0131z ise yaraland\u0131.<\/p>\n<p>Elbette bizler 9 y\u0131l ge\u00e7mesine ra\u011fmen planl\u0131 bir \u015fekilde katledilen bar\u0131\u015f savunucular\u0131n\u0131 unutmad\u0131k. Bizlerin y\u00fcre\u011fi kan a\u011flarken, birilerinin statlarda bar\u0131\u015f karanfillerimizi yuhalatmas\u0131n\u0131 unutmad\u0131k.<br \/>\n\u0130nsanl\u0131k su\u00e7u i\u015fleyen cani bir \u00f6rg\u00fcte selam yollayanlar\u0131 unutmad\u0131k.<br \/>\nBizler \u00fclkemizin gelece\u011fine kara bir leke olarak d\u00fc\u015fen katliamda yitirdiklerimizi, birer birer topra\u011fa defnetti\u011fimiz s\u0131ralarda; katliam\u0131 \u00f6nlemek bir yana, adeta yol veren iktidar yetkililerinin anketlerle oy hesab\u0131 derdine d\u00fc\u015fmesini unutmad\u0131k. <\/p>\n<p>Katliam milyonlar\u0131n y\u00fcre\u011finde derin yaralar a\u00e7arken, ac\u0131n\u0131n bir nebze olsun hafiflemesi i\u00e7in katliam\u0131n ger\u00e7ek sorumlular\u0131n\u0131n yakalanmas\u0131n\u0131 beklerken, yetkililerin karartma yapmalar\u0131n\u0131 unutmad\u0131k.  <\/p>\n<p>Katliam g\u00f6z g\u00f6re g\u00f6re geldi!<br \/>\n10 Ekim katliam\u0131ndan \u00f6nce ayn\u0131 merkezden planland\u0131\u011f\u0131 d\u00fc\u015f\u00fcn\u00fclen 5 Haziran 2015 Diyarbak\u0131r ve 20 Temmuz 2015 Suru\u00e7 katliamlar\u0131 ya\u015fand\u0131. Her \u00fc\u00e7 katliam\u0131n sadece planlamas\u0131 de\u011fil, s\u00f6z\u00fcm ona \u201cihmaller zinciri\u201d de b\u00fcy\u00fck benzerlikler ta\u015f\u0131maktad\u0131r. <\/p>\n<p>Her \u00fc\u00e7 katliam\u0131n dava s\u00fcreci de birka\u00e7 ma\u015faya ceza verilerek kapat\u0131lmak istenmektedir. Ve katliamlar zincirinin, iktidar\u0131 sars\u0131lan AKP\u2019nin yeniden \u00e7o\u011funlu\u011fu sa\u011flamas\u0131yla b\u0131\u00e7akla kesilir gibi kesilmesi, s\u00fcrecin politik arka plan\u0131 i\u00e7in kafalardaki en \u00f6nemli soru olarak varl\u0131\u011f\u0131n\u0131 korumaktad\u0131r.<\/p>\n<p>10 Ekim Ankara Gar Katliam\u0131, T\u00fcrkiye Cumhuriyeti\u2019nin ba\u015fkentinin tam ortas\u0131nda, b\u00fct\u00fcn g\u00fcvenlik b\u00fcrokrasinin g\u00f6zleri \u00f6n\u00fcnde ger\u00e7ekle\u015fti. Bu feci olay\u0131 ger\u00e7ekle\u015ftiren canilerin istihbarat taraf\u0131ndan takip edildi\u011fi, canl\u0131 bomba ihbar\u0131n\u0131n oldu\u011fu iddias\u0131 \u00e7ok say\u0131da belge ile ortaya serildi. <\/p>\n<p>Ancak ortaya \u00e7\u0131kan g\u00fcvenlik zaafiyeti T\u00fcrkiye\u2019nin her yerinden bar\u0131\u015f\u0131 savunmak i\u00e7in Ankara\u2019ya giden yurtta\u015flar\u0131m\u0131z\u0131n aram\u0131zdan ayr\u0131lmas\u0131na sebep oldu. Tarsus\u2019tan yola \u00e7\u0131kan ve bar\u0131\u015f\u0131 savunan yurtta\u015flar\u0131m\u0131z\u0131n onlarcas\u0131 yaraland\u0131 ve Leyla \u00c7i\u00e7ek, Metin Pe\u015fmen, Orhan I\u015f\u0131kta\u015f\u2019\u0131 patlaman\u0131n hemen sonras\u0131 kaybettik. Yaral\u0131lardan \u00dcmit Ender can\u0131m\u0131z da 2020 y\u0131l\u0131nda aram\u0131zdan ayr\u0131ld\u0131.<br \/>\nI\u015f\u0131klar i\u00e7inde uyusunlar. <\/p>\n<p>10 Ekim Bar\u0131\u015f \u015eehitlerinin Miras\u0131na Sahip \u00c7\u0131kaca\u011f\u0131z!<br \/>\nBar\u0131\u015f Karanfillerimiz bu \u00fclkenin e\u015fitlik\u00e7i, laik, insan haklar\u0131na dayal\u0131, demokratik bir hukuk devleti olmas\u0131 i\u00e7in m\u00fccadele eden herkesin y\u00fcre\u011findedir.<\/p>\n<p>Hi\u00e7bir can\u0131m\u0131z\u0131n hat\u0131ras\u0131na g\u00f6lge d\u00fc\u015f\u00fcr\u00fclmesine ve 10 Ekim katliam\u0131n\u0131n unutturulmak istenmesine izin vermeyece\u011fiz. Adalet m\u00fccadelemiz bu katliamda katillere yol verenler ve katliam\u0131n as\u0131l sorumlular\u0131 yarg\u0131 \u00f6n\u00fcne \u00e7\u0131kar\u0131l\u0131ncaya ve cezaland\u0131r\u0131l\u0131ncaya kadar devam edecektir.<br \/>\nBug\u00fcn; katliamlarda yitirdi\u011fimiz canlar\u0131m\u0131z\u0131n, y\u00fczlerce yaral\u0131m\u0131z\u0131n ve on binlerce yolda\u015f\u0131m\u0131z\u0131n \u201cs\u00f6z\u00fc\u201d i\u015f\u00e7ilerin, kamu emek\u00e7ilerinin eylemlerinde ve grevlerinde, kad\u0131nlar\u0131n \u00f6zg\u00fcrl\u00fck m\u00fccadelesinde, bar\u0131\u015f savunusunda ya\u015f\u0131yor.<\/p>\n<p>Bizler I\u015e\u0130D\u2019e ve I\u015e\u0130D zihniyetine, gericili\u011fe, laiklik kar\u015f\u0131t\u0131 faaliyetlere, vatanda\u015flar\u0131m\u0131z\u0131n d\u00fc\u015fmanla\u015ft\u0131r\u0131lmas\u0131na teslim olmad\u0131k, olmayaca\u011f\u0131z. <\/p>\n<p>Bir kez daha sava\u015f r\u00fczg\u00e2rlar\u0131n\u0131n estirildi\u011fi bu d\u00f6nemde \u00fclkemizde, b\u00f6lgemizde ve d\u00fcnyada bedeli ne olursa olsun bar\u0131\u015f politikas\u0131n\u0131 savunacak, emek ve demokrasi m\u00fccadelesini y\u00fckseltece\u011fiz.<br \/>\nBug\u00fcn bizler Cumhuriyete, \u00fclkesine, memleketine, bar\u0131\u015fa sahip \u00e7\u0131kanlar bar\u0131\u015f\u0131n kenti Yenice\u2019den sesimizi y\u00fckseltiyoruz. 9 y\u0131l \u00f6nce yitirdi\u011fimiz canlar\u0131m\u0131z\u0131n an\u0131s\u0131 \u00f6n\u00fcnde bar\u0131\u015f\u0131 savunmaya devam edece\u011fiz. \u00d6nce bar\u0131\u015f, \u00f6nce memleket demeye devam edece\u011fiz. <\/p>\n<p>Yitirdi\u011fimiz arkada\u015flar\u0131m\u0131z\u0131n bizlere b\u0131rakt\u0131\u011f\u0131 en de\u011ferli miras olan emek, bar\u0131\u015f, demokrasi m\u00fccadelesini hep beraber, kol kola omuz omuza b\u00fcy\u00fctmeye kararl\u0131y\u0131z.<br \/>\nEr ya da ge\u00e7, sorumlular cezaland\u0131r\u0131lacak; emek kazanacak, demokrasi kazanacak, bar\u0131\u015f kazanacak!\u201d<\/p>\n","protected":false},"excerpt":{"rendered":"<p>Cumhuriyet Halk Partisi (CHP) Tarsus \u0130l\u00e7e Ba\u015fkan\u0131 Selahattin \u015eahin, 10 Ekim 2015 y\u0131l\u0131nda Ankara Tren Gar\u0131 \u00f6n\u00fcnde bar\u0131\u015f mitingi i\u00e7in bir araya gelen vatanda\u015flara y\u00f6nelik d\u00fczenlenen, 103 ki\u015finin hayat\u0131n\u0131 kaybetti\u011fi &hellip; <a href=\"https:\/\/akdenizolaygazetesi.com\/?p=32394\" class=\"more-link\">Devam\u0131n\u0131 Oku&#8230;<\/a><\/p>\n","protected":false},"author":2,"featured_media":32395,"comment_status":"open","ping_status":"open","sticky":false,"template":"","format":"standard","meta":[],"categories":[1,2,3],"tags":[],"_links":{"self":[{"href":"https:\/\/akdenizolaygazetesi.com\/index.php?rest_route=\/wp\/v2\/posts\/32394"}],"collection":[{"href":"https:\/\/akdenizolaygazetesi.com\/index.php?rest_route=\/wp\/v2\/posts"}],"about":[{"href":"https:\/\/akdenizolaygazetesi.com\/index.php?rest_route=\/wp\/v2\/types\/post"}],"author":[{"embeddable":true,"href":"https:\/\/akdenizolaygazetesi.com\/index.php?rest_route=\/wp\/v2\/users\/2"}],"replies":[{"embeddable":true,"href":"https:\/\/akdenizolaygazetesi.com\/index.php?rest_route=%2Fwp%2Fv2%2Fcomments&post=32394"}],"version-history":[{"count":1,"href":"https:\/\/akdenizolaygazetesi.com\/index.php?rest_route=\/wp\/v2\/posts\/32394\/revisions"}],"predecessor-version":[{"id":32396,"href":"https:\/\/akdenizolaygazetesi.com\/index.php?rest_route=\/wp\/v2\/posts\/32394\/revisions\/32396"}],"wp:featuredmedia":[{"embeddable":true,"href":"https:\/\/akdenizolaygazetesi.com\/index.php?rest_route=\/wp\/v2\/media\/32395"}],"wp:attachment":[{"href":"https:\/\/akdenizolaygazetesi.com\/index.php?rest_route=%2Fwp%2Fv2%2Fmedia&parent=32394"}],"wp:term":[{"taxonomy":"category","embeddable":true,"href":"https:\/\/akdenizolaygazetesi.com\/index.php?rest_route=%2Fwp%2Fv2%2Fcategories&post=32394"},{"taxonomy":"post_tag","embeddable":true,"href":"https:\/\/akdenizolaygazetesi.com\/index.php?rest_route=%2Fwp%2Fv2%2Ftags&post=32394"}],"curies":[{"name":"wp","href":"https:\/\/api.w.org\/{rel}","templated":true}]}}