{"id":32400,"date":"2024-10-11T15:40:14","date_gmt":"2024-10-11T12:40:14","guid":{"rendered":"http:\/\/akdenizolaygazetesi.com\/?p=32400"},"modified":"2024-10-11T15:40:14","modified_gmt":"2024-10-11T12:40:14","slug":"deva-partili-ekmen-usta-ogreticiler-magdur-edilmemeli","status":"publish","type":"post","link":"https:\/\/akdenizolaygazetesi.com\/?p=32400","title":{"rendered":"DEVA Partili Ekmen: Usta \u00f6\u011freticiler ma\u011fdur edilmemeli"},"content":{"rendered":"<p>DEVA Partisi Genel Ba\u015fkan Yard\u0131mc\u0131s\u0131 Mehmet Emin Ekmen, TBMM Genel Kurulunda s\u00f6z alarak, kad\u0131n usta \u00f6\u011freticilerin tasarruf genelgesi nedeniyle ya\u015fad\u0131klar\u0131 sorunlar\u0131 g\u00fcndeme ta\u015f\u0131d\u0131. Tasarruf genelgesi nedeniyle her y\u0131l a\u00e7\u0131lan kurslar\u0131n bu a\u00e7\u0131lmamas\u0131ndan dolay\u0131 binlerce kad\u0131n\u0131n ma\u011fdur oldu\u011funu vurgulayan Ekmen, \u201cBir\u00e7ok kad\u0131n\u0131n\u0131n istihdam edildi\u011fi ve yine, bir\u00e7ok kad\u0131n\u0131n kendini geli\u015ftirdi\u011fi bu kurslar, tasarruf genelgeleriyle iptal edilemez. Buradan iktidar s\u0131ralar\u0131na sesleniyoruz: Her \u015feyden tasarruf edebilirsiniz ama e\u011fitimden ve kad\u0131n e\u011fitimcilerin oldu\u011fu yerden tasarruf etmemelisiniz.\u201d dedi.<\/p>\n<p>DEVA Partisi Genel Ba\u015fkan Yard\u0131mc\u0131s\u0131 ve Mersin Milletvekili Mehmet Emin Ekmen, Kad\u0131n Usta \u00d6\u011freticilerin sorunlar\u0131n\u0131 T\u00fcrkiye B\u00fcy\u00fck Millet Meclisinde (TBMM) g\u00fcndeme getirdi. TBMM Genel Kurulunda s\u00f6z alarak kad\u0131n usta \u00f6\u011freticilerin ma\u011fdur edilmemesi gerekti\u011finin alt\u0131n\u0131 \u00e7izen Ekmen, 100 bin kadrosuz usta \u00f6\u011freticiyi temsilen Meslek E\u011fitimcileri Usta \u00d6\u011freticiler Federasyonu y\u00f6netiminden bir grup kad\u0131n arkada\u015flar\u0131n kendilerini ziyaret etti\u011fini ve Meclis\u2019te seslerini duyurmaya \u00e7al\u0131\u015ft\u0131\u011f\u0131n\u0131 s\u00f6yledi.<\/p>\n<p>Binlerce kad\u0131n Tasarruf Genelgesi\u2019nin ma\u011fduru <\/p>\n<p>Binlerce kad\u0131n\u0131n tasarruf tedbirleri kapsam\u0131nda ma\u011fdur oldu\u011funu vurgulayan Ekmen, \u201dY\u0131llarca \u00f6zl\u00fck haklar\u0131, emeklilik, maa\u015flar\u0131n\u0131n yetersizli\u011fi ve kadrosuzluk gibi sebeplerle m\u00fccadele eden bu kad\u0131n e\u011fitimcilerimiz, bu y\u0131l ise tasarruf genelgesi nedeniyle her y\u0131l a\u00e7\u0131lan kurslar\u0131n\u0131n a\u00e7\u0131lmamas\u0131ndan muzdaripler.\u201d ifadelerini kulland\u0131. <\/p>\n<p>E\u011fitimden tasarruf yap\u0131lmaz!<\/p>\n<p>Ekmen, halk e\u011fitim merkezlerinde, okullarda, di\u011fer kurumlarda ve mahallelerde a\u00e7\u0131lan kurslar\u0131n yayg\u0131n e\u011fitimin en \u00f6nemli par\u00e7as\u0131 oldu\u011funu dile getirerek, \u015funlar\u0131 kaydetti:<\/p>\n<p> \u201cBir\u00e7ok kad\u0131n\u0131n\u0131n istihdam edildi\u011fi ve yine, bir\u00e7ok kad\u0131n\u0131n kendini geli\u015ftirdi\u011fi bu kurslar, tasarruf genelgeleriyle iptal edilemez. Buradan iktidar s\u0131ralar\u0131na sesleniyoruz: Her \u015feyden tasarruf edebilirsiniz ama e\u011fitimden ve kad\u0131n e\u011fitimcilerin oldu\u011fu yerden tasarruf etmemelisiniz.\u201d<\/p>\n","protected":false},"excerpt":{"rendered":"<p>DEVA Partisi Genel Ba\u015fkan Yard\u0131mc\u0131s\u0131 Mehmet Emin Ekmen, TBMM Genel Kurulunda s\u00f6z alarak, kad\u0131n usta \u00f6\u011freticilerin tasarruf genelgesi nedeniyle ya\u015fad\u0131klar\u0131 sorunlar\u0131 g\u00fcndeme ta\u015f\u0131d\u0131. Tasarruf genelgesi nedeniyle her y\u0131l a\u00e7\u0131lan kurslar\u0131n &hellip; <a href=\"https:\/\/akdenizolaygazetesi.com\/?p=32400\" class=\"more-link\">Devam\u0131n\u0131 Oku&#8230;<\/a><\/p>\n","protected":false},"author":2,"featured_media":0,"comment_status":"open","ping_status":"open","sticky":false,"template":"","format":"standard","meta":[],"categories":[1,2,3],"tags":[],"_links":{"self":[{"href":"https:\/\/akdenizolaygazetesi.com\/index.php?rest_route=\/wp\/v2\/posts\/32400"}],"collection":[{"href":"https:\/\/akdenizolaygazetesi.com\/index.php?rest_route=\/wp\/v2\/posts"}],"about":[{"href":"https:\/\/akdenizolaygazetesi.com\/index.php?rest_route=\/wp\/v2\/types\/post"}],"author":[{"embeddable":true,"href":"https:\/\/akdenizolaygazetesi.com\/index.php?rest_route=\/wp\/v2\/users\/2"}],"replies":[{"embeddable":true,"href":"https:\/\/akdenizolaygazetesi.com\/index.php?rest_route=%2Fwp%2Fv2%2Fcomments&post=32400"}],"version-history":[{"count":1,"href":"https:\/\/akdenizolaygazetesi.com\/index.php?rest_route=\/wp\/v2\/posts\/32400\/revisions"}],"predecessor-version":[{"id":32401,"href":"https:\/\/akdenizolaygazetesi.com\/index.php?rest_route=\/wp\/v2\/posts\/32400\/revisions\/32401"}],"wp:attachment":[{"href":"https:\/\/akdenizolaygazetesi.com\/index.php?rest_route=%2Fwp%2Fv2%2Fmedia&parent=32400"}],"wp:term":[{"taxonomy":"category","embeddable":true,"href":"https:\/\/akdenizolaygazetesi.com\/index.php?rest_route=%2Fwp%2Fv2%2Fcategories&post=32400"},{"taxonomy":"post_tag","embeddable":true,"href":"https:\/\/akdenizolaygazetesi.com\/index.php?rest_route=%2Fwp%2Fv2%2Ftags&post=32400"}],"curies":[{"name":"wp","href":"https:\/\/api.w.org\/{rel}","templated":true}]}}