{"id":32402,"date":"2024-10-11T17:14:30","date_gmt":"2024-10-11T14:14:30","guid":{"rendered":"http:\/\/akdenizolaygazetesi.com\/?p=32402"},"modified":"2024-10-11T17:14:30","modified_gmt":"2024-10-11T14:14:30","slug":"uluslararasi-yenisehir-kultur-festivali-ve-9-cnr-kitap-fuari-yarin-basliyor","status":"publish","type":"post","link":"https:\/\/akdenizolaygazetesi.com\/?p=32402","title":{"rendered":"Uluslararas\u0131 Yeni\u015fehir K\u00fclt\u00fcr Festivali ve 9. CNR Kitap Fuar\u0131 yar\u0131n ba\u015fl\u0131yor"},"content":{"rendered":"<p>Mersin Yeni\u015fehir Belediyesi ve Mersin Ticaret ve Sanayi Odas\u0131(MTSO) i\u015f birli\u011fiyle 12-20 Ekim tarihlerinde d\u00fczenlenecek Uluslararas\u0131 Yeni\u015fehir K\u00fclt\u00fcr Festivali\u2019nin bas\u0131n toplant\u0131s\u0131 yap\u0131ld\u0131. Toplant\u0131ya Yeni\u015fehir Belediye Ba\u015fkan\u0131 Abdullah \u00d6zyi\u011fit, festivalin onur konu\u011fu Mersinli \u015fair ve yazar \u00d6zdemir \u0130nce ile yazar Feridun Anda\u00e7 kat\u0131ld\u0131.<br \/>\nYeni\u015fehir Belediyesi Atat\u00fcrk K\u00fclt\u00fcr Merkezi\u2019nde ger\u00e7ekle\u015ftirilen toplant\u0131da CHP Mersin Milletvekili Hasan Ufuk \u00c7ak\u0131r, Mersin Gazeteciler Cemiyeti Ba\u015fkan\u0131 R\u00fcstem Kaya Tepe ve bas\u0131n mensuplar\u0131 yer ald\u0131.  Toplant\u0131n\u0131n a\u00e7\u0131l\u0131\u015f konu\u015fmas\u0131n\u0131 yapan Yeni\u015fehir Belediye Ba\u015fkan\u0131 Abdullah \u00d6zyi\u011fit, toplumun her kesimine hitap eden sosyal, k\u00fclt\u00fcrel ve sanatsal projeleri de en az altyap\u0131 projeleri kadar \u00f6nemli bulduklar\u0131n\u0131 s\u00f6yledi. 9. CNR Mersin Kitap Fuar\u0131\u2019n\u0131n da festival kapsam\u0131nda yap\u0131laca\u011f\u0131n\u0131 hat\u0131rlatan Ba\u015fkan \u00d6zyi\u011fit, \u201cBir kenti g\u00fc\u00e7l\u00fc k\u0131lan sadece yollar\u0131, binalar\u0131 ya da parklar\u0131 de\u011fil ayn\u0131 zamanda o kentte ya\u015fayan insanlar\u0131n zihinsel, duygusal ve k\u00fclt\u00fcrel zenginlikleridir. Bizler, belediyecili\u011fi yaln\u0131zca altyap\u0131 \u00e7al\u0131\u015fmalar\u0131ndan ibaret g\u00f6rm\u00fcyoruz.  Yeni\u015fehir Belediyesi olarak, toplumun her kesimine hitap eden sosyal, k\u00fclt\u00fcrel ve sanatsal projeleri de en az fiziki projeler kadar \u00f6nemli buluyoruz. \u0130\u015fte bu nedenle, Uluslararas\u0131 Yeni\u015fehir K\u00fclt\u00fcr Festivali gibi etkinlikleri d\u00fczenliyor ve destekliyoruz. Uluslararas\u0131 Yeni\u015fehir K\u00fclt\u00fcr Festivali\u2019nin ilkini bu y\u0131l ger\u00e7ekle\u015ftiriyoruz.  Uzun y\u0131llard\u0131r ev sahipli\u011fi yapt\u0131\u011f\u0131m\u0131z 9. CNR Mersin Kitap Fuar\u0131 da festivalimiz kapsam\u0131nda yap\u0131lacak.  Festivalimizin onur konu\u011fu, Mersin\u2019in yeti\u015ftirdi\u011fi b\u00fcy\u00fck de\u011ferlerden biri olan \u015fair ve yazar \u00d6zdemir \u0130nce\u2019dir.  Festivalimizde ayr\u0131ca, de\u011ferli yazar Feridun Anda\u00e7, \u015fair Nouri al-Jarrah gibi k\u0131ymetli isimler de vatanda\u015flar\u0131m\u0131zla bulu\u015facak.  Ayr\u0131ca d\u00fcn a\u00e7t\u0131\u011f\u0131m\u0131z Simgeden \u0130mgeye adl\u0131 sergiyle yine Mersin\u2019in yeti\u015ftirdi\u011fi sanat\u00e7\u0131lardan biri olan Etem \u00c7al\u0131\u015fkan\u2019\u0131 eserleriyle halk\u0131m\u0131zla bulu\u015fturuyoruz.\u201d ifadelerini kulland\u0131.<br \/>\nBa\u015fkan \u00d6zyi\u011fit, \u201cBu festivali bir gelenek haline getirerek her y\u0131l daha da b\u00fcy\u00fctmek en b\u00fcy\u00fck arzumuz.\u201d<br \/>\nBu y\u0131l ilkini ger\u00e7ekle\u015ftirecekleri Uluslararas\u0131 Yeni\u015fehir K\u00fclt\u00fcr Festivali\u2019nin geleneksel hale getireceklerini belirten Ba\u015fkan \u00d6zyi\u011fit \u015funlar\u0131 dile getirdi: \u201cHer biri, farkl\u0131 k\u00fclt\u00fcrel ve edebi zenginlikler sunan bu \u00f6nemli isimleri Mersinlilerle bir araya getiriyoruz.  Sanat\u0131n ve edebiyat\u0131n evrensel dili, farkl\u0131 co\u011frafyalardan, k\u00fclt\u00fcrlerden insanlar\u0131 bir araya getiren en g\u00fc\u00e7l\u00fc ba\u011fd\u0131r.  Bizler de bu ba\u011f\u0131n g\u00fcc\u00fcne inan\u0131yoruz.  Gelecek nesillere nas\u0131l bir d\u00fcnya b\u0131rakaca\u011f\u0131m\u0131z\u0131 d\u00fc\u015f\u00fcn\u00fcrken, onlara aktaraca\u011f\u0131m\u0131z k\u00fclt\u00fcrel miras\u0131n ne denli \u00f6nemli oldu\u011funu unutmamal\u0131y\u0131z.  Bu y\u00fczden bu t\u00fcr festivaller, sadece birer sanat etkinli\u011fi de\u011fil; ayn\u0131 zamanda bar\u0131\u015f, karde\u015flik ve dayan\u0131\u015fma ruhunun en g\u00fczel yans\u0131malar\u0131d\u0131r. Yeni\u015fehir&#8217;in k\u00fclt\u00fcrel hayat\u0131na katk\u0131da bulunmak, bu festivali bir gelenek haline getirerek her y\u0131l daha da b\u00fcy\u00fctmek en b\u00fcy\u00fck arzumuz. T\u00fcm Mersinli hem\u015fehrilerimizi ve sanatseverleri festivalimize kat\u0131lmaya, bu k\u00fclt\u00fcr \u015f\u00f6lenine ortak olmaya davet ediyorum. T\u00fcm payda\u015f kurumlara desteklerinden dolay\u0131 te\u015fekk\u00fcr ediyorum.\u201d<br \/>\n\u00d6zdemir \u0130nce, \u201c\u00d6n\u00fcm\u00fczdeki s\u00fcre\u00e7te uluslararas\u0131 sanat\u00e7\u0131lar\u0131 buraya davet etmeyi planl\u0131yorum.\u201d<br \/>\nSanat\u00e7\u0131 \u00d6zdemir \u0130nce ise yapt\u0131\u011f\u0131 konu\u015fmada \u015fu ifadeleri kulland\u0131: \u201cMersin\u2019in resime, m\u00fczi\u011fe, heykele, tiyatroya, operaya, \u015fiire ve romana ihtiyac\u0131 var. \u015eimdi b\u00fcy\u00fck bir \u015fans, bizim Yeni\u015fehir\u2019in belediye ba\u015fkam\u0131 Abdullah karde\u015fimiz bu i\u015fle cidden ve samimiyetle ilgileniyor. Kendisine T\u00fcrk edebiyat\u0131 ad\u0131na \u00e7ok te\u015fekk\u00fcr ediyorum. Birka\u00e7 y\u0131l sonra bunu Avrupa standartlar\u0131na getirmek m\u00fcmk\u00fcn. D\u00fcnyada \u00f6zellikle Avrupa\u2019da i\u015fbirli\u011fi yapmaya haz\u0131r sanat\u00e7\u0131lar var. Mersin\u2019in k\u00fclt\u00fcrle\u015fmesi eylemi rahmetli Kadri \u015eaman zaman\u0131nda ba\u015flad\u0131. Kadri \u015eaman, Ticaret ve Sanayi Odas\u0131 ba\u015fkan\u0131yken biz Mersin Kenti Edebiyat M\u00fcd\u00fcrl\u00fc\u011f\u00fcn\u00fc kurduk. Mersin Kenti Edebiyat \u00d6d\u00fcl\u00fc 10 y\u0131l kadar benim kontrol\u00fcmdeydi. O d\u00f6nemde T\u00fcrkiye\u2019de ya\u015fayan en \u00f6nemli yazarlar\u0131na \u00f6d\u00fcl verildi. Ve hepsi burada \u00f6yle mikrofonun kar\u015f\u0131s\u0131na ge\u00e7tikleri zaman g\u00f6zya\u015flar\u0131yla konu\u015ftular. Dediler ki, \u2018b\u00f6ylesine g\u00fczel d\u00fcnya standartlar\u0131nda bir toplant\u0131y\u0131 biz T\u00fcrkiye\u2019de g\u00f6rmedik. T\u00fcrkiye\u2019nin Mersin\u2019i \u00f6rnek almas\u0131 gerekiyor\u2019 dediler. Bunlar\u0131n devam etmesi laz\u0131m. \u00d6n\u00fcm\u00fczdeki s\u00fcre\u00e7te uluslararas\u0131 sanat\u00e7\u0131lar\u0131 buraya davet etmeyi planl\u0131yorum.\u201d<br \/>\nMersin\u2019de b\u00f6yle bir festivalin yap\u0131lmas\u0131n\u0131n \u00e7ok k\u0131ymetli oldu\u011funa dikkat \u00e7eken yazar Feridun Anda\u00e7 \u201cBu festival bir ba\u015flang\u0131\u00e7, hele ki burada e\u011fitim merkezleri, k\u00fct\u00fcphaneler, bir tak\u0131m okullar\u0131n yap\u0131ld\u0131\u011f\u0131n\u0131 g\u00f6rd\u00fc\u011f\u00fcmde \u00e7ok mutlu oldum.  Yeni\u015fehir\u2019i modern bir kent, bu modern kentin en temel ihtiyac\u0131 olan e\u011fitimin, sanat\u0131n, k\u00fclt\u00fcr\u00fcn k\u00f6kle\u015fmesini diliyorum. Ve ben de bir yazar olarak bunun izleyicisi, takip\u00e7isi olaca\u011f\u0131m.\u201d \u015feklinde konu\u015ftu. <\/p>\n","protected":false},"excerpt":{"rendered":"<p>Mersin Yeni\u015fehir Belediyesi ve Mersin Ticaret ve Sanayi Odas\u0131(MTSO) i\u015f birli\u011fiyle 12-20 Ekim tarihlerinde d\u00fczenlenecek Uluslararas\u0131 Yeni\u015fehir K\u00fclt\u00fcr Festivali\u2019nin bas\u0131n toplant\u0131s\u0131 yap\u0131ld\u0131. Toplant\u0131ya Yeni\u015fehir Belediye Ba\u015fkan\u0131 Abdullah \u00d6zyi\u011fit, festivalin onur &hellip; <a href=\"https:\/\/akdenizolaygazetesi.com\/?p=32402\" class=\"more-link\">Devam\u0131n\u0131 Oku&#8230;<\/a><\/p>\n","protected":false},"author":2,"featured_media":32403,"comment_status":"open","ping_status":"open","sticky":false,"template":"","format":"standard","meta":[],"categories":[1,2,3],"tags":[],"_links":{"self":[{"href":"https:\/\/akdenizolaygazetesi.com\/index.php?rest_route=\/wp\/v2\/posts\/32402"}],"collection":[{"href":"https:\/\/akdenizolaygazetesi.com\/index.php?rest_route=\/wp\/v2\/posts"}],"about":[{"href":"https:\/\/akdenizolaygazetesi.com\/index.php?rest_route=\/wp\/v2\/types\/post"}],"author":[{"embeddable":true,"href":"https:\/\/akdenizolaygazetesi.com\/index.php?rest_route=\/wp\/v2\/users\/2"}],"replies":[{"embeddable":true,"href":"https:\/\/akdenizolaygazetesi.com\/index.php?rest_route=%2Fwp%2Fv2%2Fcomments&post=32402"}],"version-history":[{"count":1,"href":"https:\/\/akdenizolaygazetesi.com\/index.php?rest_route=\/wp\/v2\/posts\/32402\/revisions"}],"predecessor-version":[{"id":32404,"href":"https:\/\/akdenizolaygazetesi.com\/index.php?rest_route=\/wp\/v2\/posts\/32402\/revisions\/32404"}],"wp:featuredmedia":[{"embeddable":true,"href":"https:\/\/akdenizolaygazetesi.com\/index.php?rest_route=\/wp\/v2\/media\/32403"}],"wp:attachment":[{"href":"https:\/\/akdenizolaygazetesi.com\/index.php?rest_route=%2Fwp%2Fv2%2Fmedia&parent=32402"}],"wp:term":[{"taxonomy":"category","embeddable":true,"href":"https:\/\/akdenizolaygazetesi.com\/index.php?rest_route=%2Fwp%2Fv2%2Fcategories&post=32402"},{"taxonomy":"post_tag","embeddable":true,"href":"https:\/\/akdenizolaygazetesi.com\/index.php?rest_route=%2Fwp%2Fv2%2Ftags&post=32402"}],"curies":[{"name":"wp","href":"https:\/\/api.w.org\/{rel}","templated":true}]}}