{"id":32405,"date":"2024-10-11T17:16:21","date_gmt":"2024-10-11T14:16:21","guid":{"rendered":"http:\/\/akdenizolaygazetesi.com\/?p=32405"},"modified":"2024-10-11T17:16:21","modified_gmt":"2024-10-11T14:16:21","slug":"baskan-tuncer-kiz-cocuklarimizin-hayallerine-destek-olmaya-devam-edecegiz","status":"publish","type":"post","link":"https:\/\/akdenizolaygazetesi.com\/?p=32405","title":{"rendered":"BA\u015eKAN TUNCER: &#8216;KIZ \u00c7OCUKLARIMIZIN HAYALLER\u0130NE DESTEK OLMAYA DEVAM EDECE\u011e\u0130Z!\u201d"},"content":{"rendered":"<p>Mezitli Belediye Ba\u015fkan\u0131 Ahmet Serkan Tuncer, K\u0131z \u00c7ocuklar\u0131 G\u00fcn\u00fc kapsam\u0131nda, Mezitli Belediyesi b\u00fcnyesindeki kre\u015flerde e\u011fitim g\u00f6ren k\u0131z \u00e7ocuklar\u0131n\u0131n kat\u0131l\u0131m\u0131yla d\u00fczenlenen \u201cGelecekteki Ben\u201d sergisinde, miniklerin hayallerine ve yeteneklerine tan\u0131kl\u0131k etti. Sergide yer alan eserler, k\u0131z \u00e7ocuklar\u0131n\u0131n gelece\u011fe dair umutlar\u0131n\u0131 ve hayallerini yans\u0131t\u0131rken, Ba\u015fkan Tuncer de \u00e7ocuklarla yak\u0131ndan ilgilendi.<\/p>\n<p>Ba\u015fkan Tuncer, sergi s\u0131ras\u0131nda yapt\u0131\u011f\u0131 konu\u015fmada, \u201cHer k\u0131z \u00e7ocu\u011funun hayallerini ger\u00e7ekle\u015ftirebilece\u011fi e\u015fit ve g\u00fc\u00e7l\u00fc bir d\u00fcnya i\u00e7in yanlar\u0131nday\u0131z. K\u0131z \u00e7ocuklar\u0131n\u0131n her alanda kendilerini ifade edebilece\u011fi bir gelecek i\u00e7in var g\u00fcc\u00fcm\u00fczle \u00e7al\u0131\u015fmaya devam edece\u011fiz!\u201d dedi. Tuncer, k\u0131z \u00e7ocuklar\u0131n\u0131n gelecekteki ba\u015far\u0131lar\u0131 i\u00e7in t\u00fcm imk\u00e2nlar\u0131 seferber edeceklerini vurgulad\u0131.<\/p>\n<p>\u201cHER ZAMAN KIZ \u00c7OCUKLARIMIZIN YANINDAYIZ\u201d<br \/>\nBa\u015fkan Tuncer ayr\u0131ca k\u0131z \u00e7ocuklar\u0131yla bir araya gelerek, son g\u00fcnlerde ya\u015fanan olaylara dikkat \u00e7ekti ve bu konularda fark\u0131ndal\u0131\u011f\u0131n art\u0131r\u0131lmas\u0131 gerekti\u011fini belirtti. K\u0131z \u00e7ocuklar\u0131n\u0131n hak etti\u011fi e\u015fit ve adil bir d\u00fcnya i\u00e7in \u00e7al\u0131\u015fmalar\u0131n\u0131 s\u00fcrd\u00fcreceklerini dile getiren Tuncer, Mezitli Belediyesi olarak her zaman \u00e7ocuklar\u0131n yan\u0131nda olacaklar\u0131n\u0131 ifade etti.<\/p>\n","protected":false},"excerpt":{"rendered":"<p>Mezitli Belediye Ba\u015fkan\u0131 Ahmet Serkan Tuncer, K\u0131z \u00c7ocuklar\u0131 G\u00fcn\u00fc kapsam\u0131nda, Mezitli Belediyesi b\u00fcnyesindeki kre\u015flerde e\u011fitim g\u00f6ren k\u0131z \u00e7ocuklar\u0131n\u0131n kat\u0131l\u0131m\u0131yla d\u00fczenlenen \u201cGelecekteki Ben\u201d sergisinde, miniklerin hayallerine ve yeteneklerine tan\u0131kl\u0131k etti. Sergide &hellip; <a href=\"https:\/\/akdenizolaygazetesi.com\/?p=32405\" class=\"more-link\">Devam\u0131n\u0131 Oku&#8230;<\/a><\/p>\n","protected":false},"author":2,"featured_media":32406,"comment_status":"open","ping_status":"open","sticky":false,"template":"","format":"standard","meta":[],"categories":[1,2,3],"tags":[],"_links":{"self":[{"href":"https:\/\/akdenizolaygazetesi.com\/index.php?rest_route=\/wp\/v2\/posts\/32405"}],"collection":[{"href":"https:\/\/akdenizolaygazetesi.com\/index.php?rest_route=\/wp\/v2\/posts"}],"about":[{"href":"https:\/\/akdenizolaygazetesi.com\/index.php?rest_route=\/wp\/v2\/types\/post"}],"author":[{"embeddable":true,"href":"https:\/\/akdenizolaygazetesi.com\/index.php?rest_route=\/wp\/v2\/users\/2"}],"replies":[{"embeddable":true,"href":"https:\/\/akdenizolaygazetesi.com\/index.php?rest_route=%2Fwp%2Fv2%2Fcomments&post=32405"}],"version-history":[{"count":1,"href":"https:\/\/akdenizolaygazetesi.com\/index.php?rest_route=\/wp\/v2\/posts\/32405\/revisions"}],"predecessor-version":[{"id":32407,"href":"https:\/\/akdenizolaygazetesi.com\/index.php?rest_route=\/wp\/v2\/posts\/32405\/revisions\/32407"}],"wp:featuredmedia":[{"embeddable":true,"href":"https:\/\/akdenizolaygazetesi.com\/index.php?rest_route=\/wp\/v2\/media\/32406"}],"wp:attachment":[{"href":"https:\/\/akdenizolaygazetesi.com\/index.php?rest_route=%2Fwp%2Fv2%2Fmedia&parent=32405"}],"wp:term":[{"taxonomy":"category","embeddable":true,"href":"https:\/\/akdenizolaygazetesi.com\/index.php?rest_route=%2Fwp%2Fv2%2Fcategories&post=32405"},{"taxonomy":"post_tag","embeddable":true,"href":"https:\/\/akdenizolaygazetesi.com\/index.php?rest_route=%2Fwp%2Fv2%2Ftags&post=32405"}],"curies":[{"name":"wp","href":"https:\/\/api.w.org\/{rel}","templated":true}]}}