{"id":32420,"date":"2024-10-14T16:13:06","date_gmt":"2024-10-14T13:13:06","guid":{"rendered":"http:\/\/akdenizolaygazetesi.com\/?p=32420"},"modified":"2024-10-14T16:13:06","modified_gmt":"2024-10-14T13:13:06","slug":"tarsusun-tarihi-ve-gastronomisi-essiz-manzarada-tanitildi","status":"publish","type":"post","link":"https:\/\/akdenizolaygazetesi.com\/?p=32420","title":{"rendered":"TARSUS\u2019UN TAR\u0130H\u0130 VE GASTRONOM\u0130S\u0130 E\u015eS\u0130Z MANZARADA TANITILDI"},"content":{"rendered":"<p>Tarsus Belediye Ba\u015fkan\u0131 Ali Bolta\u00e7, Tarsus\u2019un tarihi, sanat\u0131, zengin mutfa\u011f\u0131 ve projeleri hakk\u0131nda bilgiler vermek \u00fczere Tarsus \u015eelalesi\u2019nde canl\u0131 yay\u0131nlanan bir televizyon program\u0131na kat\u0131ld\u0131. Binlerce vatanda\u015f yay\u0131n\u0131 ilgiyle takip etti.<\/p>\n<p>Tarsus Belediye Ba\u015fkan\u0131 Ali Bolta\u00e7,  Tarsus\u2019a dair sorular\u0131 yan\u0131tlamak \u00fczere bir televizyon program\u0131na konuk oldu. Tarsus \u015eelalesi&#8217;nin b\u00fcy\u00fcleyici manzaras\u0131 e\u015fli\u011finde ger\u00e7ekle\u015fen program, yo\u011fun ilgi g\u00f6rd\u00fc. Tarsus&#8217;un tarihi, k\u00fclt\u00fcrel miras\u0131, edebiyat\u0131 ve zengin mutfa\u011f\u0131 hakk\u0131nda ayr\u0131nt\u0131lar verdi.<\/p>\n<p>TARSUS\u2019UN LEZZETLER\u0130 E\u015eS\u0130Z MANZARADA TANITILDI<\/p>\n<p>Sanat, m\u00fczik ve tarihe dair keyifli bir sohbetin ger\u00e7ekle\u015fti\u011fi programda Yeni T\u00fcrk\u00fc M\u00fczik Grubu ve Cumhuriyet Halk Partisi Grup Ba\u015fkan Vekili Ali Mahir Ba\u015far\u0131r da kat\u0131ld\u0131.  Tarsus\u2019un y\u00f6resel lezzetleri, biberli, Tarsus Kebab\u0131, humus, f\u0131nd\u0131k lahmacun, Tarsus \u015falgam\u0131 ve s\u0131kma gibi lezzetleri tan\u0131t\u0131ld\u0131. Ayn\u0131 zamanda Ba\u015fkan Bolta\u00e7 D\u00fcnya\u2019n\u0131n en \u00f6nemli pazarlar\u0131ndan biri olan ve tek plastiksiz pazar olma \u00f6zelli\u011fi ta\u015f\u0131yan Slow Food Yery\u00fcz\u00fc Pazar\u0131\u2019n\u0131 anlatt\u0131.<\/p>\n<p>\u201cBURASI MUAZZAM B\u0130R G\u00d6RSELE SAH\u0130P\u201d<\/p>\n<p>Tarsus\u2019un g\u00fczelliklerini ve Atat\u00fcrk\u2019\u00fcn Tarsus\u2019a geli\u015fini anlatarak konu\u015fmalar\u0131na ba\u015flayan Tarsus Belediye Ba\u015fkan\u0131 Ali Bolta\u00e7, \u201cBurada sizleri a\u011f\u0131rlamaktan gurur ve mutluluk duyuyorum. Bug\u00fcn Tarsus\u2019un en \u00f6nemli noktalardan biri olan \u015eelale\u2019deyiz. Buras\u0131 muazzam bir g\u00f6rsele sahip. Gazi Mustafa Kemal Atat\u00fcrk Adana\u2019dan Mersin\u2019e ge\u00e7erken bir gece Tarsus\u2019ta konakl\u0131yor. Tarsus\u2019ta hem baraj\u0131m\u0131z hem de Tarsus\u2019un merkezinde park\u0131m\u0131z var. Her iki noktaya da hayran kal\u0131yor ve keyifli anlar ge\u00e7iriyor. Kendisi \u015eelalemize de geliyor.  Atat\u00fcrk\u2019\u00fcn gitti\u011fi her yerde, g\u00f6rd\u00fc\u011f\u00fc her noktada, izledi\u011fi her \u00e7al\u0131\u015fmada bir g\u00fczellik var.\u201d dedi.<\/p>\n<p>\u201cTARSUS PARLAYAN B\u0130R YILDIZ OLMAYI HAK ED\u0130YOR\u201d<\/p>\n<p>Tarsus\u2019un tarihini anlatan Ba\u015fkan Bolta\u00e7 \u201cTarsus 10 bin y\u0131ll\u0131k tarihi olan, Hristiyanlar\u0131n, Musevilerin ve M\u00fcsl\u00fcmanlar\u0131n kutsal sayd\u0131\u011f\u0131 bir toprak. Buras\u0131 bir\u00e7ok medeniyete ba\u015fkentlik yapm\u0131\u015f bir kenttir. Dolay\u0131s\u0131yla Hristiyanlar i\u00e7in Aziz Paul\u2019un, Museviler i\u00e7in Danyal Peygamberin, M\u00fcsl\u00fcmanlar i\u00e7in de Eshab-\u0131 Kehf\u2019in etkisi vard\u0131r. Bu kadim topraklar \u00f6nemli bir noktad\u0131r.  Bu co\u011frafyan\u0131n \u00e7ok geni\u015f bir yeri sit alan\u0131. Tarsus\u2019un \u00fcst\u00fc ne kadar zenginse yeralt\u0131 daha da zengin. Dolay\u0131s\u0131yla Tarsus parlayan bir y\u0131ld\u0131z olmay\u0131 hak ediyor.\u201d \u015feklinde konu\u015ftu.<\/p>\n<p>\u201cZAMANDA YOLCULUK YAPIYORMU\u015e G\u0130B\u0130 H\u0130SSED\u0130YORSUNUZ\u201d<\/p>\n<p>Tarsus\u2019un \u00f6nemli bir kent oldu\u011funun alt\u0131n\u0131 \u00e7izen Ba\u015fkan Bolta\u00e7, \u201cTarsus sokaklar\u0131nda gezdi\u011finizde ger\u00e7ekten tarihi bir kokuyu al\u0131yorsunuz. Sanki zamanda yolculuk yap\u0131yormu\u015f gibi hissediyorsunuz. Dolay\u0131s\u0131yla Tarsus, tar\u0131mda, sanayide ve turizmde \u00f6nemli bir rol alm\u0131\u015ft\u0131r.\u201d diye ifade etti.<\/p>\n<p>\u201cS\u0130PT\u0130LL\u0130 \u00c7AR\u015eIMIZI GASTRONOM\u0130 MERKEZ\u0130NE \u00c7EV\u0130R\u0130YORUZ\u201d<\/p>\n<p>Tarsus\u2019un gastronomi k\u00fclt\u00fcr\u00fcne de\u011finen Ba\u015fkan Bolta\u00e7, \u201cBu kentte lezzet uzun y\u0131llar boyunca damakta kal\u0131yor ve s\u00fcreklilik arz ediyor. Bu durum gastronomi anlam\u0131nda bizim i\u00e7in \u00e7ok \u00f6nemli. Tarsus\u2019a gelenler \u00dcmit Ya\u015far O\u011fuzcan gibi sanat\u0131 en dibine kadar en g\u00fczel \u015fekilde ya\u015fayabiliyor. Gastronomi anlam\u0131nda da \u00e7ok g\u00fczel keyifli bir kente geliyor. Havaliman\u0131 da a\u00e7\u0131ld\u0131. Art\u0131k gelmeniz i\u00e7in bir sebep daha var. Ben T\u00fcrkiye\u2019deki b\u00fct\u00fcn yurtta\u015flar\u0131m\u0131z\u0131 bu g\u00fczel tarihe sahip olan Tarsus\u2019a davet ediyorum. Bizim Siptilli \u00c7ar\u015f\u0131m\u0131z var. O \u00e7ar\u015f\u0131y\u0131 Gastronomi Merkezine \u00e7eviriyoruz. K\u0131sa bir s\u00fcre sonrada a\u00e7\u0131l\u0131\u015f\u0131n\u0131 yapaca\u011f\u0131z. Bu b\u00f6lgeyi trafi\u011fe kapataca\u011f\u0131z.  Hem esnaf\u0131m\u0131z kazanacak hem de canl\u0131l\u0131k getirece\u011fiz. Anal\u0131 K\u0131zl\u0131, \u00f6veleme\u00e7, y\u00fcks\u00fck \u00e7orbas\u0131, sar\u0131msakl\u0131 k\u00f6ftemiz var. Bizde gastronomi \u00e7ok \u00f6nemli bir nokta. 1-2-3 Kas\u0131m\u2019da Tarsus Festivali var. Bu festivale de herkesi davet ediyorum.\u201d \u015feklinde ifade etti.<\/p>\n<p> \u201cTARSUS \u015eELALES\u0130 D\u00dcNYA\u2019NIN EN G\u00dcZEL YERLER\u0130NDEN B\u0130R TANES\u0130\u201d<\/p>\n<p>Tarsus\u2019un \u00f6nemli bir de\u011fer oldu\u011funun alt\u0131n\u0131 \u00e7izen CHP Grup Ba\u015fkan Vekili Ali Mahir Ba\u015far\u0131r  \u201c Tarsus \u015eelalesi D\u00fcnya\u2019n\u0131n en g\u00fczel yerlerinden bir tanesi. Buras\u0131 \u00f6nemli bir de\u011ferimiz. Tarsus inan\u0131lmaz tarih kokan bir \u015fehir.\u201d ifadelerini kulland\u0131.<\/p>\n<p>\u201cHER ZAMAN TARSUS\u2019UN BEN\u0130M G\u00d6Z\u00dcMDE \u00d6ZEL B\u0130R YER\u0130 OLMU\u015eTUR\u201d<\/p>\n<p>Tarsus\u2019un \u00e7ok \u00f6nemli bir yer oldu\u011funu ifade eden Sanat\u00e7\u0131 Derya K\u00f6ro\u011flu, \u201cT\u00fcm Tarsus\u2019u sevgi ve sayg\u0131yla selaml\u0131yoruz. Tarsus\u2019un benim g\u00f6z\u00fcmde her zaman \u00f6zel bir yeri olmu\u015ftur. Tarsuslu arkada\u015flar\u0131m\u0131z ve Tarsus\u2019ta yeti\u015fmi\u015f, e\u011fitim g\u00f6rm\u00fc\u015f ki\u015filerle tan\u0131\u015ft\u0131k\u00e7a hakikaten Tarsus\u2019un de\u011ferinin ne kadar \u00f6nemli oldu\u011funu o zamandan anlam\u0131\u015ft\u0131k.\u201d diye ifade etti.<\/p>\n","protected":false},"excerpt":{"rendered":"<p>Tarsus Belediye Ba\u015fkan\u0131 Ali Bolta\u00e7, Tarsus\u2019un tarihi, sanat\u0131, zengin mutfa\u011f\u0131 ve projeleri hakk\u0131nda bilgiler vermek \u00fczere Tarsus \u015eelalesi\u2019nde canl\u0131 yay\u0131nlanan bir televizyon program\u0131na kat\u0131ld\u0131. Binlerce vatanda\u015f yay\u0131n\u0131 ilgiyle takip etti. &hellip; <a href=\"https:\/\/akdenizolaygazetesi.com\/?p=32420\" class=\"more-link\">Devam\u0131n\u0131 Oku&#8230;<\/a><\/p>\n","protected":false},"author":2,"featured_media":32421,"comment_status":"open","ping_status":"open","sticky":false,"template":"","format":"standard","meta":[],"categories":[1,2,3],"tags":[],"_links":{"self":[{"href":"https:\/\/akdenizolaygazetesi.com\/index.php?rest_route=\/wp\/v2\/posts\/32420"}],"collection":[{"href":"https:\/\/akdenizolaygazetesi.com\/index.php?rest_route=\/wp\/v2\/posts"}],"about":[{"href":"https:\/\/akdenizolaygazetesi.com\/index.php?rest_route=\/wp\/v2\/types\/post"}],"author":[{"embeddable":true,"href":"https:\/\/akdenizolaygazetesi.com\/index.php?rest_route=\/wp\/v2\/users\/2"}],"replies":[{"embeddable":true,"href":"https:\/\/akdenizolaygazetesi.com\/index.php?rest_route=%2Fwp%2Fv2%2Fcomments&post=32420"}],"version-history":[{"count":1,"href":"https:\/\/akdenizolaygazetesi.com\/index.php?rest_route=\/wp\/v2\/posts\/32420\/revisions"}],"predecessor-version":[{"id":32422,"href":"https:\/\/akdenizolaygazetesi.com\/index.php?rest_route=\/wp\/v2\/posts\/32420\/revisions\/32422"}],"wp:featuredmedia":[{"embeddable":true,"href":"https:\/\/akdenizolaygazetesi.com\/index.php?rest_route=\/wp\/v2\/media\/32421"}],"wp:attachment":[{"href":"https:\/\/akdenizolaygazetesi.com\/index.php?rest_route=%2Fwp%2Fv2%2Fmedia&parent=32420"}],"wp:term":[{"taxonomy":"category","embeddable":true,"href":"https:\/\/akdenizolaygazetesi.com\/index.php?rest_route=%2Fwp%2Fv2%2Fcategories&post=32420"},{"taxonomy":"post_tag","embeddable":true,"href":"https:\/\/akdenizolaygazetesi.com\/index.php?rest_route=%2Fwp%2Fv2%2Ftags&post=32420"}],"curies":[{"name":"wp","href":"https:\/\/api.w.org\/{rel}","templated":true}]}}