{"id":32426,"date":"2024-10-14T16:15:20","date_gmt":"2024-10-14T13:15:20","guid":{"rendered":"http:\/\/akdenizolaygazetesi.com\/?p=32426"},"modified":"2024-10-14T16:15:20","modified_gmt":"2024-10-14T13:15:20","slug":"il-baskani-taner-isikbay-vergiler-vatandaslari-magdur-ediyor","status":"publish","type":"post","link":"https:\/\/akdenizolaygazetesi.com\/?p=32426","title":{"rendered":"\u0130l Ba\u015fkan\u0131 Taner I\u015f\u0131kbay: &#8220;Vergiler Vatanda\u015flar\u0131 Ma\u011fdur Ediyor!&#8221;"},"content":{"rendered":"<p>\u0130l Ba\u015fkan\u0131 Taner I\u015f\u0131kbay: &#8220;Vergiler Vatanda\u015flar\u0131 Ma\u011fdur Ediyor!&#8221;<\/p>\n<p>Demokrasi ve At\u0131l\u0131m Partisi (DEVA) Mersin \u0130l Ba\u015fkan\u0131 Taner I\u015f\u0131kbay, h\u00fck\u00fcmetin ald\u0131\u011f\u0131 y\u00fcksek vergilerle vatanda\u015flar\u0131 zor duruma soktu\u011funu belirtti. Son y\u0131llarda artan vergi y\u00fcklerinin \u00f6zellikle dar gelirli vatanda\u015flar \u00fczerinde b\u00fcy\u00fck bask\u0131 olu\u015fturdu\u011funu ifade eden I\u015f\u0131kbay, &#8220;\u0130\u00e7imiz d\u0131\u015f\u0131m\u0131z vergi oldu, yetti mi? Hay\u0131r!&#8221; dedi.<\/p>\n<p>&#8220;Vergi Y\u00fck\u00fc Her Ge\u00e7en G\u00fcn Art\u0131yor&#8221;<\/p>\n<p>I\u015f\u0131kbay, gayrimenkul al\u0131m sat\u0131m i\u015flemlerinden noter hizmetlerine kadar pek \u00e7ok alanda yeni vergilerin getirilmesinin kabul edilemez oldu\u011funu dile getirdi. Al\u0131c\u0131 ve sat\u0131c\u0131dan ayr\u0131 ayr\u0131 al\u0131nan 750 TL&#8217;lik vergi, tapuda yap\u0131lan di\u011fer i\u015flemlerden al\u0131nan 375 TL&#8217;lik vergi ve s\u0131f\u0131r ara\u00e7 tescilinde noterlerde 3.000 TL&#8217;lik verginin vatanda\u015f\u0131n belini b\u00fckt\u00fc\u011f\u00fcn\u00fc vurgulayan I\u015f\u0131kbay, &#8220;\u00d6TV ve KDV yetmiyormu\u015f gibi her alanda yeni vergilerle kar\u015f\u0131la\u015f\u0131yoruz&#8221; dedi.<\/p>\n<p>&#8220;\u0130\u015fin Ucu Savunma Sanayii&#8217;ne Kredi Kart\u0131yla Katk\u0131ya Kadar Vard\u0131&#8221;<\/p>\n<p>Taner I\u015f\u0131kbay, alt limiti 100.000 TL ve \u00fczeri olan kredi kartlar\u0131 i\u00e7in y\u0131ll\u0131k 750 TL savunma sanayiine katk\u0131 pay\u0131 al\u0131nmas\u0131n\u0131 da ele\u015ftirerek, &#8220;Vergilerin nereye gitti\u011fi art\u0131k belirsizle\u015fti. Savunma sanayiine katk\u0131 ad\u0131 alt\u0131nda vatanda\u015ftan s\u00fcrekli yeni har\u00e7lar al\u0131n\u0131yor. Vergi adaleti kayboldu, bu durum s\u00fcrd\u00fcr\u00fclebilir de\u011fil&#8221; diye konu\u015ftu.<\/p>\n<p>&#8220;Dronlar ve Kol Saatleri Bile Vergilendirildi&#8221;<\/p>\n<p>Vergilerin her ge\u00e7en g\u00fcn daha da geni\u015fledi\u011fini belirten I\u015f\u0131kbay, h\u00fck\u00fcmetin dronlar ve \u00d6TV matrah\u0131 5 bin TL \u00fczerindeki kol saatlerini bile vergi kapsam\u0131na ald\u0131\u011f\u0131n\u0131 ifade etti. &#8220;Vatanda\u015f art\u0131k en temel ihtiya\u00e7lar\u0131n\u0131 bile kar\u015f\u0131layamaz hale geldi. Dronlar ve saatler bile bu vergi furyas\u0131ndan nasibini ald\u0131&#8221; dedi.<\/p>\n<p>&#8220;Vatanda\u015f\u0131n Cebinde Ne Varsa Al\u0131yorlar&#8221;<\/p>\n<p>Taner I\u015f\u0131kbay, h\u00fck\u00fcmetin vatanda\u015f\u0131n s\u0131rt\u0131ndaki vergi y\u00fck\u00fcn\u00fc hafifletmek yerine s\u00fcrekli yeni vergiler getirdi\u011fini, bunun da halk\u0131n ya\u015fam kalitesini d\u00fc\u015f\u00fcrd\u00fc\u011f\u00fcn\u00fc vurgulad\u0131. &#8220;H\u00fck\u00fcmet, vatanda\u015f\u0131n cebinde ne varsa almaya \u00e7al\u0131\u015f\u0131yor. Bu kadar a\u011f\u0131r vergi y\u00fck\u00fcyle \u00fclkenin gelece\u011fi in\u015fa edilemez. Vatanda\u015flar\u0131m\u0131z peri\u015fan, art\u0131k bu haks\u0131z vergi d\u00fczenine son verilmeli&#8221; diyerek a\u00e7\u0131klamalar\u0131n\u0131 tamamlad\u0131.<\/p>\n<p>DEVA Partisi olarak vatanda\u015fa y\u00fck getiren bu vergi politikalar\u0131na kar\u015f\u0131 \u00e7\u0131kmaya devam edeceklerini belirten I\u015f\u0131kbay, ekonomik adaletin sa\u011flanmas\u0131 i\u00e7in gerekli ad\u0131mlar\u0131n at\u0131lmas\u0131 gerekti\u011fini vurgulad\u0131.<\/p>\n","protected":false},"excerpt":{"rendered":"<p>\u0130l Ba\u015fkan\u0131 Taner I\u015f\u0131kbay: &#8220;Vergiler Vatanda\u015flar\u0131 Ma\u011fdur Ediyor!&#8221; Demokrasi ve At\u0131l\u0131m Partisi (DEVA) Mersin \u0130l Ba\u015fkan\u0131 Taner I\u015f\u0131kbay, h\u00fck\u00fcmetin ald\u0131\u011f\u0131 y\u00fcksek vergilerle vatanda\u015flar\u0131 zor duruma soktu\u011funu belirtti. Son y\u0131llarda artan &hellip; <a href=\"https:\/\/akdenizolaygazetesi.com\/?p=32426\" class=\"more-link\">Devam\u0131n\u0131 Oku&#8230;<\/a><\/p>\n","protected":false},"author":2,"featured_media":32427,"comment_status":"open","ping_status":"open","sticky":false,"template":"","format":"standard","meta":[],"categories":[1,2,3],"tags":[],"_links":{"self":[{"href":"https:\/\/akdenizolaygazetesi.com\/index.php?rest_route=\/wp\/v2\/posts\/32426"}],"collection":[{"href":"https:\/\/akdenizolaygazetesi.com\/index.php?rest_route=\/wp\/v2\/posts"}],"about":[{"href":"https:\/\/akdenizolaygazetesi.com\/index.php?rest_route=\/wp\/v2\/types\/post"}],"author":[{"embeddable":true,"href":"https:\/\/akdenizolaygazetesi.com\/index.php?rest_route=\/wp\/v2\/users\/2"}],"replies":[{"embeddable":true,"href":"https:\/\/akdenizolaygazetesi.com\/index.php?rest_route=%2Fwp%2Fv2%2Fcomments&post=32426"}],"version-history":[{"count":1,"href":"https:\/\/akdenizolaygazetesi.com\/index.php?rest_route=\/wp\/v2\/posts\/32426\/revisions"}],"predecessor-version":[{"id":32428,"href":"https:\/\/akdenizolaygazetesi.com\/index.php?rest_route=\/wp\/v2\/posts\/32426\/revisions\/32428"}],"wp:featuredmedia":[{"embeddable":true,"href":"https:\/\/akdenizolaygazetesi.com\/index.php?rest_route=\/wp\/v2\/media\/32427"}],"wp:attachment":[{"href":"https:\/\/akdenizolaygazetesi.com\/index.php?rest_route=%2Fwp%2Fv2%2Fmedia&parent=32426"}],"wp:term":[{"taxonomy":"category","embeddable":true,"href":"https:\/\/akdenizolaygazetesi.com\/index.php?rest_route=%2Fwp%2Fv2%2Fcategories&post=32426"},{"taxonomy":"post_tag","embeddable":true,"href":"https:\/\/akdenizolaygazetesi.com\/index.php?rest_route=%2Fwp%2Fv2%2Ftags&post=32426"}],"curies":[{"name":"wp","href":"https:\/\/api.w.org\/{rel}","templated":true}]}}